{"id":11656,"date":"2019-11-27T13:19:02","date_gmt":"2019-11-27T16:19:02","guid":{"rendered":"https:\/\/www.atecordoba.org\/?p=11656"},"modified":"2020-05-05T09:18:10","modified_gmt":"2020-05-05T12:18:10","slug":"ayer-se-realizo-la-muestra-paredes-que-hablan-en-la-seccional-ate-rio-cuarto","status":"publish","type":"post","link":"https:\/\/atecordoba.org\/?p=11656","title":{"rendered":"Ayer se realiz\u00f3  la muestra &#8220;Paredes que hablan&#8221; en la seccional ATE R\u00edo Cuarto"},"content":{"rendered":"\n<p><em>La actividad est\u00e1 producida y realizada por la Defensor\u00eda del Pueblo y el Colectivo Mujeres con Voz del \u00c1rea de G\u00e9nero del Cispren, y presenta los relatos en primera persona de ocho mujeres de la ciudad y la regi\u00f3n que fueron asesinadas<\/em>. <\/p>\n\n\n\n<figure class=\"wp-block-image size-large\"><img decoding=\"async\" src=\"http:\/\/atecordoba.org\/wp-content\/uploads\/2020\/05\/WhatsApp-Image-2019-11-27-at-11.59.44-1-1024x766.jpg\" alt=\"\" class=\"wp-image-11657\"\/><figcaption>Lanzamiento de la muestra en la sede de ATE R\u00edo Cuarto.<\/figcaption><\/figure>\n\n\n\n<p>La muestra funcionar\u00e1 toda la semana en la sede de la seccional ATE R\u00edo Cuarto (San Mart\u00edn 374).<br>Gabriela Alcoba, Pro Secretaria Administrativa del CDP C\u00f3rdoba de ATE, y Julia Giuliani, Secretaria de Prensa y Comunicaci\u00f3n del CDP, comentaron el rol fundamental que tiene que tener nuestro sindicato en las cuestiones referidas a g\u00e9nero, pol\u00edticas y rol activo para acompa\u00f1ar a nuestras compa\u00f1eras.<\/p>\n\n\n\n<p>La exposici\u00f3n virtual consta de cuatro paneles en los que se pueden escuchar ocho audios. Con la voz de periodistas y allegados a las v\u00edctimas, se recrean, en primera persona, las historias de ocho de los femicidios registrados en el sur provincial en los \u00faltimos a\u00f1os.\u00a0\u00a0 <\/p>\n\n\n\n<figure class=\"wp-block-gallery columns-3 is-cropped wp-block-gallery-1 is-layout-flex wp-block-gallery-is-layout-flex\"><ul class=\"blocks-gallery-grid\"><li class=\"blocks-gallery-item\"><figure><img decoding=\"async\" src=\"http:\/\/atecordoba.org\/wp-content\/uploads\/2020\/05\/WhatsApp-Image-2019-11-27-at-11.59.43-1024x682.jpg\" alt=\"\" data-id=\"11658\" data-full-url=\"https:\/\/www.atecordoba.org\/wp-content\/uploads\/2019\/11\/WhatsApp-Image-2019-11-27-at-11.59.43.jpeg\" data-link=\"https:\/\/www.atecordoba.org\/?attachment_id=11658\" class=\"wp-image-11658\"\/><\/figure><\/li><li class=\"blocks-gallery-item\"><figure><img decoding=\"async\" src=\"http:\/\/atecordoba.org\/wp-content\/uploads\/2020\/05\/WhatsApp-Image-2019-11-27-at-11.59.44-1024x682.jpg\" alt=\"\" data-id=\"11659\" data-full-url=\"https:\/\/www.atecordoba.org\/wp-content\/uploads\/2019\/11\/WhatsApp-Image-2019-11-27-at-11.59.44.jpeg\" data-link=\"https:\/\/www.atecordoba.org\/?attachment_id=11659\" class=\"wp-image-11659\"\/><\/figure><\/li><li class=\"blocks-gallery-item\"><figure><img decoding=\"async\" src=\"http:\/\/atecordoba.org\/wp-content\/uploads\/2020\/05\/WhatsApp-Image-2019-11-27-at-11.59.45-1-1024x683.jpg\" alt=\"\" data-id=\"11660\" data-full-url=\"https:\/\/www.atecordoba.org\/wp-content\/uploads\/2019\/11\/WhatsApp-Image-2019-11-27-at-11.59.45-1.jpeg\" data-link=\"https:\/\/www.atecordoba.org\/?attachment_id=11660\" class=\"wp-image-11660\"\/><\/figure><\/li><li class=\"blocks-gallery-item\"><figure><img decoding=\"async\" src=\"http:\/\/atecordoba.org\/wp-content\/uploads\/2020\/05\/WhatsApp-Image-2019-11-27-at-11.59.45-1024x682.jpg\" alt=\"\" data-id=\"11661\" data-full-url=\"https:\/\/www.atecordoba.org\/wp-content\/uploads\/2019\/11\/WhatsApp-Image-2019-11-27-at-11.59.45.jpeg\" data-link=\"https:\/\/www.atecordoba.org\/?attachment_id=11661\" class=\"wp-image-11661\"\/><\/figure><\/li><li class=\"blocks-gallery-item\"><figure><img decoding=\"async\" src=\"http:\/\/atecordoba.org\/wp-content\/uploads\/2020\/05\/WhatsApp-Image-2019-11-27-at-11.59.46-1024x683.jpg\" alt=\"\" data-id=\"11662\" data-full-url=\"https:\/\/www.atecordoba.org\/wp-content\/uploads\/2019\/11\/WhatsApp-Image-2019-11-27-at-11.59.46.jpeg\" data-link=\"https:\/\/www.atecordoba.org\/?attachment_id=11662\" class=\"wp-image-11662\"\/><\/figure><\/li><li class=\"blocks-gallery-item\"><figure><img decoding=\"async\" src=\"http:\/\/atecordoba.org\/wp-content\/uploads\/2020\/05\/WhatsApp-Image-2019-11-27-at-11.59.47-1024x683.jpg\" alt=\"\" data-id=\"11663\" data-full-url=\"https:\/\/www.atecordoba.org\/wp-content\/uploads\/2019\/11\/WhatsApp-Image-2019-11-27-at-11.59.47.jpeg\" data-link=\"https:\/\/www.atecordoba.org\/?attachment_id=11663\" class=\"wp-image-11663\"\/><\/figure><\/li><li class=\"blocks-gallery-item\"><figure><img decoding=\"async\" src=\"http:\/\/atecordoba.org\/wp-content\/uploads\/2020\/05\/WhatsApp-Image-2019-11-27-at-11.59.48-1024x683.jpg\" alt=\"\" data-id=\"11664\" data-full-url=\"https:\/\/www.atecordoba.org\/wp-content\/uploads\/2019\/11\/WhatsApp-Image-2019-11-27-at-11.59.48.jpeg\" data-link=\"https:\/\/www.atecordoba.org\/?attachment_id=11664\" class=\"wp-image-11664\"\/><\/figure><\/li><li class=\"blocks-gallery-item\"><figure><img decoding=\"async\" src=\"http:\/\/atecordoba.org\/wp-content\/uploads\/2020\/05\/WhatsApp-Image-2019-11-27-at-11.59.49-1024x683.jpg\" alt=\"\" data-id=\"11665\" data-full-url=\"https:\/\/www.atecordoba.org\/wp-content\/uploads\/2019\/11\/WhatsApp-Image-2019-11-27-at-11.59.49.jpeg\" data-link=\"https:\/\/www.atecordoba.org\/?attachment_id=11665\" class=\"wp-image-11665\"\/><\/figure><\/li><li class=\"blocks-gallery-item\"><figure><img decoding=\"async\" src=\"http:\/\/atecordoba.org\/wp-content\/uploads\/2020\/05\/WhatsApp-Image-2019-11-27-at-11.59.51-1-1024x683.jpg\" alt=\"\" data-id=\"11666\" data-full-url=\"https:\/\/www.atecordoba.org\/wp-content\/uploads\/2019\/11\/WhatsApp-Image-2019-11-27-at-11.59.51-1.jpeg\" data-link=\"https:\/\/www.atecordoba.org\/?attachment_id=11666\" class=\"wp-image-11666\"\/><\/figure><\/li><li class=\"blocks-gallery-item\"><figure><img decoding=\"async\" src=\"http:\/\/atecordoba.org\/wp-content\/uploads\/2020\/05\/WhatsApp-Image-2019-11-27-at-11.59.51-1024x683.jpg\" alt=\"\" data-id=\"11667\" data-full-url=\"https:\/\/www.atecordoba.org\/wp-content\/uploads\/2019\/11\/WhatsApp-Image-2019-11-27-at-11.59.51.jpeg\" data-link=\"https:\/\/www.atecordoba.org\/?attachment_id=11667\" class=\"wp-image-11667\"\/><\/figure><\/li><li class=\"blocks-gallery-item\"><figure><img decoding=\"async\" src=\"http:\/\/atecordoba.org\/wp-content\/uploads\/2020\/05\/WhatsApp-Image-2019-11-27-at-11.59.52-1-1024x683.jpg\" alt=\"\" data-id=\"11668\" data-full-url=\"https:\/\/www.atecordoba.org\/wp-content\/uploads\/2019\/11\/WhatsApp-Image-2019-11-27-at-11.59.52-1.jpeg\" data-link=\"https:\/\/www.atecordoba.org\/?attachment_id=11668\" class=\"wp-image-11668\"\/><\/figure><\/li><li class=\"blocks-gallery-item\"><figure><img decoding=\"async\" src=\"http:\/\/atecordoba.org\/wp-content\/uploads\/2020\/05\/WhatsApp-Image-2019-11-27-at-11.59.52-2-1024x683.jpg\" alt=\"\" data-id=\"11669\" data-full-url=\"https:\/\/www.atecordoba.org\/wp-content\/uploads\/2019\/11\/WhatsApp-Image-2019-11-27-at-11.59.52-2.jpeg\" data-link=\"https:\/\/www.atecordoba.org\/?attachment_id=11669\" class=\"wp-image-11669\"\/><\/figure><\/li><li class=\"blocks-gallery-item\"><figure><img decoding=\"async\" src=\"http:\/\/atecordoba.org\/wp-content\/uploads\/2020\/05\/WhatsApp-Image-2019-11-27-at-11.59.52-1024x683.jpg\" alt=\"\" data-id=\"11670\" data-full-url=\"https:\/\/www.atecordoba.org\/wp-content\/uploads\/2019\/11\/WhatsApp-Image-2019-11-27-at-11.59.52.jpeg\" data-link=\"https:\/\/www.atecordoba.org\/?attachment_id=11670\" class=\"wp-image-11670\"\/><\/figure><\/li><li class=\"blocks-gallery-item\"><figure><img decoding=\"async\" src=\"http:\/\/atecordoba.org\/wp-content\/uploads\/2020\/05\/WhatsApp-Image-2019-11-27-at-11.59.53-1-1024x768.jpg\" alt=\"\" data-id=\"11671\" data-full-url=\"https:\/\/www.atecordoba.org\/wp-content\/uploads\/2019\/11\/WhatsApp-Image-2019-11-27-at-11.59.53-1.jpeg\" data-link=\"https:\/\/www.atecordoba.org\/?attachment_id=11671\" class=\"wp-image-11671\"\/><\/figure><\/li><li class=\"blocks-gallery-item\"><figure><img decoding=\"async\" src=\"http:\/\/atecordoba.org\/wp-content\/uploads\/2020\/05\/WhatsApp-Image-2019-11-27-at-11.59.53-2-1024x768.jpg\" alt=\"\" data-id=\"11672\" data-full-url=\"https:\/\/www.atecordoba.org\/wp-content\/uploads\/2019\/11\/WhatsApp-Image-2019-11-27-at-11.59.53-2.jpeg\" data-link=\"https:\/\/www.atecordoba.org\/?attachment_id=11672\" class=\"wp-image-11672\"\/><\/figure><\/li><li class=\"blocks-gallery-item\"><figure><img decoding=\"async\" src=\"http:\/\/atecordoba.org\/wp-content\/uploads\/2020\/05\/WhatsApp-Image-2019-11-27-at-11.59.53-1024x683.jpg\" alt=\"\" data-id=\"11673\" data-full-url=\"https:\/\/www.atecordoba.org\/wp-content\/uploads\/2019\/11\/WhatsApp-Image-2019-11-27-at-11.59.53.jpeg\" data-link=\"https:\/\/www.atecordoba.org\/?attachment_id=11673\" class=\"wp-image-11673\"\/><\/figure><\/li><\/ul><\/figure>\n","protected":false},"excerpt":{"rendered":"<p>La actividad est\u00e1 producida y realizada por la Defensor\u00eda del Pueblo y el Colectivo Mujeres con Voz del \u00c1rea de G\u00e9nero del Cispren, y presenta los relatos en primera persona de ocho mujeres de la ciudad y la regi\u00f3n que fueron asesinadas. La muestra funcionar\u00e1 toda la semana en la sede de la seccional ATE [&hellip;]<\/p>\n","protected":false},"author":1,"featured_media":19220,"comment_status":"open","ping_status":"open","sticky":false,"template":"","format":"standard","meta":{"_exactmetrics_skip_tracking":false,"_exactmetrics_sitenote_active":false,"_exactmetrics_sitenote_note":"","_exactmetrics_sitenote_category":0,"jnews-multi-image_gallery":[],"jnews_single_post":[],"jnews_primary_category":[],"jnews_social_meta":[],"jnews_review":[],"enable_review":"","type":"","name":"","summary":"","brand":"","sku":"","good":[],"bad":[],"score_override":"","override_value":"","rating":[],"price":[],"jnews_override_counter":[],"jnews_post_split":[],"footnotes":""},"categories":[1],"tags":[],"class_list":["post-11656","post","type-post","status-publish","format-standard","has-post-thumbnail","hentry","category-sin-categoria"],"jetpack_featured_media_url":"https:\/\/atecordoba.org\/wp-content\/uploads\/2020\/05\/logo-nuevochico-e1561581322808.png","_links":{"self":[{"href":"https:\/\/atecordoba.org\/index.php?rest_route=\/wp\/v2\/posts\/11656","targetHints":{"allow":["GET"]}}],"collection":[{"href":"https:\/\/atecordoba.org\/index.php?rest_route=\/wp\/v2\/posts"}],"about":[{"href":"https:\/\/atecordoba.org\/index.php?rest_route=\/wp\/v2\/types\/post"}],"author":[{"embeddable":true,"href":"https:\/\/atecordoba.org\/index.php?rest_route=\/wp\/v2\/users\/1"}],"replies":[{"embeddable":true,"href":"https:\/\/atecordoba.org\/index.php?rest_route=%2Fwp%2Fv2%2Fcomments&post=11656"}],"version-history":[{"count":1,"href":"https:\/\/atecordoba.org\/index.php?rest_route=\/wp\/v2\/posts\/11656\/revisions"}],"predecessor-version":[{"id":19044,"href":"https:\/\/atecordoba.org\/index.php?rest_route=\/wp\/v2\/posts\/11656\/revisions\/19044"}],"wp:featuredmedia":[{"embeddable":true,"href":"https:\/\/atecordoba.org\/index.php?rest_route=\/wp\/v2\/media\/19220"}],"wp:attachment":[{"href":"https:\/\/atecordoba.org\/index.php?rest_route=%2Fwp%2Fv2%2Fmedia&parent=11656"}],"wp:term":[{"taxonomy":"category","embeddable":true,"href":"https:\/\/atecordoba.org\/index.php?rest_route=%2Fwp%2Fv2%2Fcategories&post=11656"},{"taxonomy":"post_tag","embeddable":true,"href":"https:\/\/atecordoba.org\/index.php?rest_route=%2Fwp%2Fv2%2Ftags&post=11656"}],"curies":[{"name":"wp","href":"https:\/\/api.w.org\/{rel}","templated":true}]}}