{"id":11653,"date":"2019-11-26T13:00:26","date_gmt":"2019-11-26T16:00:26","guid":{"rendered":"https:\/\/www.atecordoba.org\/?p=11653"},"modified":"2020-05-05T09:18:36","modified_gmt":"2020-05-05T12:18:36","slug":"ate-rechaza-las-migajas-que-ofrece-el-gobierno-provincial-y-repudia-a-quienes-acuerdan","status":"publish","type":"post","link":"https:\/\/atecordoba.org\/?p=11653","title":{"rendered":"ATE rechaza las migajas que ofrece el Gobierno Provincial y repudia a quienes acuerdan"},"content":{"rendered":"\n<figure class=\"wp-block-image size-large\"><img decoding=\"async\" src=\"http:\/\/atecordoba.org\/wp-content\/uploads\/2020\/05\/76682371_1445703082249262_8838680229992988672_o-1024x981.jpg\" alt=\"\" class=\"wp-image-11654\"\/><\/figure>\n\n\n\n<p>La Asociaci\u00f3n Trabajadores del Estado (ATE-CTA) C\u00f3rdoba ratifica su  rechazo al m\u00edsero incremento salarial propuesto por el Gobierno  Provincial, repudia la renovada claudicaci\u00f3n de quienes las aceptan y  convoca a la unidad de los que luchan para alcanzar  salarios dignos que est\u00e9n por encima de la Canasta B\u00e1sica para que no  haya ning\u00fan trabajador ni trabajadora por debajo de la l\u00ednea de la  pobreza.\u00a0<br> Una vez m\u00e1s los trabajadores estatales cordobeses quedamos rehenes  del acuerdo entre el Gobernador Juan Schiaretti y los secretarios  generales de sindicatos que aceptaron la ca\u00edda de la cl\u00e1usula gatillo y  una recomposici\u00f3n salarial del 4% para noviembre  y enero, m\u00e1s sumas fijas que dejan la grilla salarial de los y las  estatales totalmente atrasada respecto a la inflaci\u00f3n que pulveriza los  ingresos.<br> Si el Gobierno cree que tiene garantizado un verano sin conflicto  social por haber arreglado una pauta salarial a la baja le avisamos que  se equivoca. S\u00f3lo habr\u00e1 paz social si hay Justicia Social. Y esto  implica salarios dignos, el fin de la precarizaci\u00f3n  laboral y el cese de la discriminaci\u00f3n \u00a0para con las organizaciones  sindicales que, como ATE, nos mantenemos aut\u00f3nomas de los gobiernos y  los partidos.<br><br><\/p>\n","protected":false},"excerpt":{"rendered":"<p>La Asociaci\u00f3n Trabajadores del Estado (ATE-CTA) C\u00f3rdoba ratifica su rechazo al m\u00edsero incremento salarial propuesto por el Gobierno Provincial, repudia la renovada claudicaci\u00f3n de quienes las aceptan y convoca a la unidad de los que luchan para alcanzar salarios dignos que est\u00e9n por encima de la Canasta B\u00e1sica para que no haya ning\u00fan trabajador ni [&hellip;]<\/p>\n","protected":false},"author":1,"featured_media":19045,"comment_status":"open","ping_status":"open","sticky":false,"template":"","format":"standard","meta":{"_exactmetrics_skip_tracking":false,"_exactmetrics_sitenote_active":false,"_exactmetrics_sitenote_note":"","_exactmetrics_sitenote_category":0,"jnews-multi-image_gallery":[],"jnews_single_post":[],"jnews_primary_category":[],"jnews_social_meta":[],"jnews_review":[],"enable_review":"","type":"","name":"","summary":"","brand":"","sku":"","good":[],"bad":[],"score_override":"","override_value":"","rating":[],"price":[],"jnews_override_counter":[],"jnews_post_split":[],"footnotes":""},"categories":[1],"tags":[],"class_list":["post-11653","post","type-post","status-publish","format-standard","has-post-thumbnail","hentry","category-sin-categoria"],"jetpack_featured_media_url":"https:\/\/atecordoba.org\/wp-content\/uploads\/2020\/05\/76682371_1445703082249262_8838680229992988672_o-1024x981.jpg","_links":{"self":[{"href":"https:\/\/atecordoba.org\/index.php?rest_route=\/wp\/v2\/posts\/11653","targetHints":{"allow":["GET"]}}],"collection":[{"href":"https:\/\/atecordoba.org\/index.php?rest_route=\/wp\/v2\/posts"}],"about":[{"href":"https:\/\/atecordoba.org\/index.php?rest_route=\/wp\/v2\/types\/post"}],"author":[{"embeddable":true,"href":"https:\/\/atecordoba.org\/index.php?rest_route=\/wp\/v2\/users\/1"}],"replies":[{"embeddable":true,"href":"https:\/\/atecordoba.org\/index.php?rest_route=%2Fwp%2Fv2%2Fcomments&post=11653"}],"version-history":[{"count":1,"href":"https:\/\/atecordoba.org\/index.php?rest_route=\/wp\/v2\/posts\/11653\/revisions"}],"predecessor-version":[{"id":19046,"href":"https:\/\/atecordoba.org\/index.php?rest_route=\/wp\/v2\/posts\/11653\/revisions\/19046"}],"wp:featuredmedia":[{"embeddable":true,"href":"https:\/\/atecordoba.org\/index.php?rest_route=\/wp\/v2\/media\/19045"}],"wp:attachment":[{"href":"https:\/\/atecordoba.org\/index.php?rest_route=%2Fwp%2Fv2%2Fmedia&parent=11653"}],"wp:term":[{"taxonomy":"category","embeddable":true,"href":"https:\/\/atecordoba.org\/index.php?rest_route=%2Fwp%2Fv2%2Fcategories&post=11653"},{"taxonomy":"post_tag","embeddable":true,"href":"https:\/\/atecordoba.org\/index.php?rest_route=%2Fwp%2Fv2%2Ftags&post=11653"}],"curies":[{"name":"wp","href":"https:\/\/api.w.org\/{rel}","templated":true}]}}