{"id":11640,"date":"2019-11-22T13:45:03","date_gmt":"2019-11-22T16:45:03","guid":{"rendered":"https:\/\/www.atecordoba.org\/?p=11640"},"modified":"2020-05-05T09:18:40","modified_gmt":"2020-05-05T12:18:40","slug":"daniel-arroyo-visito-la-cta-autonoma","status":"publish","type":"post","link":"https:\/\/atecordoba.org\/?p=11640","title":{"rendered":"Daniel Arroyo visit\u00f3 la CTA Aut\u00f3noma"},"content":{"rendered":"\n<p><em>El futuro Ministro de Desarrollo Social de la Naci\u00f3n visit\u00f3 la Central para presentar sus proyectos y recibi\u00f3 propuestas de la conducci\u00f3n. <\/em><\/p>\n\n\n\n<figure class=\"wp-block-image\"><img decoding=\"async\" src=\"http:\/\/atecordoba.org\/wp-content\/uploads\/2020\/05\/arroyo-en-cta.jpg\" alt=\"\" class=\"wp-image-11641\"\/><\/figure>\n\n\n\n<p>El actual Diputado por la Provincia de Buenos Aires sostuvo este jueves una reuni\u00f3n con la conducci\u00f3n nacional de la Central Aut\u00f3noma y un gran n\u00famero de referentes de algunas de sus organizaciones. Arroyo expuso a grandes rasgos sobre la pol\u00edtica que viene elaborando para el \u00e1rea y en particular sobre la lucha contra el hambre, a la vez que se mostr\u00f3 interesado en conocer las propuestas de la central.<\/p>\n\n\n\n<p>El encuentro tuvo lugar en la sede nacional de la CTA-A -Per\u00f3n 3866, CABA- y cont\u00f3 con la presencia de la conducci\u00f3n nacional, provincia de Buenos Aires y Capital, adem\u00e1s de un n\u00famero importante de dirigentes de las organizaciones sociales y sindicales de la Central.<\/p>\n\n\n\n<p>Ricardo Peidro, Secretario General de la CTA-A, dio la bienvenida a Arroyo: \u201cEstamos felices de recibirte en nuestra casa y celebramos que est\u00e9s ac\u00e1 porque creemos que somos parte de la victoria sobre el neoliberalismo y queremos ser parte de la reconstrucci\u00f3n de nuestra Patria\u201d. Peidro tambi\u00e9n record\u00f3 que la lucha contra el hambre fue una de las banderas de la Central y remarc\u00f3 que la resistencia que sostuvo junto a las organizaciones del pueblo hizo posible este nuevo tiempo de esperanza.<\/p>\n\n\n\n<figure class=\"wp-block-image\"><img decoding=\"async\" src=\"http:\/\/atecordoba.org\/wp-content\/uploads\/2020\/05\/arroyo-en-cta2.jpg\" alt=\"\" class=\"wp-image-11642\"\/><\/figure>\n\n\n\n<p>Hugo \u2018Cachorro\u2019 Godoy, Secretario Adjunto de la Central y Secretario General de ATE, tambi\u00e9n agradeci\u00f3 la presencia de Arroyo en el momento pol\u00edtico coyuntural en el que se est\u00e1n sentando las bases de la Argentina que se desarrollar\u00e1 a partir del cambio de Gobierno, y que diera lugar a las propuestas que tiene la Central para salir de la actual situaci\u00f3n pol\u00edtica, social y econ\u00f3mica. En este sentido, le pidi\u00f3 que hiciera llegar al Presidente electo Alberto Fern\u00e1ndez la invitaci\u00f3n al Congreso Nacional Extraordinario de la CTA Aut\u00f3noma que ser\u00e1 el pr\u00f3ximo 2 de diciembre.<\/p>\n\n\n\n<p>Claudia Baigorria, Secretaria Adjunta de la Central y de CONADUH, hizo un breve recuento de la participaci\u00f3n de su sector en el desarrollo de pol\u00edticas sociales y plante\u00f3 la necesidad de que en las pol\u00edticas p\u00fablicas que desarrolle el Ministerio se tenga perspectiva de g\u00e9nero, dado que \u201cmuchas compa\u00f1eras que trabajan en el territorio padecen violencia y abusos\u201d, y destac\u00f3 la construcci\u00f3n del \u201cProtocolo para prevenir, detectar e intervenir en situaciones de violencia y acoso de g\u00e9nero realizado en la CTA-A\u201d.<\/p>\n\n\n\n<p>A su turno Omar Giuliani, titular de la FeNaT, destac\u00f3: \u201cLa lucha contra el hambre requiere un di\u00e1logo con las organizaciones. Este proceso abri\u00f3 esperanza y queremos poner todo nuestro esfuerzo y trabajo para salir de esta cat\u00e1strofe\u201d. Giuliani adem\u00e1s celebr\u00f3: \u201cCoincidimos con que los pibes no nacen chorros y acordamos plenamente con que la c\u00e1rcel no es un lugar para la ni\u00f1ez\u201d.<\/p>\n\n\n\n<p>Por su parte, Arroyo salud\u00f3 uno a uno a los compa\u00f1eros y compa\u00f1eras presentes, y luego transmiti\u00f3 el saludo de Alberto Fern\u00e1ndez. Se mostr\u00f3 complacido de estar en la sede nacional de la CTA Aut\u00f3noma: \u201cCompartimos el diagn\u00f3stico de lo que ha sido el Gobierno de Macri\u201d. \u201cAc\u00e1 se quebr\u00f3 la estructura social, no fueron errores. El compromiso de Alberto es que en Argentina no puede haber hambre. Creo que el hambre es un crimen y que ning\u00fan pibe nace chorro y los movimientos sociales son parte de la soluci\u00f3n\u201d, asegur\u00f3. Luego dio detalles del programa \u2018Argentina contra el hambre\u2019 y remarc\u00f3 la importancia de que la Central sea parte, junto a otras organizaciones de la sociedad. Los puntos centrales de esta pol\u00edtica social del Estado ser\u00e1n dejar de caer, que suba el consumo de alimentos y que estos sean accesibles, seg\u00fan manifest\u00f3 Arroyo, quien agreg\u00f3: \u201cVamos a darle mucha participaci\u00f3n a la econom\u00eda popular, controlar la producci\u00f3n y distribuci\u00f3n. Vamos a defender el derecho a la alimentaci\u00f3n y generar un plan de empleo, y a trabajar con las madres con chicos\u201d.<\/p>\n\n\n\n<figure class=\"wp-block-image\"><img decoding=\"async\" src=\"http:\/\/atecordoba.org\/wp-content\/uploads\/2020\/05\/arroyo-en-cta3.jpg\" alt=\"\" class=\"wp-image-11643\"\/><\/figure>\n\n\n\n<p>Luego, varios compa\u00f1eros y compa\u00f1eras describieron algunas caracter\u00edsticas del impacto del macrismo en el territorio y en los gremios, y expresaron propuestas e inquietudes. En particular se destac\u00f3 la intervenci\u00f3n de Diego Ledesma, presidente de UST-CTA-A y Secretario de Acci\u00f3n Social de la CTA-A Provincia de Buenos Aires, quien hizo un recuento de la lucha de las empresas recuperadas y en particular de la UST e hizo entrega al futuro ministro de un libro que relata algunas de sus experiencias, y dijo: \u201cNosotros adem\u00e1s de sostener el trabajo, invertimos en la comunidad y eso hizo que tambi\u00e9n vivamos m\u00e1s tranquilos\u201d. Ledesma adem\u00e1s invit\u00f3 a Arroyo al Encuentro de las Empresas Autogestionadas a realizarse en los pr\u00f3ximos d\u00edas.<\/p>\n\n\n\n<p>Finalmente, y luego de un rico intercambio, las autoridades de la Central invitaron al Diputado al Congreso Nacional de la CTA-A a realizarse el 2 de diciembre, y le entregaron una copia de la certificaci\u00f3n de autoridades de la Central emitida por la cartera de Trabajo, junto con una serie de propuestas entre las que se destacan los documentos que va a discutir el Congreso de la Central, la propuesta elaborada por SITRAIC-CTA-A de un plan de obra p\u00fablica con uso de mano de obra intensiva y un estudio sobre \u201cpotencialidades y desarrollo agropecuario\u201d, elaborado por el MAB.<\/p>\n","protected":false},"excerpt":{"rendered":"<p>El futuro Ministro de Desarrollo Social de la Naci\u00f3n visit\u00f3 la Central para presentar sus proyectos y recibi\u00f3 propuestas de la conducci\u00f3n. El actual Diputado por la Provincia de Buenos Aires sostuvo este jueves una reuni\u00f3n con la conducci\u00f3n nacional de la Central Aut\u00f3noma y un gran n\u00famero de referentes de algunas de sus organizaciones. [&hellip;]<\/p>\n","protected":false},"author":1,"featured_media":19220,"comment_status":"open","ping_status":"open","sticky":false,"template":"","format":"standard","meta":{"_exactmetrics_skip_tracking":false,"_exactmetrics_sitenote_active":false,"_exactmetrics_sitenote_note":"","_exactmetrics_sitenote_category":0,"jnews-multi-image_gallery":[],"jnews_single_post":[],"jnews_primary_category":[],"jnews_social_meta":[],"jnews_review":[],"enable_review":"","type":"","name":"","summary":"","brand":"","sku":"","good":[],"bad":[],"score_override":"","override_value":"","rating":[],"price":[],"jnews_override_counter":[],"jnews_post_split":[],"footnotes":""},"categories":[1],"tags":[],"class_list":["post-11640","post","type-post","status-publish","format-standard","has-post-thumbnail","hentry","category-sin-categoria"],"jetpack_featured_media_url":"https:\/\/atecordoba.org\/wp-content\/uploads\/2020\/05\/logo-nuevochico-e1561581322808.png","_links":{"self":[{"href":"https:\/\/atecordoba.org\/index.php?rest_route=\/wp\/v2\/posts\/11640","targetHints":{"allow":["GET"]}}],"collection":[{"href":"https:\/\/atecordoba.org\/index.php?rest_route=\/wp\/v2\/posts"}],"about":[{"href":"https:\/\/atecordoba.org\/index.php?rest_route=\/wp\/v2\/types\/post"}],"author":[{"embeddable":true,"href":"https:\/\/atecordoba.org\/index.php?rest_route=\/wp\/v2\/users\/1"}],"replies":[{"embeddable":true,"href":"https:\/\/atecordoba.org\/index.php?rest_route=%2Fwp%2Fv2%2Fcomments&post=11640"}],"version-history":[{"count":1,"href":"https:\/\/atecordoba.org\/index.php?rest_route=\/wp\/v2\/posts\/11640\/revisions"}],"predecessor-version":[{"id":19055,"href":"https:\/\/atecordoba.org\/index.php?rest_route=\/wp\/v2\/posts\/11640\/revisions\/19055"}],"wp:featuredmedia":[{"embeddable":true,"href":"https:\/\/atecordoba.org\/index.php?rest_route=\/wp\/v2\/media\/19220"}],"wp:attachment":[{"href":"https:\/\/atecordoba.org\/index.php?rest_route=%2Fwp%2Fv2%2Fmedia&parent=11640"}],"wp:term":[{"taxonomy":"category","embeddable":true,"href":"https:\/\/atecordoba.org\/index.php?rest_route=%2Fwp%2Fv2%2Fcategories&post=11640"},{"taxonomy":"post_tag","embeddable":true,"href":"https:\/\/atecordoba.org\/index.php?rest_route=%2Fwp%2Fv2%2Ftags&post=11640"}],"curies":[{"name":"wp","href":"https:\/\/api.w.org\/{rel}","templated":true}]}}