{"id":11635,"date":"2019-11-22T11:08:46","date_gmt":"2019-11-22T14:08:46","guid":{"rendered":"https:\/\/www.atecordoba.org\/?p=11635"},"modified":"2020-05-05T09:18:44","modified_gmt":"2020-05-05T12:18:44","slug":"fabricas-militares-esperan-que-fernandez-reactive-las-plantas","status":"publish","type":"post","link":"https:\/\/atecordoba.org\/?p=11635","title":{"rendered":"&#8220;F\u00e1bricas militares: esperan que Fern\u00e1ndez reactive las plantas&#8221;"},"content":{"rendered":"\n<p><em>Un informe de La Voz del Interior adelanta la nueva etapa que se abre en la Direcci\u00f3n General de Fabricaciones Militares a partir de la asunci\u00f3n de Alberto Fern\u00e1ndez.<\/em> <\/p>\n\n\n\n<p>(Fuente La Voz del Interior 22-11-2019)<\/p>\n\n\n\n<figure class=\"wp-block-image\"><img decoding=\"async\" src=\"http:\/\/atecordoba.org\/wp-content\/uploads\/2020\/05\/fabricaciones-militares.jpg\" alt=\"\" class=\"wp-image-11636\"\/><\/figure>\n\n\n\n<p>\u201cConfiamos en lo que hemos venido hablando con distintos\nactores del gobierno electo, como Nicol\u00e1s Trotta y la diputada nacional\nGabriela Est\u00e9vez\u201d, se\u00f1al\u00f3 Fernando Mercado, dirigente de la Asociaci\u00f3n de\nTrabajadores del Estado (ATE) por la F\u00e1brica Militar Villa Mar\u00eda.<\/p>\n\n\n\n<p>En R\u00edo Tercero, tambi\u00e9n se perciben nuevas expectativas para\nesa industria. Dami\u00e1n Albornoz, de ATE de esa ciudad, reconoci\u00f3 que conf\u00edan en\nque Alberto Fern\u00e1ndez cumplir\u00e1 sus promesas de reactivaci\u00f3n del complejo\nindustrial estatal.<\/p>\n\n\n\n<p>En las ciudades de Villa Mar\u00eda y R\u00edo Tercero siguen en\nmarcha dos de las cuatro f\u00e1bricas militares que quedan en el pa\u00eds. D\u00e9cadas\natr\u00e1s, hubo 14 unidades.<\/p>\n\n\n\n<p>Seg\u00fan ambos dirigentes gremiales, una de las primeras\nmedidas que tomar\u00eda la pr\u00f3xima gesti\u00f3n respecto a Fabricaciones Militares ser\u00eda\nderogar el decreto que convirti\u00f3 este a\u00f1o a la empresa estatal en sociedad del\nEstado.<\/p>\n\n\n\n<p>Albornoz record\u00f3 que ATE intent\u00f3 que no avanzara ese\nproyecto planteado por el actual Gobierno nacional. \u201cEs inconstitucional,\nporque la deber\u00eda haber aprobado el Congreso\u201d, insisti\u00f3.<\/p>\n\n\n\n<p>Mercado, a su vez, apunt\u00f3 que ATE siempre aval\u00f3 esa figura\njur\u00eddica \u201cpero no de la manera en que lo instrument\u00f3 el actual Gobierno\u201d.\nRecord\u00f3 que el gremio plantea \u201cuna participaci\u00f3n de los trabajadores\u201d en la\nconducci\u00f3n de la empresa, que en este caso no se previ\u00f3.<\/p>\n\n\n\n<p>Mercado revel\u00f3 que Alberto Fern\u00e1ndez y su equipo han\nrecibido la propuesta del gremio para reactivar las f\u00e1bricas militares de R\u00edo\nTercero, Villa Mar\u00eda, Fray Luis Beltr\u00e1n (Santa Fe) y Jachal (San Juan). Y se\nesperanz\u00f3 en que la nueva gesti\u00f3n reabra la planta bonaerense de Azul (cerrada\nel a\u00f1o pasado, con m\u00e1s de 200 despidos).<\/p>\n\n\n\n<p>El gremio tambi\u00e9n espera que se reincorporen los empleados\nque quedaron afuera por los ajustes aplicados en los \u00faltimos cuatro a\u00f1os. Entre\nVilla Mar\u00eda y R\u00edo Tercero fueron 151.<\/p>\n\n\n\n<p>\u201cLa empresa volver\u00e1 a ser emblema de nuestra Naci\u00f3n\u201d, se\nentusiasm\u00f3 Mercado, quien cuestion\u00f3 que el macrismo en el poder \u201cintent\u00f3\ndesmantelarla y desguazarla\u201d.<\/p>\n\n\n\n<p>Albornoz opin\u00f3 que el nuevo gobierno tendr\u00e1 \u201cuna mirada\nmucho m\u00e1s desarrollista\u201d y anticip\u00f3 que el gremio \u201cexigir\u00e1 estar en la toma de\ndecisiones de ahora en adelante\u201d.<\/p>\n\n\n\n<p>Mientras, dentro de las dos plantas se aguarda que tras\nasumir el gobierno electo defina su proyecto para este complejo industrial-militar,\nentre las promesas de reactivaci\u00f3n que plante\u00f3 y la estrechez financiera que\nimponen los n\u00fameros de la econom\u00eda.<\/p>\n\n\n\n<p><strong>La contracara<\/strong><\/p>\n\n\n\n<p>En contrapartida, la actual gesti\u00f3n de Fabricaciones\nMilitares elabor\u00f3 un documento que marc\u00f3 \u201clos logros\u201d obtenidos, a semanas del\nfin de la gesti\u00f3n. Valor\u00f3, en esa l\u00ednea, que la transformaci\u00f3n en sociedad del\nEstado le permitir\u00eda a la empresa agilizar los mecanismos para aumentar\nproducci\u00f3n y ventas.<\/p>\n\n\n\n<p>Cit\u00f3 que por primera vez se convirti\u00f3 este a\u00f1o en\nadjudicataria de venta de chalecos antibalas, que en los \u00faltimos tres a\u00f1os fue\nr\u00e9cord en exportaciones de explosivos para miner\u00eda y de insumos qu\u00edmicos,\nadem\u00e1s de que redujo el d\u00e9ficit con que operaba.<\/p>\n\n\n\n<p>Desde el gremio cuestionan la pol\u00edtica implementada por la\nactual gesti\u00f3n, critican el ajuste en personal y aseguran que mermaron la\nproducci\u00f3n y la inversi\u00f3n. \u201cPareciera que los precios de los productos se fijan\npara favorecer a los privados, en vez de defender el dinero p\u00fablico\u201d, reproch\u00f3\nAlbornoz.<\/p>\n\n\n\n<p><strong>Propuestas<\/strong><\/p>\n\n\n\n<p>ATE entreg\u00f3 al gobierno electo un documento en el que\npropone unidades de negocios por desarrollar. Antes hab\u00eda sido enviado a la\nactual administraci\u00f3n. Est\u00e1n referidas a identificar nuevos clientes, optimizar\ncostos productivos para ser competitivos y crear convenios con otras empresas\ndel Estado, entre otras acciones.<\/p>\n\n\n\n<p>La diputada Est\u00e9vez (Frente de Todos) declar\u00f3 p\u00fablicamente\nque el nuevo gobierno tomar\u00e1 medidas directas para revertir la actual situaci\u00f3n\ndel complejo estatal.<\/p>\n\n\n\n<p>Las unidades productivas, en general, requieren de fuertes\ninversiones para modernizar sus plantas.<\/p>\n\n\n\n<p><strong>Historia: fue grande,\nhoy no<\/strong><\/p>\n\n\n\n<p>Hace tres d\u00e9cadas, Fabricaciones Militares lleg\u00f3 a tener 18\nmil trabajadores en sus 14 f\u00e1bricas. Hoy ocupa a algo m\u00e1s de mil en cuatro\nplantas: R\u00edo Tercero, Villa Mar\u00eda, Fray Luis Beltr\u00e1n (Santa Fe) y Jachal (San\nJuan). M\u00e1s del 90 por ciento del plantel figura como contratado desde hace m\u00e1s\nde una d\u00e9cada.<\/p>\n\n\n\n<ul class=\"wp-block-list\"><li>C\u00f3rdoba.&nbsp;Hab\u00eda tres unidades, pero en 1996\ncerr\u00f3 la de San Francisco.<\/li><li>La de Villa Mar\u00eda produce p\u00f3lvoras y explosivos,\npara uso militar y en miner\u00eda. En R\u00edo Tercero hay una planta qu\u00edmica (\u00e1cido\nn\u00edtrico es su principal producto) y una metalmec\u00e1nica (que incluye un sector\npara reparaci\u00f3n de vagones ferroviarios).<\/li><li>Entre 2017 y 2018 se cerr\u00f3 la F\u00e1brica Militar de\nAzul y no se renovaron 151 contratos en las dos plantas cordobesas. Hoy, la de\nR\u00edo Tercero tiene 338 empleados y la de Villa Mar\u00eda cuenta con 315.<\/li><li>D\u00e9ficit.&nbsp;La actual administraci\u00f3n, bajo el\ngobierno de Macri, asegura que redujo el d\u00e9ficit con que operaba pero que a\u00fan\nno se autofinancia con sus recursos.<\/li><\/ul>\n","protected":false},"excerpt":{"rendered":"<p>Un informe de La Voz del Interior adelanta la nueva etapa que se abre en la Direcci\u00f3n General de Fabricaciones Militares a partir de la asunci\u00f3n de Alberto Fern\u00e1ndez. (Fuente La Voz del Interior 22-11-2019) \u201cConfiamos en lo que hemos venido hablando con distintos actores del gobierno electo, como Nicol\u00e1s Trotta y la diputada nacional [&hellip;]<\/p>\n","protected":false},"author":1,"featured_media":19220,"comment_status":"open","ping_status":"open","sticky":false,"template":"","format":"standard","meta":{"_exactmetrics_skip_tracking":false,"_exactmetrics_sitenote_active":false,"_exactmetrics_sitenote_note":"","_exactmetrics_sitenote_category":0,"jnews-multi-image_gallery":[],"jnews_single_post":[],"jnews_primary_category":[],"jnews_social_meta":[],"jnews_review":[],"enable_review":"","type":"","name":"","summary":"","brand":"","sku":"","good":[],"bad":[],"score_override":"","override_value":"","rating":[],"price":[],"jnews_override_counter":[],"jnews_post_split":[],"footnotes":""},"categories":[1],"tags":[],"class_list":["post-11635","post","type-post","status-publish","format-standard","has-post-thumbnail","hentry","category-sin-categoria"],"jetpack_featured_media_url":"https:\/\/atecordoba.org\/wp-content\/uploads\/2020\/05\/logo-nuevochico-e1561581322808.png","_links":{"self":[{"href":"https:\/\/atecordoba.org\/index.php?rest_route=\/wp\/v2\/posts\/11635","targetHints":{"allow":["GET"]}}],"collection":[{"href":"https:\/\/atecordoba.org\/index.php?rest_route=\/wp\/v2\/posts"}],"about":[{"href":"https:\/\/atecordoba.org\/index.php?rest_route=\/wp\/v2\/types\/post"}],"author":[{"embeddable":true,"href":"https:\/\/atecordoba.org\/index.php?rest_route=\/wp\/v2\/users\/1"}],"replies":[{"embeddable":true,"href":"https:\/\/atecordoba.org\/index.php?rest_route=%2Fwp%2Fv2%2Fcomments&post=11635"}],"version-history":[{"count":1,"href":"https:\/\/atecordoba.org\/index.php?rest_route=\/wp\/v2\/posts\/11635\/revisions"}],"predecessor-version":[{"id":19057,"href":"https:\/\/atecordoba.org\/index.php?rest_route=\/wp\/v2\/posts\/11635\/revisions\/19057"}],"wp:featuredmedia":[{"embeddable":true,"href":"https:\/\/atecordoba.org\/index.php?rest_route=\/wp\/v2\/media\/19220"}],"wp:attachment":[{"href":"https:\/\/atecordoba.org\/index.php?rest_route=%2Fwp%2Fv2%2Fmedia&parent=11635"}],"wp:term":[{"taxonomy":"category","embeddable":true,"href":"https:\/\/atecordoba.org\/index.php?rest_route=%2Fwp%2Fv2%2Fcategories&post=11635"},{"taxonomy":"post_tag","embeddable":true,"href":"https:\/\/atecordoba.org\/index.php?rest_route=%2Fwp%2Fv2%2Ftags&post=11635"}],"curies":[{"name":"wp","href":"https:\/\/api.w.org\/{rel}","templated":true}]}}