{"id":11632,"date":"2019-11-21T16:10:56","date_gmt":"2019-11-21T19:10:56","guid":{"rendered":"https:\/\/www.atecordoba.org\/?p=11632"},"modified":"2020-05-05T09:18:44","modified_gmt":"2020-05-05T12:18:44","slug":"ate-reclamo-al-gobierno-que-convoque-urgentemente-a-tratar-el-aumento-salarial","status":"publish","type":"post","link":"https:\/\/atecordoba.org\/?p=11632","title":{"rendered":"ATE reclam\u00f3 al gobierno que convoque urgentemente a tratar el aumento salarial"},"content":{"rendered":"\n<p><em>Hubo una recomposici\u00f3n salarial del 18% a agosto del 2019, provocando a la fecha una p\u00e9rdida de salario real de m\u00e1s del 24%.<\/em><\/p>\n\n\n\n<figure class=\"wp-block-image\"><img decoding=\"async\" src=\"http:\/\/atecordoba.org\/wp-content\/uploads\/2020\/05\/ilustrativa-ministerio-de-trabajo.jpg\" alt=\"\" class=\"wp-image-11633\"\/><\/figure>\n\n\n\n<p>A\ntrav\u00e9s de sus paritarios nacionales, el CDN exigi\u00f3 la urgente convocatoria de\nla Comisi\u00f3n Negociadora General del Convenio Colectivo de la Administraci\u00f3n\nP\u00fablica Nacional (homologado mediante Decreto 214\/06) para discutir un aumento\nsalarial, tal como fuera convenido por acta del 23 de mayo pasado.<\/p>\n\n\n\n<p>El reclamo sostenido por ATE\nsubraya que \u201cen los t\u00e9rminos del art 7 de la ley 24.185 -y 6 del CCT-\nsolicitamos la urgente convocatoria de la Comisi\u00f3n Negociadora General del\nConvenio Colectivo para la Administraci\u00f3n P\u00fablica Nacional (homologado mediante\nDecreto 214\/06) tal como fuera convenido por acta de fecha 23.05.19 (Clausula\n4\u00ab), donde las partes han acordado reunirse en el mes de noviembre del\ncorriente, y frente a la realidad socio econ\u00f3mica del pa\u00eds y puntualmente de\nlas personas que trabajan en la Administraci\u00f3n P\u00fablica Nacional, ello resulta\nimprescindible y urgente\u201d.<\/p>\n\n\n\n<p>El documento enviado por el CDN\nal ministro de Producci\u00f3n y Trabajo de la Naci\u00f3n, Dante Sica, agrega que \u201cdesde\nel inicio de esta gesti\u00f3n las pol\u00edticas implementadas han sido de ajuste y\nreducci\u00f3n de gasto p\u00fablico, lo que en materia de empleo p\u00fablico se ha traducido\nen una negociaci\u00f3n paritaria sesgada, con una merma salarial del 30%,\n&nbsp;aprob\u00e1ndose la misma con una mayor\u00eda vetusta y caduca que debe ser\nactualizada, tal como lo ordenara la Justicia Nacional del Trabajo en autos\n&#8220;Asociaci\u00f3n Trabajadores del Estado c\/ Estado Nacional &#8211; Ministerio de\nProducci\u00f3n y Trabajo s\/ Otros Reclamos&#8221; (Exp, 31.766\/2019 -Sentencia de\nfecha 08\/11\/19 Nro. 14.181).<\/p>\n\n\n\n<p>Tal como esta organizaci\u00f3n\nplanteara en las reuniones paritarias del a\u00f1o en curso, la Inflaci\u00f3n anual ya\n&nbsp;alcanza el 42%, estim\u00e1ndose que alcanzar\u00e1 el 55%. En el escrito ATE\nenfatiza que \u201cla propuesta efectuada por el Estado Nacional en Mayo del corriente,\naceptada inopinadamente por la representaci\u00f3n de UPCN, y rechazada por esta\nrepresentaci\u00f3n, consisti\u00f3 en una recomposici\u00f3n salarial del 18% a agosto del\n2019, provocando a la fecha una p\u00e9rdida de salario real de m\u00e1s del 24%\u201d.<\/p>\n\n\n\n<p>Esta merma salarial, subraya el\ncomunicado del CDN, \u201ccoloca a las personas que revistan en las categor\u00edas\niniciales, de las distintas sectoriales de este Convenio Colectivo de Trabajo\nGeneral por debajo de la l\u00ednea de la pobreza, siendo inaceptable que el Estado\nNacional &#8211; garante primigenio de la obligaci\u00f3n legal de velar por una salarlo\nm\u00ednimo vital y m\u00f3vil, (art 14 bis de la Constituci\u00f3n Nacional) admita que sus\ntrabajadores\/as tengan salarios qu\u00e9 no alcanzan este peso legal\u201d.<\/p>\n","protected":false},"excerpt":{"rendered":"<p>Hubo una recomposici\u00f3n salarial del 18% a agosto del 2019, provocando a la fecha una p\u00e9rdida de salario real de m\u00e1s del 24%. A trav\u00e9s de sus paritarios nacionales, el CDN exigi\u00f3 la urgente convocatoria de la Comisi\u00f3n Negociadora General del Convenio Colectivo de la Administraci\u00f3n P\u00fablica Nacional (homologado mediante Decreto 214\/06) para discutir un [&hellip;]<\/p>\n","protected":false},"author":1,"featured_media":19220,"comment_status":"open","ping_status":"open","sticky":false,"template":"","format":"standard","meta":{"_exactmetrics_skip_tracking":false,"_exactmetrics_sitenote_active":false,"_exactmetrics_sitenote_note":"","_exactmetrics_sitenote_category":0,"jnews-multi-image_gallery":[],"jnews_single_post":[],"jnews_primary_category":[],"jnews_social_meta":[],"jnews_review":[],"enable_review":"","type":"","name":"","summary":"","brand":"","sku":"","good":[],"bad":[],"score_override":"","override_value":"","rating":[],"price":[],"jnews_override_counter":[],"jnews_post_split":[],"footnotes":""},"categories":[1],"tags":[],"class_list":["post-11632","post","type-post","status-publish","format-standard","has-post-thumbnail","hentry","category-sin-categoria"],"jetpack_featured_media_url":"https:\/\/atecordoba.org\/wp-content\/uploads\/2020\/05\/logo-nuevochico-e1561581322808.png","_links":{"self":[{"href":"https:\/\/atecordoba.org\/index.php?rest_route=\/wp\/v2\/posts\/11632","targetHints":{"allow":["GET"]}}],"collection":[{"href":"https:\/\/atecordoba.org\/index.php?rest_route=\/wp\/v2\/posts"}],"about":[{"href":"https:\/\/atecordoba.org\/index.php?rest_route=\/wp\/v2\/types\/post"}],"author":[{"embeddable":true,"href":"https:\/\/atecordoba.org\/index.php?rest_route=\/wp\/v2\/users\/1"}],"replies":[{"embeddable":true,"href":"https:\/\/atecordoba.org\/index.php?rest_route=%2Fwp%2Fv2%2Fcomments&post=11632"}],"version-history":[{"count":1,"href":"https:\/\/atecordoba.org\/index.php?rest_route=\/wp\/v2\/posts\/11632\/revisions"}],"predecessor-version":[{"id":19059,"href":"https:\/\/atecordoba.org\/index.php?rest_route=\/wp\/v2\/posts\/11632\/revisions\/19059"}],"wp:featuredmedia":[{"embeddable":true,"href":"https:\/\/atecordoba.org\/index.php?rest_route=\/wp\/v2\/media\/19220"}],"wp:attachment":[{"href":"https:\/\/atecordoba.org\/index.php?rest_route=%2Fwp%2Fv2%2Fmedia&parent=11632"}],"wp:term":[{"taxonomy":"category","embeddable":true,"href":"https:\/\/atecordoba.org\/index.php?rest_route=%2Fwp%2Fv2%2Fcategories&post=11632"},{"taxonomy":"post_tag","embeddable":true,"href":"https:\/\/atecordoba.org\/index.php?rest_route=%2Fwp%2Fv2%2Ftags&post=11632"}],"curies":[{"name":"wp","href":"https:\/\/api.w.org\/{rel}","templated":true}]}}