{"id":11620,"date":"2019-11-20T18:49:52","date_gmt":"2019-11-20T21:49:52","guid":{"rendered":"https:\/\/www.atecordoba.org\/?p=11620"},"modified":"2020-05-05T09:18:47","modified_gmt":"2020-05-05T12:18:47","slug":"ate-cordoba-hizo-llegar-sus-reclamos-al-ministro-de-salud-de-la-provincia","status":"publish","type":"post","link":"https:\/\/atecordoba.org\/?p=11620","title":{"rendered":"ATE C\u00f3rdoba hizo llegar sus reclamos al Ministro de Salud de la Provincia"},"content":{"rendered":"\n<p><em> El Secretario General del Consejo Directivo Provincial de la Asociaci\u00f3n Trabajadores del Estado (ATE-CTA) y de la CTA Aut\u00f3noma de C\u00f3rdoba, Federico Giuliani, encabez\u00f3 este mi\u00e9rcoles una comitiva que se entrevist\u00f3 con el ministro de Salud de la provincia, Francisco Fortuna, y le plante\u00f3 la agenda de reivindicaciones de los trabajadores del sector salud: salario, pase a planta y nombramientos.<\/em><\/p>\n\n\n\n<figure class=\"wp-block-image\"><img decoding=\"async\" src=\"http:\/\/atecordoba.org\/wp-content\/uploads\/2020\/05\/reunion-giuiani-fortuna.jpg\" alt=\"\" class=\"wp-image-11621\"\/><\/figure>\n\n\n\n<p> \u201cMantuvimos este mi\u00e9rcoles nuestra primera Audiencia institucional con el Gobierno de C\u00f3rdoba como Consejo Directivo Provincial de ATE. En este caso fue con el Ministro de Salud, Francisco Fortuna\u201d, cont\u00f3 Giuliani, finalizada la reuni\u00f3n.<\/p>\n\n\n\n<p>El secretario General hizo un balance positivo de la audiencia porque \u201clogramos institucionalizar la relaci\u00f3n Sindicato-Gobierno y conformar una Mesa de Di\u00e1logo para plantear las problem\u00e1ticas de nuestros compa\u00f1eros y compa\u00f1eras dependientes del \u00c1rea de Salud\u201d. <\/p>\n\n\n\n<div class=\"wp-block-image\"><figure class=\"aligncenter\"><img decoding=\"async\" src=\"http:\/\/atecordoba.org\/wp-content\/uploads\/2020\/05\/reunion-giuiani-fortuna-3.jpg\" alt=\"\" class=\"wp-image-11622\"\/><\/figure><\/div>\n\n\n\n<p>Entre los principales planteados a Fortuna se destacan: <\/p>\n\n\n\n<ul class=\"wp-block-list\"><li><a href=\"https:\/\/www.facebook.com\/hashtag\/pase?source=feed_text&amp;epa=HASHTAG\">#Pase<\/a>\u00a0a planta permanente de todxs lxs Trabajadorxs Precarizadxs.<\/li><li><a href=\"https:\/\/www.facebook.com\/hashtag\/urgente?source=feed_text&amp;epa=HASHTAG\">#Urgente<\/a>\u00a0recomposici\u00f3n salarial y rechazo al acuerdo firmado por el SEP.<\/li><li><a href=\"https:\/\/www.facebook.com\/hashtag\/incorporaci%C3%B3n?source=feed_text&amp;epa=HASHTAG\">#Incorporaci\u00f3n<\/a>\u00a0de personal en todos los Hospitales de la provincia.<\/li><li><a href=\"https:\/\/www.facebook.com\/hashtag\/exigimos?source=feed_text&amp;epa=HASHTAG\">#convocatoria<\/a> oficial de ATE a la Mesa Paritaria 2020.<\/li><\/ul>\n\n\n\n<p>A su vez Giuliani destac\u00f3 que \u201ccada seccional entregar\u00e1 el d\u00eda 26 de noviembre petitorios por territorio para resolver problemas puntuales de cada lugar&#8221;. Y cerr\u00f3 destacando: \u201cATE gestiona, organiza, lucha y crece\u201d.<\/p>\n\n\n\n<div class=\"wp-block-image\"><figure class=\"aligncenter\"><img decoding=\"async\" src=\"http:\/\/atecordoba.org\/wp-content\/uploads\/2020\/05\/reunion-giuiani-fortuna-2.jpg\" alt=\"\" class=\"wp-image-11623\"\/><\/figure><\/div>\n\n\n\n<p>La comitiva de ATE se complet\u00f3 con el secretario Adjunto y el secretario Gremial de ATE provincia, Hugo Dur\u00e1n y Daniel Pawlushuk respectivamente; Dami\u00e1n Albornoz y Ver\u00f3nica Pramparo, secretario General y Adjunta de la Seccional R\u00edo Tercero; Rafaela Alcoba y Pablo Pavetto, secretaria General y Adjunto de ATE R\u00edo Cuarto; el secretario General de la Seccional Adelia Mar\u00eda, Diego Villegas, el prosecretario de Finanzas de ATE Villa Mar\u00eda y delegado gremial en el Hospital Pasteur, doctor Guillermo Nardi; y nuestra referente de la futura Seccional de San Francisco, Gladys Medina.<\/p>\n\n\n\n<p> <\/p>\n","protected":false},"excerpt":{"rendered":"<p>El Secretario General del Consejo Directivo Provincial de la Asociaci\u00f3n Trabajadores del Estado (ATE-CTA) y de la CTA Aut\u00f3noma de C\u00f3rdoba, Federico Giuliani, encabez\u00f3 este mi\u00e9rcoles una comitiva que se entrevist\u00f3 con el ministro de Salud de la provincia, Francisco Fortuna, y le plante\u00f3 la agenda de reivindicaciones de los trabajadores del sector salud: salario, [&hellip;]<\/p>\n","protected":false},"author":1,"featured_media":19220,"comment_status":"open","ping_status":"open","sticky":false,"template":"","format":"standard","meta":{"_exactmetrics_skip_tracking":false,"_exactmetrics_sitenote_active":false,"_exactmetrics_sitenote_note":"","_exactmetrics_sitenote_category":0,"jnews-multi-image_gallery":[],"jnews_single_post":[],"jnews_primary_category":[],"jnews_social_meta":[],"jnews_review":[],"enable_review":"","type":"","name":"","summary":"","brand":"","sku":"","good":[],"bad":[],"score_override":"","override_value":"","rating":[],"price":[],"jnews_override_counter":[],"jnews_post_split":[],"footnotes":""},"categories":[1],"tags":[],"class_list":["post-11620","post","type-post","status-publish","format-standard","has-post-thumbnail","hentry","category-sin-categoria"],"jetpack_featured_media_url":"https:\/\/atecordoba.org\/wp-content\/uploads\/2020\/05\/logo-nuevochico-e1561581322808.png","_links":{"self":[{"href":"https:\/\/atecordoba.org\/index.php?rest_route=\/wp\/v2\/posts\/11620","targetHints":{"allow":["GET"]}}],"collection":[{"href":"https:\/\/atecordoba.org\/index.php?rest_route=\/wp\/v2\/posts"}],"about":[{"href":"https:\/\/atecordoba.org\/index.php?rest_route=\/wp\/v2\/types\/post"}],"author":[{"embeddable":true,"href":"https:\/\/atecordoba.org\/index.php?rest_route=\/wp\/v2\/users\/1"}],"replies":[{"embeddable":true,"href":"https:\/\/atecordoba.org\/index.php?rest_route=%2Fwp%2Fv2%2Fcomments&post=11620"}],"version-history":[{"count":1,"href":"https:\/\/atecordoba.org\/index.php?rest_route=\/wp\/v2\/posts\/11620\/revisions"}],"predecessor-version":[{"id":19066,"href":"https:\/\/atecordoba.org\/index.php?rest_route=\/wp\/v2\/posts\/11620\/revisions\/19066"}],"wp:featuredmedia":[{"embeddable":true,"href":"https:\/\/atecordoba.org\/index.php?rest_route=\/wp\/v2\/media\/19220"}],"wp:attachment":[{"href":"https:\/\/atecordoba.org\/index.php?rest_route=%2Fwp%2Fv2%2Fmedia&parent=11620"}],"wp:term":[{"taxonomy":"category","embeddable":true,"href":"https:\/\/atecordoba.org\/index.php?rest_route=%2Fwp%2Fv2%2Fcategories&post=11620"},{"taxonomy":"post_tag","embeddable":true,"href":"https:\/\/atecordoba.org\/index.php?rest_route=%2Fwp%2Fv2%2Ftags&post=11620"}],"curies":[{"name":"wp","href":"https:\/\/api.w.org\/{rel}","templated":true}]}}