{"id":11614,"date":"2019-11-20T13:02:57","date_gmt":"2019-11-20T16:02:57","guid":{"rendered":"https:\/\/www.atecordoba.org\/?p=11614"},"modified":"2020-05-05T09:18:49","modified_gmt":"2020-05-05T12:18:49","slug":"asamblea-en-la-maternidad-provincial","status":"publish","type":"post","link":"https:\/\/atecordoba.org\/?p=11614","title":{"rendered":"Asamblea en la Maternidad Provincial"},"content":{"rendered":"\n<p><em>Crecen los reclamos de los trabajadores de la salud p\u00fablica al gobierno de Schiaretti.<\/em><\/p>\n\n\n\n<figure class=\"wp-block-image\"><img decoding=\"async\" src=\"http:\/\/atecordoba.org\/wp-content\/uploads\/2020\/05\/maternidad-pasillo.jpg\" alt=\"\" class=\"wp-image-11616\"\/><\/figure>\n\n\n\n<p>Esta ma\u00f1ana se realiz\u00f3 una asamblea en la Maternidad Provincial. Se trata de la segunda en lo que va del mes, ya que se hizo otra la semana pasada donde los trabajadores del centro de salud viene expresando la necesidad de ser escuchados en su reclamo. <\/p>\n\n\n\n<p>Para la semana que viene est\u00e1 previsto llevar a cabo una nueva asamblea, en una escalada que expresa la reacci\u00f3n del sector ante la falta de respuestas del gobierno provincial.<\/p>\n\n\n\n<p>En la oportunidad se volcaron reclamos en l\u00ednea con la falta de personal para cumplir tareas administrativas y propiamente de salud, en todos los hospitales provinciales. Al mismo tiempo se hizo sentir un fuerte planteo para que las autoridades otorguen una recomposici\u00f3n salarial, ante lo bajo de los salarios.<\/p>\n\n\n\n<figure class=\"wp-block-image\"><img decoding=\"async\" src=\"http:\/\/atecordoba.org\/wp-content\/uploads\/2020\/05\/maternidad-pasillo-2.jpg\" alt=\"\" class=\"wp-image-11617\"\/><\/figure>\n\n\n\n<p>Roberto Calvetti, miembro del CDP de ATE y trabajador de la Maternidad, se\u00f1al\u00f3: &#8220;un m\u00e9dico est\u00e1 ganando salarios de $35.000, los administrativos $27.000, teniendo en ambos casos diez a\u00f1os de antig\u00fcedad. Es una burla el sueldo que cobramos las y los trabajadores de la salud&#8221;. <\/p>\n\n\n\n<p>A su vez ATE en conjunto con dlegados de SEP y la UTS realizar\u00e1n una nota en repudio a la propuesta de incremento salarial del 4% presentada por el gobierno provincial.<\/p>\n","protected":false},"excerpt":{"rendered":"<p>Crecen los reclamos de los trabajadores de la salud p\u00fablica al gobierno de Schiaretti. Esta ma\u00f1ana se realiz\u00f3 una asamblea en la Maternidad Provincial. Se trata de la segunda en lo que va del mes, ya que se hizo otra la semana pasada donde los trabajadores del centro de salud viene expresando la necesidad de [&hellip;]<\/p>\n","protected":false},"author":1,"featured_media":19220,"comment_status":"open","ping_status":"open","sticky":false,"template":"","format":"standard","meta":{"_exactmetrics_skip_tracking":false,"_exactmetrics_sitenote_active":false,"_exactmetrics_sitenote_note":"","_exactmetrics_sitenote_category":0,"jnews-multi-image_gallery":[],"jnews_single_post":[],"jnews_primary_category":[],"jnews_social_meta":[],"jnews_review":[],"enable_review":"","type":"","name":"","summary":"","brand":"","sku":"","good":[],"bad":[],"score_override":"","override_value":"","rating":[],"price":[],"jnews_override_counter":[],"jnews_post_split":[],"footnotes":""},"categories":[1],"tags":[],"class_list":["post-11614","post","type-post","status-publish","format-standard","has-post-thumbnail","hentry","category-sin-categoria"],"jetpack_featured_media_url":"https:\/\/atecordoba.org\/wp-content\/uploads\/2020\/05\/logo-nuevochico-e1561581322808.png","_links":{"self":[{"href":"https:\/\/atecordoba.org\/index.php?rest_route=\/wp\/v2\/posts\/11614","targetHints":{"allow":["GET"]}}],"collection":[{"href":"https:\/\/atecordoba.org\/index.php?rest_route=\/wp\/v2\/posts"}],"about":[{"href":"https:\/\/atecordoba.org\/index.php?rest_route=\/wp\/v2\/types\/post"}],"author":[{"embeddable":true,"href":"https:\/\/atecordoba.org\/index.php?rest_route=\/wp\/v2\/users\/1"}],"replies":[{"embeddable":true,"href":"https:\/\/atecordoba.org\/index.php?rest_route=%2Fwp%2Fv2%2Fcomments&post=11614"}],"version-history":[{"count":1,"href":"https:\/\/atecordoba.org\/index.php?rest_route=\/wp\/v2\/posts\/11614\/revisions"}],"predecessor-version":[{"id":19069,"href":"https:\/\/atecordoba.org\/index.php?rest_route=\/wp\/v2\/posts\/11614\/revisions\/19069"}],"wp:featuredmedia":[{"embeddable":true,"href":"https:\/\/atecordoba.org\/index.php?rest_route=\/wp\/v2\/media\/19220"}],"wp:attachment":[{"href":"https:\/\/atecordoba.org\/index.php?rest_route=%2Fwp%2Fv2%2Fmedia&parent=11614"}],"wp:term":[{"taxonomy":"category","embeddable":true,"href":"https:\/\/atecordoba.org\/index.php?rest_route=%2Fwp%2Fv2%2Fcategories&post=11614"},{"taxonomy":"post_tag","embeddable":true,"href":"https:\/\/atecordoba.org\/index.php?rest_route=%2Fwp%2Fv2%2Ftags&post=11614"}],"curies":[{"name":"wp","href":"https:\/\/api.w.org\/{rel}","templated":true}]}}