{"id":11609,"date":"2019-11-20T12:34:16","date_gmt":"2019-11-20T15:34:16","guid":{"rendered":"https:\/\/www.atecordoba.org\/?p=11609"},"modified":"2020-05-05T09:18:51","modified_gmt":"2020-05-05T12:18:51","slug":"reunion-con-atta-en-el-cdp","status":"publish","type":"post","link":"https:\/\/atecordoba.org\/?p=11609","title":{"rendered":"Reuni\u00f3n con ATTA en el CDP"},"content":{"rendered":"\n<p><em>El encuentro consolida el trabajo conjunto que nuestro gremio viene realizando hace tiempo con la organizaci\u00f3n que agrupa a trans, travestis y transg\u00e9nero<\/em>.<\/p>\n\n\n\n<div class=\"wp-block-image\"><figure class=\"aligncenter\"><img decoding=\"async\" src=\"http:\/\/atecordoba.org\/wp-content\/uploads\/2020\/05\/75407637_1249594365246259_5191405869224427520_n.jpg\" alt=\"\" class=\"wp-image-11610\"\/><\/figure><\/div>\n\n\n\n<p>Federico Giuliani, secretario General del CDP de ATE C\u00f3rdoba, junto a la vocal,  Celeste Martinez,  la secretaria de Actas,  Mar\u00eda Sotti, la secretaria  Progremial, Estela Corzo, y el secretario de Formaci\u00f3n,  C\u00e9sar Theaux, se reunieron con P\u00eda, Dani y Leonardo, miembrxs de la Asosiaci\u00f3n Trans Travesti y Transg\u00e9nero Argentina filial C\u00f3rdoba (ATTA).<\/p>\n\n\n\n<div class=\"wp-block-image\"><figure class=\"aligncenter\"><img decoding=\"async\" src=\"http:\/\/atecordoba.org\/wp-content\/uploads\/2020\/05\/75640655_1249594391912923_7781162924126502912_n.jpg\" alt=\"\" class=\"wp-image-11611\"\/><\/figure><\/div>\n\n\n\n<p>Se planificaron actividades en conjunto para fortalecer el trabajo de ATTA e incorporar a todes a nuestro ATE para que siga creciendo, sea plural, diverso y deconstruido. Este es el camino.<\/p>\n\n\n\n<div class=\"wp-block-image\"><figure class=\"aligncenter\"><img decoding=\"async\" src=\"http:\/\/atecordoba.org\/wp-content\/uploads\/2020\/05\/76615070_1249594328579596_1708024797591502848_n.jpg\" alt=\"\" class=\"wp-image-11612\"\/><\/figure><\/div>\n","protected":false},"excerpt":{"rendered":"<p>El encuentro consolida el trabajo conjunto que nuestro gremio viene realizando hace tiempo con la organizaci\u00f3n que agrupa a trans, travestis y transg\u00e9nero. Federico Giuliani, secretario General del CDP de ATE C\u00f3rdoba, junto a la vocal, Celeste Martinez, la secretaria de Actas, Mar\u00eda Sotti, la secretaria Progremial, Estela Corzo, y el secretario de Formaci\u00f3n, C\u00e9sar [&hellip;]<\/p>\n","protected":false},"author":1,"featured_media":19220,"comment_status":"open","ping_status":"open","sticky":false,"template":"","format":"standard","meta":{"_exactmetrics_skip_tracking":false,"_exactmetrics_sitenote_active":false,"_exactmetrics_sitenote_note":"","_exactmetrics_sitenote_category":0,"jnews-multi-image_gallery":[],"jnews_single_post":[],"jnews_primary_category":[],"jnews_social_meta":[],"jnews_review":[],"enable_review":"","type":"","name":"","summary":"","brand":"","sku":"","good":[],"bad":[],"score_override":"","override_value":"","rating":[],"price":[],"jnews_override_counter":[],"jnews_post_split":[],"footnotes":""},"categories":[1],"tags":[],"class_list":["post-11609","post","type-post","status-publish","format-standard","has-post-thumbnail","hentry","category-sin-categoria"],"jetpack_featured_media_url":"https:\/\/atecordoba.org\/wp-content\/uploads\/2020\/05\/logo-nuevochico-e1561581322808.png","_links":{"self":[{"href":"https:\/\/atecordoba.org\/index.php?rest_route=\/wp\/v2\/posts\/11609","targetHints":{"allow":["GET"]}}],"collection":[{"href":"https:\/\/atecordoba.org\/index.php?rest_route=\/wp\/v2\/posts"}],"about":[{"href":"https:\/\/atecordoba.org\/index.php?rest_route=\/wp\/v2\/types\/post"}],"author":[{"embeddable":true,"href":"https:\/\/atecordoba.org\/index.php?rest_route=\/wp\/v2\/users\/1"}],"replies":[{"embeddable":true,"href":"https:\/\/atecordoba.org\/index.php?rest_route=%2Fwp%2Fv2%2Fcomments&post=11609"}],"version-history":[{"count":1,"href":"https:\/\/atecordoba.org\/index.php?rest_route=\/wp\/v2\/posts\/11609\/revisions"}],"predecessor-version":[{"id":19073,"href":"https:\/\/atecordoba.org\/index.php?rest_route=\/wp\/v2\/posts\/11609\/revisions\/19073"}],"wp:featuredmedia":[{"embeddable":true,"href":"https:\/\/atecordoba.org\/index.php?rest_route=\/wp\/v2\/media\/19220"}],"wp:attachment":[{"href":"https:\/\/atecordoba.org\/index.php?rest_route=%2Fwp%2Fv2%2Fmedia&parent=11609"}],"wp:term":[{"taxonomy":"category","embeddable":true,"href":"https:\/\/atecordoba.org\/index.php?rest_route=%2Fwp%2Fv2%2Fcategories&post=11609"},{"taxonomy":"post_tag","embeddable":true,"href":"https:\/\/atecordoba.org\/index.php?rest_route=%2Fwp%2Fv2%2Ftags&post=11609"}],"curies":[{"name":"wp","href":"https:\/\/api.w.org\/{rel}","templated":true}]}}