{"id":11594,"date":"2019-11-20T12:20:49","date_gmt":"2019-11-20T15:20:49","guid":{"rendered":"https:\/\/www.atecordoba.org\/?p=11594"},"modified":"2020-05-05T09:18:53","modified_gmt":"2020-05-05T12:18:53","slug":"encuentro-de-la-conduccion-en-la-seccional-villa-maria","status":"publish","type":"post","link":"https:\/\/atecordoba.org\/?p=11594","title":{"rendered":"Encuentro de la conducci\u00f3n provincial en la seccional Villa Mar\u00eda"},"content":{"rendered":"\n<p><em>El secretario General Federico Giuliani se reuni\u00f3 ayer con los compa\u00f1eros de la comisi\u00f3n directiva local para avanzar sobre el proyecto del CDP de la conducci\u00f3n reci\u00e9n asumida<\/em>.<\/p>\n\n\n\n<figure class=\"wp-block-image\"><img decoding=\"async\" src=\"http:\/\/atecordoba.org\/wp-content\/uploads\/2020\/05\/WhatsApp-Image-2019-11-19-at-23.02.26-1024x498.jpg\" alt=\"\" class=\"wp-image-11595\"\/><\/figure>\n\n\n\n<p>El encuentro se realiz\u00f3 en  la Casa de ATE de la Seccional Villa Mar\u00eda, donde la Comisi\u00f3n Directiva local encabezada por su Secretario General, Fernando &#8220;Oso&#8221; Mercado, recibi\u00f3 a Giuliani. <\/p>\n\n\n\n<p>Al cierre del c\u00f3nclave, el secretario General del CDP detall\u00f3 que se trat\u00f3 de &#8220;una excelente instancia de debate pol\u00edtico, que es lo que nos falt\u00f3 anteriormente, en donde pudimos contar nuestro proyecto para los pr\u00f3ximos cuatro a\u00f1os&#8221;. <\/p>\n\n\n\n<p>En tal sentido, el dirigente se\u00f1al\u00f3 como balance que &#8220;se escucharon atentamente los planteos de las y los compa\u00f1eros para tener un Consejo Directivo Provincial m\u00e1s federal, presente en el territorio, en los sectores de trabajo, de cara a las y los trabajadores. Nos llevamos varias propuestas y necesidades para gestionar. Vamos caminando&#8221;.<\/p>\n\n\n\n<ul class=\"wp-block-gallery columns-3 is-cropped wp-block-gallery-1 is-layout-flex wp-block-gallery-is-layout-flex\"><li class=\"blocks-gallery-item\"><figure><img decoding=\"async\" src=\"http:\/\/atecordoba.org\/wp-content\/uploads\/2020\/05\/WhatsApp-Image-2019-11-19-at-22.50.01-1024x498.jpg\" alt=\"\" data-id=\"11596\" data-link=\"https:\/\/www.atecordoba.org\/?attachment_id=11596\" class=\"wp-image-11596\"\/><\/figure><\/li><li class=\"blocks-gallery-item\"><figure><img decoding=\"async\" src=\"http:\/\/atecordoba.org\/wp-content\/uploads\/2020\/05\/WhatsApp-Image-2019-11-19-at-22.50.26-1024x498.jpg\" alt=\"\" data-id=\"11597\" data-link=\"https:\/\/www.atecordoba.org\/?attachment_id=11597\" class=\"wp-image-11597\"\/><\/figure><\/li><li class=\"blocks-gallery-item\"><figure><img decoding=\"async\" src=\"http:\/\/atecordoba.org\/wp-content\/uploads\/2020\/05\/WhatsApp-Image-2019-11-19-at-22.58.57-1024x498.jpg\" alt=\"\" data-id=\"11598\" data-link=\"https:\/\/www.atecordoba.org\/?attachment_id=11598\" class=\"wp-image-11598\"\/><\/figure><\/li><li class=\"blocks-gallery-item\"><figure><img decoding=\"async\" src=\"http:\/\/atecordoba.org\/wp-content\/uploads\/2020\/05\/WhatsApp-Image-2019-11-19-at-22.59.13.jpg\" alt=\"\" data-id=\"11599\" data-link=\"https:\/\/www.atecordoba.org\/?attachment_id=11599\" class=\"wp-image-11599\"\/><\/figure><\/li><li class=\"blocks-gallery-item\"><figure><img decoding=\"async\" src=\"http:\/\/atecordoba.org\/wp-content\/uploads\/2020\/05\/WhatsApp-Image-2019-11-19-at-22.59.35-1024x498.jpg\" alt=\"\" data-id=\"11600\" data-link=\"https:\/\/www.atecordoba.org\/?attachment_id=11600\" class=\"wp-image-11600\"\/><\/figure><\/li><li class=\"blocks-gallery-item\"><figure><img decoding=\"async\" src=\"http:\/\/atecordoba.org\/wp-content\/uploads\/2020\/05\/WhatsApp-Image-2019-11-19-at-22.59.44-1024x498.jpg\" alt=\"\" data-id=\"11601\" data-link=\"https:\/\/www.atecordoba.org\/?attachment_id=11601\" class=\"wp-image-11601\"\/><\/figure><\/li><li class=\"blocks-gallery-item\"><figure><img decoding=\"async\" src=\"http:\/\/atecordoba.org\/wp-content\/uploads\/2020\/05\/WhatsApp-Image-2019-11-19-at-22.59.50-498x1024.jpg\" alt=\"\" data-id=\"11602\" data-link=\"https:\/\/www.atecordoba.org\/?attachment_id=11602\" class=\"wp-image-11602\"\/><\/figure><\/li><li class=\"blocks-gallery-item\"><figure><img decoding=\"async\" src=\"http:\/\/atecordoba.org\/wp-content\/uploads\/2020\/05\/WhatsApp-Image-2019-11-19-at-22.59.53-1024x498.jpg\" alt=\"\" data-id=\"11603\" data-link=\"https:\/\/www.atecordoba.org\/?attachment_id=11603\" class=\"wp-image-11603\"\/><\/figure><\/li><li class=\"blocks-gallery-item\"><figure><img decoding=\"async\" src=\"http:\/\/atecordoba.org\/wp-content\/uploads\/2020\/05\/WhatsApp-Image-2019-11-19-at-23.02.20-1-1024x498.jpg\" alt=\"\" data-id=\"11604\" data-link=\"https:\/\/www.atecordoba.org\/?attachment_id=11604\" class=\"wp-image-11604\"\/><\/figure><\/li><li class=\"blocks-gallery-item\"><figure><img decoding=\"async\" src=\"http:\/\/atecordoba.org\/wp-content\/uploads\/2020\/05\/WhatsApp-Image-2019-11-19-at-23.02.20-1024x498.jpg\" alt=\"\" data-id=\"11605\" data-link=\"https:\/\/www.atecordoba.org\/?attachment_id=11605\" class=\"wp-image-11605\"\/><\/figure><\/li><li class=\"blocks-gallery-item\"><figure><img decoding=\"async\" src=\"http:\/\/atecordoba.org\/wp-content\/uploads\/2020\/05\/WhatsApp-Image-2019-11-19-at-23.02.21-1024x498.jpg\" alt=\"\" data-id=\"11606\" data-link=\"https:\/\/www.atecordoba.org\/?attachment_id=11606\" class=\"wp-image-11606\"\/><\/figure><\/li><\/ul>\n","protected":false},"excerpt":{"rendered":"<p>El secretario General Federico Giuliani se reuni\u00f3 ayer con los compa\u00f1eros de la comisi\u00f3n directiva local para avanzar sobre el proyecto del CDP de la conducci\u00f3n reci\u00e9n asumida. El encuentro se realiz\u00f3 en la Casa de ATE de la Seccional Villa Mar\u00eda, donde la Comisi\u00f3n Directiva local encabezada por su Secretario General, Fernando &#8220;Oso&#8221; Mercado, [&hellip;]<\/p>\n","protected":false},"author":1,"featured_media":19220,"comment_status":"open","ping_status":"open","sticky":false,"template":"","format":"standard","meta":{"_exactmetrics_skip_tracking":false,"_exactmetrics_sitenote_active":false,"_exactmetrics_sitenote_note":"","_exactmetrics_sitenote_category":0,"jnews-multi-image_gallery":[],"jnews_single_post":[],"jnews_primary_category":[],"jnews_social_meta":[],"jnews_review":[],"enable_review":"","type":"","name":"","summary":"","brand":"","sku":"","good":[],"bad":[],"score_override":"","override_value":"","rating":[],"price":[],"jnews_override_counter":[],"jnews_post_split":[],"footnotes":""},"categories":[1],"tags":[],"class_list":["post-11594","post","type-post","status-publish","format-standard","has-post-thumbnail","hentry","category-sin-categoria"],"jetpack_featured_media_url":"https:\/\/atecordoba.org\/wp-content\/uploads\/2020\/05\/logo-nuevochico-e1561581322808.png","_links":{"self":[{"href":"https:\/\/atecordoba.org\/index.php?rest_route=\/wp\/v2\/posts\/11594","targetHints":{"allow":["GET"]}}],"collection":[{"href":"https:\/\/atecordoba.org\/index.php?rest_route=\/wp\/v2\/posts"}],"about":[{"href":"https:\/\/atecordoba.org\/index.php?rest_route=\/wp\/v2\/types\/post"}],"author":[{"embeddable":true,"href":"https:\/\/atecordoba.org\/index.php?rest_route=\/wp\/v2\/users\/1"}],"replies":[{"embeddable":true,"href":"https:\/\/atecordoba.org\/index.php?rest_route=%2Fwp%2Fv2%2Fcomments&post=11594"}],"version-history":[{"count":1,"href":"https:\/\/atecordoba.org\/index.php?rest_route=\/wp\/v2\/posts\/11594\/revisions"}],"predecessor-version":[{"id":19086,"href":"https:\/\/atecordoba.org\/index.php?rest_route=\/wp\/v2\/posts\/11594\/revisions\/19086"}],"wp:featuredmedia":[{"embeddable":true,"href":"https:\/\/atecordoba.org\/index.php?rest_route=\/wp\/v2\/media\/19220"}],"wp:attachment":[{"href":"https:\/\/atecordoba.org\/index.php?rest_route=%2Fwp%2Fv2%2Fmedia&parent=11594"}],"wp:term":[{"taxonomy":"category","embeddable":true,"href":"https:\/\/atecordoba.org\/index.php?rest_route=%2Fwp%2Fv2%2Fcategories&post=11594"},{"taxonomy":"post_tag","embeddable":true,"href":"https:\/\/atecordoba.org\/index.php?rest_route=%2Fwp%2Fv2%2Ftags&post=11594"}],"curies":[{"name":"wp","href":"https:\/\/api.w.org\/{rel}","templated":true}]}}