{"id":11580,"date":"2019-11-20T08:11:23","date_gmt":"2019-11-20T11:11:23","guid":{"rendered":"https:\/\/www.atecordoba.org\/?p=11580"},"modified":"2020-05-05T09:19:09","modified_gmt":"2020-05-05T12:19:09","slug":"ate-rechaza-la-propuesta-salarial-del-gobierno-para-los-estatales-provinciales","status":"publish","type":"post","link":"https:\/\/atecordoba.org\/?p=11580","title":{"rendered":"ATE rechaza la propuesta salarial del Gobierno para los estatales provinciales"},"content":{"rendered":"\n<p> <\/p>\n\n\n\n<div class=\"wp-block-image\"><figure class=\"aligncenter\"><img decoding=\"async\" src=\"http:\/\/atecordoba.org\/wp-content\/uploads\/2020\/05\/72146636_565453210885705_2600749697278672896_n.jpg\" alt=\"\" class=\"wp-image-11581\"\/><figcaption><em>Acuerdo salarial entre la Provincia y el SEP perjudicando a las y los provinciales<\/em><\/figcaption><\/figure><\/div>\n\n\n\n<p>El Consejo Directivo Provincial de la Asociaci\u00f3n Trabajadores del Estado (ATE-CTA) C\u00f3rdoba rechaza la oferta realizada por el Gobierno provincial de otorgar un m\u00edsero aumento salarial del 4 por ciento, m\u00e1s una suma fija de $1.750 para noviembre. <\/p>\n\n\n\n<p>Es una burla que no resiste ning\u00fan an\u00e1lisis serio considerar esta propuesta y mucho menos el ofrecimiento de seguir cobrando esa suma fija de 1.750 pesos en diciembre y blanquear $1.250 pesos de esa suma en el mes de enero de 2020, teniendo en cuenta los niveles de inflaci\u00f3n galopante y la p\u00e9rdida de poder adquisitivo que sufrimos los y las trabajadoras todos los d\u00edas. <\/p>\n\n\n\n<p>La indecorosa propuesta formulada por el Gobierno de Juan Schiaretti se da de narices con los datos sobre la inflaci\u00f3n dados a conocer la semana pasada por el INDEC y que arrojaron un 3,3% para octubre, llegando a un acumulado del 42,2% durante 2019 y del 50,5% en el c\u00e1lculo interanual. <\/p>\n\n\n\n<p>ATE repudia esta d\u00e1diva oficial, reclama un aumento de emergencia que emparde los ingresos de los y las estatales provinciales con el costo de vida y exige que el Gobierno cese con su pol\u00edtica de discriminaci\u00f3n convocando a la Mesa Paritaria a nuestra organizaci\u00f3n sindical que ostenta la Personer\u00eda Gremial N\u00ba 2. <\/p>\n\n\n\n<p><strong>Federico Giuliani       Secretario General  <\/strong><\/p>\n\n\n\n<p><strong>Hugo Dur\u00e1n <\/strong> <strong>             Secretario Adjunto <\/strong><\/p>\n","protected":false},"excerpt":{"rendered":"<p>El Consejo Directivo Provincial de la Asociaci\u00f3n Trabajadores del Estado (ATE-CTA) C\u00f3rdoba rechaza la oferta realizada por el Gobierno provincial de otorgar un m\u00edsero aumento salarial del 4 por ciento, m\u00e1s una suma fija de $1.750 para noviembre. Es una burla que no resiste ning\u00fan an\u00e1lisis serio considerar esta propuesta y mucho menos el ofrecimiento [&hellip;]<\/p>\n","protected":false},"author":1,"featured_media":19220,"comment_status":"open","ping_status":"open","sticky":false,"template":"","format":"standard","meta":{"_exactmetrics_skip_tracking":false,"_exactmetrics_sitenote_active":false,"_exactmetrics_sitenote_note":"","_exactmetrics_sitenote_category":0,"jnews-multi-image_gallery":[],"jnews_single_post":[],"jnews_primary_category":[],"jnews_social_meta":[],"jnews_review":[],"enable_review":"","type":"","name":"","summary":"","brand":"","sku":"","good":[],"bad":[],"score_override":"","override_value":"","rating":[],"price":[],"jnews_override_counter":[],"jnews_post_split":[],"footnotes":""},"categories":[1],"tags":[153,154,155,31,156],"class_list":["post-11580","post","type-post","status-publish","format-standard","has-post-thumbnail","hentry","category-sin-categoria","tag-aumento","tag-cordoba","tag-pobreza","tag-provinciales-2","tag-sep"],"jetpack_featured_media_url":"https:\/\/atecordoba.org\/wp-content\/uploads\/2020\/05\/logo-nuevochico-e1561581322808.png","_links":{"self":[{"href":"https:\/\/atecordoba.org\/index.php?rest_route=\/wp\/v2\/posts\/11580","targetHints":{"allow":["GET"]}}],"collection":[{"href":"https:\/\/atecordoba.org\/index.php?rest_route=\/wp\/v2\/posts"}],"about":[{"href":"https:\/\/atecordoba.org\/index.php?rest_route=\/wp\/v2\/types\/post"}],"author":[{"embeddable":true,"href":"https:\/\/atecordoba.org\/index.php?rest_route=\/wp\/v2\/users\/1"}],"replies":[{"embeddable":true,"href":"https:\/\/atecordoba.org\/index.php?rest_route=%2Fwp%2Fv2%2Fcomments&post=11580"}],"version-history":[{"count":1,"href":"https:\/\/atecordoba.org\/index.php?rest_route=\/wp\/v2\/posts\/11580\/revisions"}],"predecessor-version":[{"id":19088,"href":"https:\/\/atecordoba.org\/index.php?rest_route=\/wp\/v2\/posts\/11580\/revisions\/19088"}],"wp:featuredmedia":[{"embeddable":true,"href":"https:\/\/atecordoba.org\/index.php?rest_route=\/wp\/v2\/media\/19220"}],"wp:attachment":[{"href":"https:\/\/atecordoba.org\/index.php?rest_route=%2Fwp%2Fv2%2Fmedia&parent=11580"}],"wp:term":[{"taxonomy":"category","embeddable":true,"href":"https:\/\/atecordoba.org\/index.php?rest_route=%2Fwp%2Fv2%2Fcategories&post=11580"},{"taxonomy":"post_tag","embeddable":true,"href":"https:\/\/atecordoba.org\/index.php?rest_route=%2Fwp%2Fv2%2Ftags&post=11580"}],"curies":[{"name":"wp","href":"https:\/\/api.w.org\/{rel}","templated":true}]}}