{"id":11570,"date":"2019-11-19T16:41:16","date_gmt":"2019-11-19T19:41:16","guid":{"rendered":"https:\/\/www.atecordoba.org\/?p=11570"},"modified":"2020-05-05T09:19:09","modified_gmt":"2020-05-05T12:19:09","slug":"ate-creo-la-comision-de-relevamiento-de-despedidos-en-cordoba","status":"publish","type":"post","link":"https:\/\/atecordoba.org\/?p=11570","title":{"rendered":"ATE cre\u00f3 la Comisi\u00f3n de Relevamiento de Despedidos en C\u00f3rdoba"},"content":{"rendered":"\n<p><em>En un plenario realizado hoy en el CDP, la comisi\u00f3n directiva junto a trabajadores despedidos, delegados y activistas de toda la provincia resolvieron avanzar en la organizaci\u00f3n de la herramienta para canalizar el reclamo de la reincorporaci\u00f3n de los cesanteados del macrismo.<\/em><\/p>\n\n\n\n<figure class=\"wp-block-image\"><img decoding=\"async\" src=\"http:\/\/atecordoba.org\/wp-content\/uploads\/2020\/05\/IMG_8850-1024x768.jpg\" alt=\"\" class=\"wp-image-11571\"\/><\/figure>\n\n\n\n<p>El plenario estuvo presidido por el secretario General de ATE C\u00f3rdoba, Federico Giuliani, junto a los dirigentes de ATE nacional Francisco Dollmann y C\u00e9sar Balinia, que cumplen funciones como coordinadores de la  Comisi\u00f3n de Revelamiento de Despedidxs de la Era Macri (CORREDMA). <\/p>\n\n\n\n<p>En la oportunidad participaron compa\u00f1eros de INTI, SENASA, ANAC, SAF y Fabricaciones Militares, entre otros sectores. A su vez, participaron representantes de R\u00edo Cuarto, Villa Mar\u00eda y R\u00edo Tercero.<\/p>\n\n\n\n<figure class=\"wp-block-image\"><img decoding=\"async\" src=\"http:\/\/atecordoba.org\/wp-content\/uploads\/2020\/05\/IMG_8862-1024x768.jpg\" alt=\"\" class=\"wp-image-11572\"\/><\/figure>\n\n\n\n<p>Los distintos compa\u00f1eros relataron su experiencia personal o la de su sector a la hora de sufrir el embate de la gesti\u00f3n macrista, donde se despidieron alrededor de 30 mil estatales en todo el pa\u00eds y unos 320 en la provincia de C\u00f3rdoba. <\/p>\n\n\n\n<p>A los fines de hacer efectivo el trabajo de la CORREDMA en C\u00f3rdoba se design\u00f3 un grupo de compa\u00f1eros para que la integren en forma permanente, que contar\u00e1 tambi\u00e9n con la participaci\u00f3n de equipo jur\u00eddico de ATE C\u00f3rdoba.<\/p>\n\n\n\n<figure class=\"wp-block-image\"><img decoding=\"async\" src=\"http:\/\/atecordoba.org\/wp-content\/uploads\/2020\/05\/IMG_8863-1024x768.jpg\" alt=\"\" class=\"wp-image-11573\"\/><\/figure>\n\n\n\n<p>Una vez expuestas las distintas experiencias, Giuliani cerro el plenario celebrando que se haya dado &#8220;el puntapi\u00e9 en C\u00f3rdoba de dar un revulsivo a la actividad de las despedidas y los despedidos. Ante la expectativa que genera todo nuevo gobierno lo mejor que nos puede pasar es estar organizados, visibilizados, d\u00e1ndole valor a los testimonios que se han dado hoy, que son testimonios de vida. Sobre todo resaltar la necesidad de escucharnos porque estamos muy acostumbrados a hablar, pero escuchamos poco&#8221;.<\/p>\n\n\n\n<p>En ese sentido, el secretario General destac\u00f3 que &#8220;la idea de la Comisi\u00f3n es relevar, investigar, pero generar acciones de lucha, realizando con el sindicato acciones para visibilizar el tema de los despidos.  Hemos sido parte a partir de la resistencia al gobierno de Macri, la peor pesadilla para las trabajadoras y los trabajadores, y formamos parte de las condiciones objetivas para que ganara Alberto Fern\u00e1ndez&#8221;. <\/p>\n\n\n\n<div class=\"wp-block-image\"><figure class=\"alignright is-resized\"><img loading=\"lazy\" decoding=\"async\" src=\"http:\/\/atecordoba.org\/wp-content\/uploads\/2020\/05\/IMG_8859-1-1024x768.jpg\" alt=\"\" class=\"wp-image-11575\" width=\"411\" height=\"308\"\/><\/figure><\/div>\n\n\n\n<p>&#8220;Ahora, va a ser la relaci\u00f3n de fuerzas de la organizaci\u00f3n la que logre reincorporar a los despedidos y los que tensionemos para definir qu\u00e9 clase de Estado vamos a construir. Si va a ser un Estado chiquito al servicio de las minor\u00edas como el que produjo Macri, dif\u00edcilmente podamos reincorporar a las compa\u00f1eras y los compa\u00f1eros&#8221;, firm\u00f3 el dirigente. <\/p>\n\n\n\n<p>Y agreg\u00f3: &#8220;para que haya paz social tiene que haber justicia social, y esto no se concretar\u00e1 sin la reincorporaci\u00f3n de los despedidos, si no hay una recomposici\u00f3n salarial para los que todav\u00eda laburamos y vimos pulverizado nuestro salario. Por eso no va\u00a0a haber pacto social con precarizaci\u00f3n laboral, que genera fraude laboral, disciplinamiento de la clase y esa inestabilidad e incertidumbre de saber si el pr\u00f3ximo a\u00f1o seguimos laburando o no&#8221;.<\/p>\n\n\n\n<p>En esa l\u00ednea, Giuliani adelant\u00f3 que &#8220;otros sectores tambi\u00e9n van a ir a marcar agenda, como los movimientos sociales con el tema del hambre, destacamos tambi\u00e9n que muchos de los organismos devastados tienen que ver con la soberan\u00eda alimentaria. Ah\u00ed est\u00e1n Agricultura Familiar, Senasa como organismo contralor, el INTI para generar herramientas. \u00a0Son los primeros 100 d\u00edas de gobierno donde se van a ir delineando los objetivos de la gesti\u00f3n. A partir de eso, el diagnostico est\u00e1, ahora necesitamos la propuesta para que se lleve a la comisi\u00f3n a nivel nacional&#8221;. <\/p>\n\n\n\n<div class=\"wp-block-image\"><figure class=\"alignleft is-resized\"><img loading=\"lazy\" decoding=\"async\" src=\"http:\/\/atecordoba.org\/wp-content\/uploads\/2020\/05\/IMG_8861-1024x768.jpg\" alt=\"\" class=\"wp-image-11576\" width=\"352\" height=\"264\"\/><\/figure><\/div>\n\n\n\n<p>Y concluy\u00f3 recordando que &#8220;en C\u00f3rdoba tenemos 320 despidos, entre Fabricaciones Militares, que fue el organismo m\u00e1s castigado, Senasa, Anac, la SAF, INTI. Atr\u00e1s de cada compa\u00f1ero hay una historia, una familia, por lo que nuestro desaf\u00edo como conducci\u00f3n recientemente asumida es darle a este plenario la importancia que se merece. Y por eso es importante que se multiplique la convocatoria&#8221;. <\/p>\n\n\n\n<figure class=\"wp-block-image\"><img decoding=\"async\" src=\"http:\/\/atecordoba.org\/wp-content\/uploads\/2020\/05\/IMG_8899-1024x768.jpg\" alt=\"\" class=\"wp-image-11577\"\/><\/figure>\n\n\n\n<p><strong>Inscribirse en el documento de la CORREDMA<\/strong><\/p>\n\n\n\n<p>Los compa\u00f1eros que fueron despedidos pueden inscribirse en el registro de la CORREDMA a los fines de quedar registrados con todos sus datos y sector del Estado donde se desempe\u00f1aron.<\/p>\n\n\n\n<p>La inscripci\u00f3n se realiza haciendo click <a href=\"https:\/\/docs.google.com\/forms\/d\/e\/1FAIpQLSf5uacY87fJNWWHuXqxnbu6kdv5Cl8BJeTf4InpYJY3jfo6ow\/viewform?vc=0&amp;c=0&amp;w=1\">aqu\u00ed.<\/a> <\/p>\n\n\n\n<figure class=\"wp-block-embed-youtube wp-block-embed is-type-video is-provider-youtube wp-embed-aspect-4-3 wp-has-aspect-ratio\"><div class=\"wp-block-embed__wrapper\">\n<div class=\"epyt-video-wrapper\"><iframe loading=\"lazy\"  style=\"display: block; margin: 0px auto;\"  id=\"_ytid_58331\"  width=\"480\" height=\"360\"  data-origwidth=\"480\" data-origheight=\"360\" src=\"https:\/\/www.youtube.com\/embed\/vcXRcy87avg?enablejsapi=1&#038;autoplay=0&#038;cc_load_policy=0&#038;cc_lang_pref=&#038;iv_load_policy=3&#038;loop=0&#038;rel=0&#038;fs=1&#038;playsinline=0&#038;autohide=2&#038;theme=dark&#038;color=red&#038;controls=1&#038;disablekb=0&#038;\" class=\"__youtube_prefs__  epyt-is-override  no-lazyload\" title=\"YouTube player\"  allow=\"fullscreen; accelerometer; autoplay; clipboard-write; encrypted-media; gyroscope; picture-in-picture; web-share\" referrerpolicy=\"strict-origin-when-cross-origin\" allowfullscreen data-no-lazy=\"1\" data-skipgform_ajax_framebjll=\"\"><\/iframe><\/div>\n<\/div><\/figure>\n","protected":false},"excerpt":{"rendered":"<p>En un plenario realizado hoy en el CDP, la comisi\u00f3n directiva junto a trabajadores despedidos, delegados y activistas de toda la provincia resolvieron avanzar en la organizaci\u00f3n de la herramienta para canalizar el reclamo de la reincorporaci\u00f3n de los cesanteados del macrismo. El plenario estuvo presidido por el secretario General de ATE C\u00f3rdoba, Federico Giuliani, [&hellip;]<\/p>\n","protected":false},"author":1,"featured_media":19220,"comment_status":"open","ping_status":"open","sticky":false,"template":"","format":"standard","meta":{"_exactmetrics_skip_tracking":false,"_exactmetrics_sitenote_active":false,"_exactmetrics_sitenote_note":"","_exactmetrics_sitenote_category":0,"jnews-multi-image_gallery":[],"jnews_single_post":[],"jnews_primary_category":[],"jnews_social_meta":[],"jnews_review":[],"enable_review":"","type":"","name":"","summary":"","brand":"","sku":"","good":[],"bad":[],"score_override":"","override_value":"","rating":[],"price":[],"jnews_override_counter":[],"jnews_post_split":[],"footnotes":""},"categories":[1],"tags":[],"class_list":["post-11570","post","type-post","status-publish","format-standard","has-post-thumbnail","hentry","category-sin-categoria"],"jetpack_featured_media_url":"https:\/\/atecordoba.org\/wp-content\/uploads\/2020\/05\/logo-nuevochico-e1561581322808.png","_links":{"self":[{"href":"https:\/\/atecordoba.org\/index.php?rest_route=\/wp\/v2\/posts\/11570","targetHints":{"allow":["GET"]}}],"collection":[{"href":"https:\/\/atecordoba.org\/index.php?rest_route=\/wp\/v2\/posts"}],"about":[{"href":"https:\/\/atecordoba.org\/index.php?rest_route=\/wp\/v2\/types\/post"}],"author":[{"embeddable":true,"href":"https:\/\/atecordoba.org\/index.php?rest_route=\/wp\/v2\/users\/1"}],"replies":[{"embeddable":true,"href":"https:\/\/atecordoba.org\/index.php?rest_route=%2Fwp%2Fv2%2Fcomments&post=11570"}],"version-history":[{"count":1,"href":"https:\/\/atecordoba.org\/index.php?rest_route=\/wp\/v2\/posts\/11570\/revisions"}],"predecessor-version":[{"id":19095,"href":"https:\/\/atecordoba.org\/index.php?rest_route=\/wp\/v2\/posts\/11570\/revisions\/19095"}],"wp:featuredmedia":[{"embeddable":true,"href":"https:\/\/atecordoba.org\/index.php?rest_route=\/wp\/v2\/media\/19220"}],"wp:attachment":[{"href":"https:\/\/atecordoba.org\/index.php?rest_route=%2Fwp%2Fv2%2Fmedia&parent=11570"}],"wp:term":[{"taxonomy":"category","embeddable":true,"href":"https:\/\/atecordoba.org\/index.php?rest_route=%2Fwp%2Fv2%2Fcategories&post=11570"},{"taxonomy":"post_tag","embeddable":true,"href":"https:\/\/atecordoba.org\/index.php?rest_route=%2Fwp%2Fv2%2Ftags&post=11570"}],"curies":[{"name":"wp","href":"https:\/\/api.w.org\/{rel}","templated":true}]}}