{"id":11566,"date":"2019-11-19T08:13:27","date_gmt":"2019-11-19T11:13:27","guid":{"rendered":"https:\/\/www.atecordoba.org\/?p=11566"},"modified":"2020-05-05T09:19:19","modified_gmt":"2020-05-05T12:19:19","slug":"plenario-de-trabajadores-despedidos-del-estado-nacional","status":"publish","type":"post","link":"https:\/\/atecordoba.org\/?p=11566","title":{"rendered":"Plenario de trabajadores despedidos del Estado nacional"},"content":{"rendered":"\n<p><em>Organizado por el Consejo Directivo Provincial, hoy se llevar\u00e1 a cabo en sede de ATE, desde las 10.30 horas, el plenario de trabajadores y trabajadores despedidos de los sectores nacionales. <\/em><\/p>\n\n\n\n<figure class=\"wp-block-image\"><img decoding=\"async\" src=\"http:\/\/atecordoba.org\/wp-content\/uploads\/2020\/05\/WhatsApp-Image-2019-11-18-at-20.40.45-1024x723.jpg\" alt=\"\" class=\"wp-image-11567\"\/><\/figure>\n\n\n\n<p>Se trata de los compa\u00f1eros que\u00a0fueron despedidos\u00a0durante el macrismo y que se vienen organizando en ATE para recuperar sus puestos de trabajo.<\/p>\n\n\n\n<p>En la oportunidad\nestar\u00e1n presentes los coordinadores nacionales de la Comisi\u00f3n de Revelamiento\nde Despedidxs de la Era Macri (CORREDMA).<\/p>\n\n\n\n<p>El temario a debatir es: &#8216;estrategias de reincorporaci\u00f3n ante el nuevo escenario nacional&#8217; y &#8216;reactivaci\u00f3n de las \u00e1reas productivas del Estado nacional&#8217;.<\/p>\n\n\n\n<p style=\"text-align:right\">Federico Giuliani <\/p>\n\n\n\n<p style=\"text-align:right\">Secretario General<\/p>\n","protected":false},"excerpt":{"rendered":"<p>Organizado por el Consejo Directivo Provincial, hoy se llevar\u00e1 a cabo en sede de ATE, desde las 10.30 horas, el plenario de trabajadores y trabajadores despedidos de los sectores nacionales. Se trata de los compa\u00f1eros que\u00a0fueron despedidos\u00a0durante el macrismo y que se vienen organizando en ATE para recuperar sus puestos de trabajo. En la oportunidad [&hellip;]<\/p>\n","protected":false},"author":1,"featured_media":19220,"comment_status":"open","ping_status":"open","sticky":false,"template":"","format":"standard","meta":{"_exactmetrics_skip_tracking":false,"_exactmetrics_sitenote_active":false,"_exactmetrics_sitenote_note":"","_exactmetrics_sitenote_category":0,"jnews-multi-image_gallery":[],"jnews_single_post":[],"jnews_primary_category":[],"jnews_social_meta":[],"jnews_review":[],"enable_review":"","type":"","name":"","summary":"","brand":"","sku":"","good":[],"bad":[],"score_override":"","override_value":"","rating":[],"price":[],"jnews_override_counter":[],"jnews_post_split":[],"footnotes":""},"categories":[1],"tags":[],"class_list":["post-11566","post","type-post","status-publish","format-standard","has-post-thumbnail","hentry","category-sin-categoria"],"jetpack_featured_media_url":"https:\/\/atecordoba.org\/wp-content\/uploads\/2020\/05\/logo-nuevochico-e1561581322808.png","_links":{"self":[{"href":"https:\/\/atecordoba.org\/index.php?rest_route=\/wp\/v2\/posts\/11566","targetHints":{"allow":["GET"]}}],"collection":[{"href":"https:\/\/atecordoba.org\/index.php?rest_route=\/wp\/v2\/posts"}],"about":[{"href":"https:\/\/atecordoba.org\/index.php?rest_route=\/wp\/v2\/types\/post"}],"author":[{"embeddable":true,"href":"https:\/\/atecordoba.org\/index.php?rest_route=\/wp\/v2\/users\/1"}],"replies":[{"embeddable":true,"href":"https:\/\/atecordoba.org\/index.php?rest_route=%2Fwp%2Fv2%2Fcomments&post=11566"}],"version-history":[{"count":1,"href":"https:\/\/atecordoba.org\/index.php?rest_route=\/wp\/v2\/posts\/11566\/revisions"}],"predecessor-version":[{"id":19097,"href":"https:\/\/atecordoba.org\/index.php?rest_route=\/wp\/v2\/posts\/11566\/revisions\/19097"}],"wp:featuredmedia":[{"embeddable":true,"href":"https:\/\/atecordoba.org\/index.php?rest_route=\/wp\/v2\/media\/19220"}],"wp:attachment":[{"href":"https:\/\/atecordoba.org\/index.php?rest_route=%2Fwp%2Fv2%2Fmedia&parent=11566"}],"wp:term":[{"taxonomy":"category","embeddable":true,"href":"https:\/\/atecordoba.org\/index.php?rest_route=%2Fwp%2Fv2%2Fcategories&post=11566"},{"taxonomy":"post_tag","embeddable":true,"href":"https:\/\/atecordoba.org\/index.php?rest_route=%2Fwp%2Fv2%2Ftags&post=11566"}],"curies":[{"name":"wp","href":"https:\/\/api.w.org\/{rel}","templated":true}]}}