{"id":11554,"date":"2019-11-11T16:09:40","date_gmt":"2019-11-11T19:09:40","guid":{"rendered":"https:\/\/www.atecordoba.org\/?p=11554"},"modified":"2020-05-05T09:19:24","modified_gmt":"2020-05-05T12:19:24","slug":"repudio-al-golpe-y-solidaridad-con-evo-morales-todos-a-la-marcha","status":"publish","type":"post","link":"https:\/\/atecordoba.org\/?p=11554","title":{"rendered":"Repudio al golpe y solidaridad con Evo Morales: todos a la marcha"},"content":{"rendered":"\n<p><em>El Consejo Directivo Provincial repudia el golpe de estado en Bolivia y convoca a todos a movilizarse hoy a las 18 horas frente al Patio Olmos.<\/em><\/p>\n\n\n\n<figure class=\"wp-block-image\"><img decoding=\"async\" src=\"http:\/\/atecordoba.org\/wp-content\/uploads\/2020\/05\/banderas-bolivia.png\" alt=\"\" class=\"wp-image-11556\"\/><\/figure>\n\n\n\n<p>Repudiamos el golpe de estado perpetrado por la oligarqu\u00eda\nboliviana y las fuerzas armadas y policiales al gobierno de Evo Morales Ayma, y\nnos solidarizamos con todo el Estado Plurinacional de Bolivia, que hoy se\nenfrenta a la peligrosa p\u00e9rdida de los derechos conquistados por el primer\ngobierno ind\u00edgena que consigui\u00f3 el poder. <\/p>\n\n\n\n<p>Las operaciones militares puestas en curso Am\u00e9rica Latina\nnos recuerdan a aquellos tr\u00e1gicos hechos que ensangrentaron nuestros pueblos el\nsiglo pasado.<\/p>\n\n\n\n<p>Decimos nunca m\u00e1s persecuciones pol\u00edticas. Velamos por la\nintegridad f\u00edsica de Evo, Garc\u00eda Linera y de las bases militantes del M\u00c1S.<\/p>\n\n\n\n<p>Consideramos este golpe un ataque de la derecha racista y\naporof\u00f3bica, dirigido contra todo el proceso social que han desarrollo cientos\nde organizaciones sociales, originarias y comunidades que encarnan el car\u00e1cter\nplurinacional del territorio boliviano.<\/p>\n\n\n\n<p>Hoy a las 18 horas nos convocamos juntos a sindicatos, movimientos\nsociales y partidos pol\u00edticos a concentrarnos frente al Pario Olmos para exigir\nla restituci\u00f3n del Presidente Evo Morales y terminar con la masacre que los\ngolpistas est\u00e1n perpetrando contra el pueblo boliviano.<\/p>\n\n\n\n<p>\u00a1Nunca m\u00e1s golpes de estado en nuestra Am\u00e9rica Latina!<\/p>\n","protected":false},"excerpt":{"rendered":"<p>El Consejo Directivo Provincial repudia el golpe de estado en Bolivia y convoca a todos a movilizarse hoy a las 18 horas frente al Patio Olmos. Repudiamos el golpe de estado perpetrado por la oligarqu\u00eda boliviana y las fuerzas armadas y policiales al gobierno de Evo Morales Ayma, y nos solidarizamos con todo el Estado [&hellip;]<\/p>\n","protected":false},"author":1,"featured_media":19220,"comment_status":"open","ping_status":"open","sticky":false,"template":"","format":"standard","meta":{"_exactmetrics_skip_tracking":false,"_exactmetrics_sitenote_active":false,"_exactmetrics_sitenote_note":"","_exactmetrics_sitenote_category":0,"jnews-multi-image_gallery":[],"jnews_single_post":[],"jnews_primary_category":[],"jnews_social_meta":[],"jnews_review":[],"enable_review":"","type":"","name":"","summary":"","brand":"","sku":"","good":[],"bad":[],"score_override":"","override_value":"","rating":[],"price":[],"jnews_override_counter":[],"jnews_post_split":[],"footnotes":""},"categories":[1],"tags":[],"class_list":["post-11554","post","type-post","status-publish","format-standard","has-post-thumbnail","hentry","category-sin-categoria"],"jetpack_featured_media_url":"https:\/\/atecordoba.org\/wp-content\/uploads\/2020\/05\/logo-nuevochico-e1561581322808.png","_links":{"self":[{"href":"https:\/\/atecordoba.org\/index.php?rest_route=\/wp\/v2\/posts\/11554","targetHints":{"allow":["GET"]}}],"collection":[{"href":"https:\/\/atecordoba.org\/index.php?rest_route=\/wp\/v2\/posts"}],"about":[{"href":"https:\/\/atecordoba.org\/index.php?rest_route=\/wp\/v2\/types\/post"}],"author":[{"embeddable":true,"href":"https:\/\/atecordoba.org\/index.php?rest_route=\/wp\/v2\/users\/1"}],"replies":[{"embeddable":true,"href":"https:\/\/atecordoba.org\/index.php?rest_route=%2Fwp%2Fv2%2Fcomments&post=11554"}],"version-history":[{"count":1,"href":"https:\/\/atecordoba.org\/index.php?rest_route=\/wp\/v2\/posts\/11554\/revisions"}],"predecessor-version":[{"id":19101,"href":"https:\/\/atecordoba.org\/index.php?rest_route=\/wp\/v2\/posts\/11554\/revisions\/19101"}],"wp:featuredmedia":[{"embeddable":true,"href":"https:\/\/atecordoba.org\/index.php?rest_route=\/wp\/v2\/media\/19220"}],"wp:attachment":[{"href":"https:\/\/atecordoba.org\/index.php?rest_route=%2Fwp%2Fv2%2Fmedia&parent=11554"}],"wp:term":[{"taxonomy":"category","embeddable":true,"href":"https:\/\/atecordoba.org\/index.php?rest_route=%2Fwp%2Fv2%2Fcategories&post=11554"},{"taxonomy":"post_tag","embeddable":true,"href":"https:\/\/atecordoba.org\/index.php?rest_route=%2Fwp%2Fv2%2Ftags&post=11554"}],"curies":[{"name":"wp","href":"https:\/\/api.w.org\/{rel}","templated":true}]}}