{"id":11491,"date":"2019-11-11T13:46:30","date_gmt":"2019-11-11T16:46:30","guid":{"rendered":"https:\/\/www.atecordoba.org\/?p=11491"},"modified":"2020-05-05T09:19:27","modified_gmt":"2020-05-05T12:19:27","slug":"con-gran-acto-asumio-la-nueva-conduccion-de-ate-cordoba","status":"publish","type":"post","link":"https:\/\/atecordoba.org\/?p=11491","title":{"rendered":"Con gran acto, asumi\u00f3 la nueva conducci\u00f3n de ATE C\u00f3rdoba"},"content":{"rendered":"\n<p><em>El pasado 8 de noviembre, d\u00eda de las y los trabajadores municipales, asumi\u00f3 la nueva Comisi\u00f3n Directiva de ATE de la provincia de C\u00f3rdoba.<\/em><\/p>\n\n\n\n<figure class=\"wp-block-image\"><img decoding=\"async\" src=\"http:\/\/atecordoba.org\/wp-content\/uploads\/2020\/05\/WhatsApp-Image-2019-11-11-at-11.07.47-1024x682.jpg\" alt=\"\" class=\"wp-image-11492\"\/><\/figure>\n\n\n\n<p>Con un Club El Hind\u00fa repleto de militantes del campo popular, de afiliadas y afiliados, dirigentes, la m\u00edstica y la alegr\u00eda fueron las principales protagonistas de un d\u00eda hist\u00f3rico. <\/p>\n\n\n\n<p>No s\u00f3lo se trat\u00f3 de asumir formalmente nuevas funciones por parte de compa\u00f1eras y compa\u00f1eros en el CDP, sino de tomar el desaf\u00edo de construir un nuevo tiempo dentro de ATE que permita crecer cuantitativa y cualitativamente en todo el territorio provincial.<\/p>\n\n\n\n<p>Todas las seccionales\nestuvieron presentes: R\u00edo Tercero, R\u00edo Cuarto, Villa Mar\u00eda, Adelia Mar\u00eda, Cruz\ndel Eje y San Francisco, localidad que ya est\u00e1 en condiciones de convocar a\nelecciones para ser seccional nuevamente tras 22 a\u00f1os de haberse cerrado.<\/p>\n\n\n\n<figure class=\"wp-block-image\"><img decoding=\"async\" src=\"http:\/\/atecordoba.org\/wp-content\/uploads\/2020\/05\/WhatsApp-Image-2019-11-11-at-11.07.46-1-1024x682.jpg\" alt=\"\" class=\"wp-image-11493\"\/><\/figure>\n\n\n\n<p>En este marco, en el que fuimos abrazados por sindicatos amigos, referentes pol\u00edticos, organizaciones sociales, trabajadoras y trabajadores activos y pasivos, familiares, amigas y amigos, artistas, referentes estudiantiles y hasta la presencia de la compa\u00f1era Cecilia Montilla, militante de la Red Feminista El Espiral de Venezuela.<\/p>\n\n\n\n<p>Contamos con el gran apoyo del secretario general de ATE Nacional Hugo Godoy, secretario general adjunto Rodolfo Aguiar, Julio Fuentes Presidente de CLATE y Mercedes Cabezas secretaria de organizaci\u00f3n del CDN. Tambi\u00e9n estuvo presente la diputada nacional Gabriela Est\u00e9vez. <\/p>\n\n\n\n<p>Esta nueva etapa que\nse abre viene plagada de m\u00edstica, de convicciones y de mucha militancia. Con\ncompa\u00f1eras y compa\u00f1eros j\u00f3venes, otras y otros con m\u00e1s experiencia,\nrepresentando toda la territorialidad provincial el gran reto ser\u00e1 poner a ATE\nnuevamente como la herramienta en la cual las y los estatales nacionales,\nprovinciales y municipales se organicen.<\/p>\n\n\n\n<figure class=\"wp-block-image\"><img decoding=\"async\" src=\"http:\/\/atecordoba.org\/wp-content\/uploads\/2020\/05\/WhatsApp-Image-2019-11-11-at-11.07.00-1024x682.jpg\" alt=\"\" class=\"wp-image-11494\"\/><\/figure>\n\n\n\n<p>Como se\u00f1al\u00f3 Federico\nGiuliani, secretario general de ATE C\u00f3rdoba: &#8220;nos recorrimos toda &nbsp;la provincia porque estamos convencidos que\nATE debe ser la referencia ante el Estado Patr\u00f3n de las y los estatales\nmunicipales, provinciales y nacionales en toda C\u00f3rdoba&#8221;. <\/p>\n\n\n\n<p>Un hecho que conmovi\u00f3\na todas y todos fue la liberaci\u00f3n de Lula Da Silva. Tornero, trabajador,\nsindicalista y ex Presidente de Brasil, Lula estuvo detenido injustamente y fue\ndeja libre por la Corte Suprema brasilera. <\/p>\n\n\n\n<p>Como dijo Montilla,\ncompa\u00f1era de Venezuela: &#8220;esa es una se\u00f1al, una marca de cosas buenas&#8230;el\nmismo d\u00eda que liberan a Lula ustedes asumen&#8221;. <\/p>\n\n\n\n<figure class=\"wp-block-image\"><img decoding=\"async\" src=\"http:\/\/atecordoba.org\/wp-content\/uploads\/2020\/05\/WhatsApp-Image-2019-11-11-at-11.06.59-2-1024x697.jpg\" alt=\"\" class=\"wp-image-11495\"\/><\/figure>\n\n\n\n<p>Luego del reconocimiento a la militancia y compromiso del querido compa\u00f1ero Cristian Colman de R\u00edo Tercero y a Liliana Salerno, secretaria general saliente, se le dio paso al ballet del Centro de Jubilados del CDP que desplegaron magia en la pista. A rengl\u00f3n seguido el Negro Videla hizo vibrar a las y los presentes con esos temas de siempre que invitan a bailar y festejar.<\/p>\n\n\n\n<p>P\u00e1rrafo aparte merecen\nla batucada Fuego de Luna de R\u00edo Tercero y la murga Los Retumbones Desbocaos de\nR\u00edo Cuarto junto a la percu de Capital, que contagiaron de alegr\u00eda con sus\nbombos y platillos, a todas y todos los que all\u00ed estaban. <\/p>\n\n\n\n<p>Agradecemos profundamente a quienes de distintos puntos del pa\u00eds vinieron a acompa\u00f1arnos en el festejo: Fernando Gatica, secretario General de San Luis, Rodrigo Vicente, secretario General de R\u00edo Negro, Lorena Almir\u00f3n, secretaria General de Rosario y Roberto Macho, secretario General de Mendoza.<\/p>\n\n\n\n<figure class=\"wp-block-image\"><img decoding=\"async\" src=\"http:\/\/atecordoba.org\/wp-content\/uploads\/2020\/05\/WhatsApp-Image-2019-11-11-at-11.07.01-2-1024x682.jpg\" alt=\"\" class=\"wp-image-11496\"\/><\/figure>\n\n\n\n<p>Cabe destacar tambi\u00e9n la presencia de compa\u00f1eros dirigentes como Miguel Ferreyra (secretario General de Aceiteros de Tancacha), Roberto Chiavassa (Uni\u00f3n Obrera Gr\u00e1fica), Roberto Cirilo Perd\u00eda (OLP), Carlos Arg\u00fcello (ATSA), Gustavo Bartolona (juventud sindical), Lalo Barrionuevo (Frente de Todos Cordoba Capital), Diego Villarroel (Pueblo Peronista), integrantes de la lista naranja de Luz y Fuerza, Soledad Ferraro (concejal por Hacemos por C\u00f3rdoba), Sebasti\u00e1n Marengo (Teatro Germ\u00e1n Abdala), Leandro Gamba (Jauretche), Marcelo Domingo Caula (Cipaz), entre otros.<\/p>\n\n\n\n<figure class=\"wp-block-image\"><img decoding=\"async\" src=\"http:\/\/atecordoba.org\/wp-content\/uploads\/2020\/05\/WhatsApp-Image-2019-11-11-at-11.07.49-1024x674.jpg\" alt=\"\" class=\"wp-image-11497\"\/><\/figure>\n\n\n\n<ul class=\"wp-block-gallery columns-3 is-cropped wp-block-gallery-1 is-layout-flex wp-block-gallery-is-layout-flex\"><li class=\"blocks-gallery-item\"><figure><img decoding=\"async\" src=\"http:\/\/atecordoba.org\/wp-content\/uploads\/2020\/05\/WhatsApp-Image-2019-11-11-at-11.04.43-1024x682.jpg\" alt=\"\" data-id=\"11498\" data-link=\"https:\/\/www.atecordoba.org\/?attachment_id=11498\" class=\"wp-image-11498\"\/><\/figure><\/li><li class=\"blocks-gallery-item\"><figure><img decoding=\"async\" src=\"http:\/\/atecordoba.org\/wp-content\/uploads\/2020\/05\/WhatsApp-Image-2019-11-11-at-11.04.44-1024x682.jpg\" alt=\"\" data-id=\"11499\" data-link=\"https:\/\/www.atecordoba.org\/?attachment_id=11499\" class=\"wp-image-11499\"\/><\/figure><\/li><li class=\"blocks-gallery-item\"><figure><img decoding=\"async\" src=\"http:\/\/atecordoba.org\/wp-content\/uploads\/2020\/05\/WhatsApp-Image-2019-11-11-at-11.04.45-1024x682.jpg\" alt=\"\" data-id=\"11500\" data-link=\"https:\/\/www.atecordoba.org\/?attachment_id=11500\" class=\"wp-image-11500\"\/><\/figure><\/li><li class=\"blocks-gallery-item\"><figure><img decoding=\"async\" src=\"http:\/\/atecordoba.org\/wp-content\/uploads\/2020\/05\/WhatsApp-Image-2019-11-11-at-11.04.46-1024x723.jpg\" alt=\"\" data-id=\"11501\" data-link=\"https:\/\/www.atecordoba.org\/?attachment_id=11501\" class=\"wp-image-11501\"\/><\/figure><\/li><li class=\"blocks-gallery-item\"><figure><img decoding=\"async\" src=\"http:\/\/atecordoba.org\/wp-content\/uploads\/2020\/05\/WhatsApp-Image-2019-11-11-at-11.04.47-1024x682.jpg\" alt=\"\" data-id=\"11502\" data-link=\"https:\/\/www.atecordoba.org\/?attachment_id=11502\" class=\"wp-image-11502\"\/><\/figure><\/li><li class=\"blocks-gallery-item\"><figure><img decoding=\"async\" src=\"http:\/\/atecordoba.org\/wp-content\/uploads\/2020\/05\/WhatsApp-Image-2019-11-11-at-11.04.50-1-1024x682.jpg\" alt=\"\" data-id=\"11503\" data-link=\"https:\/\/www.atecordoba.org\/?attachment_id=11503\" class=\"wp-image-11503\"\/><\/figure><\/li><li class=\"blocks-gallery-item\"><figure><img decoding=\"async\" src=\"http:\/\/atecordoba.org\/wp-content\/uploads\/2020\/05\/WhatsApp-Image-2019-11-11-at-11.04.50-1024x682.jpg\" alt=\"\" data-id=\"11504\" data-link=\"https:\/\/www.atecordoba.org\/?attachment_id=11504\" class=\"wp-image-11504\"\/><\/figure><\/li><li class=\"blocks-gallery-item\"><figure><img decoding=\"async\" src=\"http:\/\/atecordoba.org\/wp-content\/uploads\/2020\/05\/WhatsApp-Image-2019-11-11-at-11.04.51-1-1024x682.jpg\" alt=\"\" data-id=\"11505\" data-link=\"https:\/\/www.atecordoba.org\/?attachment_id=11505\" class=\"wp-image-11505\"\/><\/figure><\/li><li class=\"blocks-gallery-item\"><figure><img decoding=\"async\" src=\"http:\/\/atecordoba.org\/wp-content\/uploads\/2020\/05\/WhatsApp-Image-2019-11-11-at-11.04.51-1024x682.jpg\" alt=\"\" data-id=\"11506\" data-link=\"https:\/\/www.atecordoba.org\/?attachment_id=11506\" class=\"wp-image-11506\"\/><\/figure><\/li><li class=\"blocks-gallery-item\"><figure><img decoding=\"async\" src=\"http:\/\/atecordoba.org\/wp-content\/uploads\/2020\/05\/WhatsApp-Image-2019-11-11-at-11.04.52-1024x718.jpg\" alt=\"\" data-id=\"11507\" data-link=\"https:\/\/www.atecordoba.org\/?attachment_id=11507\" class=\"wp-image-11507\"\/><\/figure><\/li><li class=\"blocks-gallery-item\"><figure><img decoding=\"async\" src=\"http:\/\/atecordoba.org\/wp-content\/uploads\/2020\/05\/WhatsApp-Image-2019-11-11-at-11.04.53-1-1024x682.jpg\" alt=\"\" data-id=\"11508\" data-link=\"https:\/\/www.atecordoba.org\/?attachment_id=11508\" class=\"wp-image-11508\"\/><\/figure><\/li><li class=\"blocks-gallery-item\"><figure><img decoding=\"async\" src=\"http:\/\/atecordoba.org\/wp-content\/uploads\/2020\/05\/WhatsApp-Image-2019-11-11-at-11.04.53-1024x682.jpg\" alt=\"\" data-id=\"11509\" data-link=\"https:\/\/www.atecordoba.org\/?attachment_id=11509\" class=\"wp-image-11509\"\/><\/figure><\/li><li class=\"blocks-gallery-item\"><figure><img decoding=\"async\" src=\"http:\/\/atecordoba.org\/wp-content\/uploads\/2020\/05\/WhatsApp-Image-2019-11-11-at-11.04.54-1-1024x696.jpg\" alt=\"\" data-id=\"11510\" data-link=\"https:\/\/www.atecordoba.org\/?attachment_id=11510\" class=\"wp-image-11510\"\/><\/figure><\/li><li class=\"blocks-gallery-item\"><figure><img decoding=\"async\" src=\"http:\/\/atecordoba.org\/wp-content\/uploads\/2020\/05\/WhatsApp-Image-2019-11-11-at-11.04.54-3-1024x682.jpg\" alt=\"\" data-id=\"11511\" data-link=\"https:\/\/www.atecordoba.org\/?attachment_id=11511\" class=\"wp-image-11511\"\/><\/figure><\/li><li class=\"blocks-gallery-item\"><figure><img decoding=\"async\" src=\"http:\/\/atecordoba.org\/wp-content\/uploads\/2020\/05\/WhatsApp-Image-2019-11-11-at-11.04.54-1024x682.jpg\" alt=\"\" data-id=\"11512\" data-link=\"https:\/\/www.atecordoba.org\/?attachment_id=11512\" class=\"wp-image-11512\"\/><\/figure><\/li><li class=\"blocks-gallery-item\"><figure><img decoding=\"async\" src=\"http:\/\/atecordoba.org\/wp-content\/uploads\/2020\/05\/WhatsApp-Image-2019-11-11-at-11.04.55-1-1024x682.jpg\" alt=\"\" data-id=\"11513\" data-link=\"https:\/\/www.atecordoba.org\/?attachment_id=11513\" class=\"wp-image-11513\"\/><\/figure><\/li><li class=\"blocks-gallery-item\"><figure><img decoding=\"async\" src=\"http:\/\/atecordoba.org\/wp-content\/uploads\/2020\/05\/WhatsApp-Image-2019-11-11-at-11.04.55-1024x682.jpg\" alt=\"\" data-id=\"11514\" data-link=\"https:\/\/www.atecordoba.org\/?attachment_id=11514\" class=\"wp-image-11514\"\/><\/figure><\/li><li class=\"blocks-gallery-item\"><figure><img decoding=\"async\" src=\"http:\/\/atecordoba.org\/wp-content\/uploads\/2020\/05\/WhatsApp-Image-2019-11-11-at-11.04.56-2-1024x694.jpg\" alt=\"\" data-id=\"11515\" data-link=\"https:\/\/www.atecordoba.org\/?attachment_id=11515\" class=\"wp-image-11515\"\/><\/figure><\/li><li class=\"blocks-gallery-item\"><figure><img decoding=\"async\" src=\"http:\/\/atecordoba.org\/wp-content\/uploads\/2020\/05\/WhatsApp-Image-2019-11-11-at-11.04.56-3-1024x682.jpg\" alt=\"\" data-id=\"11516\" data-link=\"https:\/\/www.atecordoba.org\/?attachment_id=11516\" class=\"wp-image-11516\"\/><\/figure><\/li><li class=\"blocks-gallery-item\"><figure><img decoding=\"async\" src=\"http:\/\/atecordoba.org\/wp-content\/uploads\/2020\/05\/WhatsApp-Image-2019-11-11-at-11.04.56-1024x682.jpg\" alt=\"\" data-id=\"11517\" data-link=\"https:\/\/www.atecordoba.org\/?attachment_id=11517\" class=\"wp-image-11517\"\/><\/figure><\/li><li class=\"blocks-gallery-item\"><figure><img decoding=\"async\" src=\"http:\/\/atecordoba.org\/wp-content\/uploads\/2020\/05\/WhatsApp-Image-2019-11-11-at-11.04.57-1-1024x682.jpg\" alt=\"\" data-id=\"11518\" data-link=\"https:\/\/www.atecordoba.org\/?attachment_id=11518\" class=\"wp-image-11518\"\/><\/figure><\/li><li class=\"blocks-gallery-item\"><figure><img decoding=\"async\" src=\"http:\/\/atecordoba.org\/wp-content\/uploads\/2020\/05\/WhatsApp-Image-2019-11-11-at-11.04.58-1024x682.jpg\" alt=\"\" data-id=\"11519\" data-link=\"https:\/\/www.atecordoba.org\/?attachment_id=11519\" class=\"wp-image-11519\"\/><\/figure><\/li><li class=\"blocks-gallery-item\"><figure><img decoding=\"async\" src=\"http:\/\/atecordoba.org\/wp-content\/uploads\/2020\/05\/WhatsApp-Image-2019-11-11-at-11.06.48-1024x682.jpg\" alt=\"\" data-id=\"11520\" data-link=\"https:\/\/www.atecordoba.org\/?attachment_id=11520\" class=\"wp-image-11520\"\/><\/figure><\/li><li class=\"blocks-gallery-item\"><figure><img decoding=\"async\" src=\"http:\/\/atecordoba.org\/wp-content\/uploads\/2020\/05\/WhatsApp-Image-2019-11-11-at-11.06.49-1-1024x682.jpg\" alt=\"\" data-id=\"11521\" data-link=\"https:\/\/www.atecordoba.org\/?attachment_id=11521\" class=\"wp-image-11521\"\/><\/figure><\/li><li class=\"blocks-gallery-item\"><figure><img decoding=\"async\" src=\"http:\/\/atecordoba.org\/wp-content\/uploads\/2020\/05\/WhatsApp-Image-2019-11-11-at-11.06.49-1024x682.jpg\" alt=\"\" data-id=\"11522\" data-link=\"https:\/\/www.atecordoba.org\/?attachment_id=11522\" class=\"wp-image-11522\"\/><\/figure><\/li><li class=\"blocks-gallery-item\"><figure><img decoding=\"async\" src=\"http:\/\/atecordoba.org\/wp-content\/uploads\/2020\/05\/WhatsApp-Image-2019-11-11-at-11.06.50-1-1024x682.jpg\" alt=\"\" data-id=\"11523\" data-link=\"https:\/\/www.atecordoba.org\/?attachment_id=11523\" class=\"wp-image-11523\"\/><\/figure><\/li><li class=\"blocks-gallery-item\"><figure><img decoding=\"async\" src=\"http:\/\/atecordoba.org\/wp-content\/uploads\/2020\/05\/WhatsApp-Image-2019-11-11-at-11.06.50-1024x682.jpg\" alt=\"\" data-id=\"11524\" data-link=\"https:\/\/www.atecordoba.org\/?attachment_id=11524\" class=\"wp-image-11524\"\/><\/figure><\/li><li class=\"blocks-gallery-item\"><figure><img decoding=\"async\" src=\"http:\/\/atecordoba.org\/wp-content\/uploads\/2020\/05\/WhatsApp-Image-2019-11-11-at-11.06.51-1024x682.jpg\" alt=\"\" data-id=\"11525\" data-link=\"https:\/\/www.atecordoba.org\/?attachment_id=11525\" class=\"wp-image-11525\"\/><\/figure><\/li><li class=\"blocks-gallery-item\"><figure><img decoding=\"async\" src=\"http:\/\/atecordoba.org\/wp-content\/uploads\/2020\/05\/WhatsApp-Image-2019-11-11-at-11.06.52-1024x682.jpg\" alt=\"\" data-id=\"11526\" data-link=\"https:\/\/www.atecordoba.org\/?attachment_id=11526\" class=\"wp-image-11526\"\/><\/figure><\/li><li class=\"blocks-gallery-item\"><figure><img decoding=\"async\" src=\"http:\/\/atecordoba.org\/wp-content\/uploads\/2020\/05\/WhatsApp-Image-2019-11-11-at-11.06.53-1024x682.jpg\" alt=\"\" data-id=\"11527\" data-link=\"https:\/\/www.atecordoba.org\/?attachment_id=11527\" class=\"wp-image-11527\"\/><\/figure><\/li><li class=\"blocks-gallery-item\"><figure><img decoding=\"async\" src=\"http:\/\/atecordoba.org\/wp-content\/uploads\/2020\/05\/WhatsApp-Image-2019-11-11-at-11.06.54-1024x682.jpg\" alt=\"\" data-id=\"11528\" data-link=\"https:\/\/www.atecordoba.org\/?attachment_id=11528\" class=\"wp-image-11528\"\/><\/figure><\/li><li class=\"blocks-gallery-item\"><figure><img decoding=\"async\" src=\"http:\/\/atecordoba.org\/wp-content\/uploads\/2020\/05\/WhatsApp-Image-2019-11-11-at-11.06.55-1024x682.jpg\" alt=\"\" data-id=\"11529\" data-link=\"https:\/\/www.atecordoba.org\/?attachment_id=11529\" class=\"wp-image-11529\"\/><\/figure><\/li><li class=\"blocks-gallery-item\"><figure><img decoding=\"async\" src=\"http:\/\/atecordoba.org\/wp-content\/uploads\/2020\/05\/WhatsApp-Image-2019-11-11-at-11.06.56-1-1024x682.jpg\" alt=\"\" data-id=\"11530\" data-link=\"https:\/\/www.atecordoba.org\/?attachment_id=11530\" class=\"wp-image-11530\"\/><\/figure><\/li><li class=\"blocks-gallery-item\"><figure><img decoding=\"async\" src=\"http:\/\/atecordoba.org\/wp-content\/uploads\/2020\/05\/WhatsApp-Image-2019-11-11-at-11.06.56-1024x682.jpg\" alt=\"\" data-id=\"11531\" data-link=\"https:\/\/www.atecordoba.org\/?attachment_id=11531\" class=\"wp-image-11531\"\/><\/figure><\/li><li class=\"blocks-gallery-item\"><figure><img decoding=\"async\" src=\"http:\/\/atecordoba.org\/wp-content\/uploads\/2020\/05\/WhatsApp-Image-2019-11-11-at-11.06.57-1-1024x682.jpg\" alt=\"\" data-id=\"11532\" data-link=\"https:\/\/www.atecordoba.org\/?attachment_id=11532\" class=\"wp-image-11532\"\/><\/figure><\/li><li class=\"blocks-gallery-item\"><figure><img decoding=\"async\" src=\"http:\/\/atecordoba.org\/wp-content\/uploads\/2020\/05\/WhatsApp-Image-2019-11-11-at-11.06.57-1024x682.jpg\" alt=\"\" data-id=\"11533\" data-link=\"https:\/\/www.atecordoba.org\/?attachment_id=11533\" class=\"wp-image-11533\"\/><\/figure><\/li><li class=\"blocks-gallery-item\"><figure><img decoding=\"async\" src=\"http:\/\/atecordoba.org\/wp-content\/uploads\/2020\/05\/WhatsApp-Image-2019-11-11-at-11.06.58-1-1024x682.jpg\" alt=\"\" data-id=\"11534\" data-link=\"https:\/\/www.atecordoba.org\/?attachment_id=11534\" class=\"wp-image-11534\"\/><\/figure><\/li><li class=\"blocks-gallery-item\"><figure><img decoding=\"async\" src=\"http:\/\/atecordoba.org\/wp-content\/uploads\/2020\/05\/WhatsApp-Image-2019-11-11-at-11.06.58-2-1024x682.jpg\" alt=\"\" data-id=\"11535\" data-link=\"https:\/\/www.atecordoba.org\/?attachment_id=11535\" class=\"wp-image-11535\"\/><\/figure><\/li><li class=\"blocks-gallery-item\"><figure><img decoding=\"async\" src=\"http:\/\/atecordoba.org\/wp-content\/uploads\/2020\/05\/WhatsApp-Image-2019-11-11-at-11.06.58-1024x693.jpg\" alt=\"\" data-id=\"11536\" data-link=\"https:\/\/www.atecordoba.org\/?attachment_id=11536\" class=\"wp-image-11536\"\/><\/figure><\/li><li class=\"blocks-gallery-item\"><figure><img decoding=\"async\" src=\"http:\/\/atecordoba.org\/wp-content\/uploads\/2020\/05\/WhatsApp-Image-2019-11-11-at-11.06.59-1-1024x682.jpg\" alt=\"\" data-id=\"11537\" data-link=\"https:\/\/www.atecordoba.org\/?attachment_id=11537\" class=\"wp-image-11537\"\/><\/figure><\/li><li class=\"blocks-gallery-item\"><figure><img decoding=\"async\" src=\"http:\/\/atecordoba.org\/wp-content\/uploads\/2020\/05\/WhatsApp-Image-2019-11-11-at-11.06.59-1024x682.jpg\" alt=\"\" data-id=\"11538\" data-link=\"https:\/\/www.atecordoba.org\/?attachment_id=11538\" class=\"wp-image-11538\"\/><\/figure><\/li><li class=\"blocks-gallery-item\"><figure><img decoding=\"async\" src=\"http:\/\/atecordoba.org\/wp-content\/uploads\/2020\/05\/WhatsApp-Image-2019-11-11-at-11.07.00-1-1024x682.jpg\" alt=\"\" data-id=\"11539\" data-link=\"https:\/\/www.atecordoba.org\/?attachment_id=11539\" class=\"wp-image-11539\"\/><\/figure><\/li><li class=\"blocks-gallery-item\"><figure><img decoding=\"async\" src=\"http:\/\/atecordoba.org\/wp-content\/uploads\/2020\/05\/WhatsApp-Image-2019-11-11-at-11.07.00-2-1024x682.jpg\" alt=\"\" data-id=\"11540\" data-link=\"https:\/\/www.atecordoba.org\/?attachment_id=11540\" class=\"wp-image-11540\"\/><\/figure><\/li><li class=\"blocks-gallery-item\"><figure><img decoding=\"async\" src=\"http:\/\/atecordoba.org\/wp-content\/uploads\/2020\/05\/WhatsApp-Image-2019-11-11-at-11.07.01-1-1024x682.jpg\" alt=\"\" data-id=\"11541\" data-link=\"https:\/\/www.atecordoba.org\/?attachment_id=11541\" class=\"wp-image-11541\"\/><\/figure><\/li><li class=\"blocks-gallery-item\"><figure><img decoding=\"async\" src=\"http:\/\/atecordoba.org\/wp-content\/uploads\/2020\/05\/WhatsApp-Image-2019-11-11-at-11.07.01-1024x682.jpg\" alt=\"\" data-id=\"11542\" data-link=\"https:\/\/www.atecordoba.org\/?attachment_id=11542\" class=\"wp-image-11542\"\/><\/figure><\/li><li class=\"blocks-gallery-item\"><figure><img decoding=\"async\" src=\"http:\/\/atecordoba.org\/wp-content\/uploads\/2020\/05\/WhatsApp-Image-2019-11-11-at-11.07.02-1-1024x682.jpg\" alt=\"\" data-id=\"11543\" data-link=\"https:\/\/www.atecordoba.org\/?attachment_id=11543\" class=\"wp-image-11543\"\/><\/figure><\/li><li class=\"blocks-gallery-item\"><figure><img decoding=\"async\" src=\"http:\/\/atecordoba.org\/wp-content\/uploads\/2020\/05\/WhatsApp-Image-2019-11-11-at-11.07.03-1024x686.jpg\" alt=\"\" data-id=\"11544\" data-link=\"https:\/\/www.atecordoba.org\/?attachment_id=11544\" class=\"wp-image-11544\"\/><\/figure><\/li><li class=\"blocks-gallery-item\"><figure><img decoding=\"async\" src=\"http:\/\/atecordoba.org\/wp-content\/uploads\/2020\/05\/WhatsApp-Image-2019-11-11-at-11.07.44-1024x682.jpg\" alt=\"\" data-id=\"11545\" data-link=\"https:\/\/www.atecordoba.org\/?attachment_id=11545\" class=\"wp-image-11545\"\/><\/figure><\/li><li class=\"blocks-gallery-item\"><figure><img decoding=\"async\" src=\"http:\/\/atecordoba.org\/wp-content\/uploads\/2020\/05\/WhatsApp-Image-2019-11-11-at-11.07.46-1024x682.jpg\" alt=\"\" data-id=\"11546\" data-link=\"https:\/\/www.atecordoba.org\/?attachment_id=11546\" class=\"wp-image-11546\"\/><\/figure><\/li><li class=\"blocks-gallery-item\"><figure><img decoding=\"async\" src=\"http:\/\/atecordoba.org\/wp-content\/uploads\/2020\/05\/WhatsApp-Image-2019-11-11-at-11.07.47-2-1024x682.jpg\" alt=\"\" data-id=\"11547\" data-link=\"https:\/\/www.atecordoba.org\/?attachment_id=11547\" class=\"wp-image-11547\"\/><\/figure><\/li><li class=\"blocks-gallery-item\"><figure><img decoding=\"async\" src=\"http:\/\/atecordoba.org\/wp-content\/uploads\/2020\/05\/WhatsApp-Image-2019-11-11-at-11.07.48-1-1024x682.jpg\" alt=\"\" data-id=\"11548\" data-link=\"https:\/\/www.atecordoba.org\/?attachment_id=11548\" class=\"wp-image-11548\"\/><\/figure><\/li><li class=\"blocks-gallery-item\"><figure><img decoding=\"async\" src=\"http:\/\/atecordoba.org\/wp-content\/uploads\/2020\/05\/WhatsApp-Image-2019-11-11-at-11.07.48-2-1024x682.jpg\" alt=\"\" data-id=\"11549\" data-link=\"https:\/\/www.atecordoba.org\/?attachment_id=11549\" class=\"wp-image-11549\"\/><\/figure><\/li><li class=\"blocks-gallery-item\"><figure><img decoding=\"async\" src=\"http:\/\/atecordoba.org\/wp-content\/uploads\/2020\/05\/WhatsApp-Image-2019-11-11-at-11.07.49-2-1024x682.jpg\" alt=\"\" data-id=\"11550\" data-link=\"https:\/\/www.atecordoba.org\/?attachment_id=11550\" class=\"wp-image-11550\"\/><\/figure><\/li><li class=\"blocks-gallery-item\"><figure><img decoding=\"async\" src=\"http:\/\/atecordoba.org\/wp-content\/uploads\/2020\/05\/WhatsApp-Image-2019-11-11-at-11.07.50-1-1024x706.jpg\" alt=\"\" data-id=\"11551\" data-link=\"https:\/\/www.atecordoba.org\/?attachment_id=11551\" class=\"wp-image-11551\"\/><\/figure><\/li><\/ul>\n","protected":false},"excerpt":{"rendered":"<p>El pasado 8 de noviembre, d\u00eda de las y los trabajadores municipales, asumi\u00f3 la nueva Comisi\u00f3n Directiva de ATE de la provincia de C\u00f3rdoba. Con un Club El Hind\u00fa repleto de militantes del campo popular, de afiliadas y afiliados, dirigentes, la m\u00edstica y la alegr\u00eda fueron las principales protagonistas de un d\u00eda hist\u00f3rico. No s\u00f3lo [&hellip;]<\/p>\n","protected":false},"author":1,"featured_media":19220,"comment_status":"open","ping_status":"open","sticky":false,"template":"","format":"standard","meta":{"_exactmetrics_skip_tracking":false,"_exactmetrics_sitenote_active":false,"_exactmetrics_sitenote_note":"","_exactmetrics_sitenote_category":0,"jnews-multi-image_gallery":[],"jnews_single_post":[],"jnews_primary_category":[],"jnews_social_meta":[],"jnews_review":[],"enable_review":"","type":"","name":"","summary":"","brand":"","sku":"","good":[],"bad":[],"score_override":"","override_value":"","rating":[],"price":[],"jnews_override_counter":[],"jnews_post_split":[],"footnotes":""},"categories":[1],"tags":[],"class_list":["post-11491","post","type-post","status-publish","format-standard","has-post-thumbnail","hentry","category-sin-categoria"],"jetpack_featured_media_url":"https:\/\/atecordoba.org\/wp-content\/uploads\/2020\/05\/logo-nuevochico-e1561581322808.png","_links":{"self":[{"href":"https:\/\/atecordoba.org\/index.php?rest_route=\/wp\/v2\/posts\/11491","targetHints":{"allow":["GET"]}}],"collection":[{"href":"https:\/\/atecordoba.org\/index.php?rest_route=\/wp\/v2\/posts"}],"about":[{"href":"https:\/\/atecordoba.org\/index.php?rest_route=\/wp\/v2\/types\/post"}],"author":[{"embeddable":true,"href":"https:\/\/atecordoba.org\/index.php?rest_route=\/wp\/v2\/users\/1"}],"replies":[{"embeddable":true,"href":"https:\/\/atecordoba.org\/index.php?rest_route=%2Fwp%2Fv2%2Fcomments&post=11491"}],"version-history":[{"count":1,"href":"https:\/\/atecordoba.org\/index.php?rest_route=\/wp\/v2\/posts\/11491\/revisions"}],"predecessor-version":[{"id":19162,"href":"https:\/\/atecordoba.org\/index.php?rest_route=\/wp\/v2\/posts\/11491\/revisions\/19162"}],"wp:featuredmedia":[{"embeddable":true,"href":"https:\/\/atecordoba.org\/index.php?rest_route=\/wp\/v2\/media\/19220"}],"wp:attachment":[{"href":"https:\/\/atecordoba.org\/index.php?rest_route=%2Fwp%2Fv2%2Fmedia&parent=11491"}],"wp:term":[{"taxonomy":"category","embeddable":true,"href":"https:\/\/atecordoba.org\/index.php?rest_route=%2Fwp%2Fv2%2Fcategories&post=11491"},{"taxonomy":"post_tag","embeddable":true,"href":"https:\/\/atecordoba.org\/index.php?rest_route=%2Fwp%2Fv2%2Ftags&post=11491"}],"curies":[{"name":"wp","href":"https:\/\/api.w.org\/{rel}","templated":true}]}}