{"id":11488,"date":"2019-11-11T12:36:30","date_gmt":"2019-11-11T15:36:30","guid":{"rendered":"https:\/\/www.atecordoba.org\/?p=11488"},"modified":"2020-05-05T09:21:06","modified_gmt":"2020-05-05T12:21:06","slug":"feliz-dia-para-las-y-los-trabajadores-provinciales","status":"publish","type":"post","link":"https:\/\/atecordoba.org\/?p=11488","title":{"rendered":"Feliz D\u00eda para las y los trabajadores provinciales"},"content":{"rendered":"\n<p><em>El Consejo Directivo Provincial (CDP) de ATE C\u00f3rdoba env\u00eda un fraternal saludo a las y los trabajadores p\u00fablicos de la provincia por festejarse su d\u00eda<\/em> <em>hoy 11 de noviembre. Asueto administrativo.<\/em><\/p>\n\n\n\n<figure class=\"wp-block-image\"><img decoding=\"async\" src=\"http:\/\/atecordoba.org\/wp-content\/uploads\/2020\/05\/FLYER-FELIZ-DIA-1024x1024.jpg\" alt=\"\" class=\"wp-image-11489\"\/><\/figure>\n\n\n\n<p>ATE C\u00f3rdoba expresa por esta v\u00eda su m\u00e1s profundo compromiso con la defensa de los derechos de cada compa\u00f1era y compa\u00f1ero provincial, reclamando hoy m\u00e1s que nunca la urgente necesidad de terminar con la precarizaci\u00f3n laboral, el pase a planta permanente de todo el personal precarizado y una recomposici\u00f3n salarial que recupere el poder adquisitivo de las familias, arrasado por la pol\u00edtica actual.<\/p>\n\n\n\n<p>En ese sentido, convocamos a todas las trabajadoras y los trabajadores a afiliarse a nuestro gremio para revertir esta situaci\u00f3n, haciendo hincapi\u00e9 en que todo proceso de recuperaci\u00f3n de derechos ser\u00e1 un camino para transitar de manera colectiva,  donde conjuntamente logremos torcer el brazo al Estado patr\u00f3n. <\/p>\n\n\n\n<p>Vale recordar que por celebrarse el D\u00eda del Trabajador P\u00fablico Provincial ser\u00e1 asueto en todo el \u00e1mbito de la administraci\u00f3n p\u00fablica de la provincia, respetandose las guardias m\u00ednimas establecidas en la legislaci\u00f3n nacional.<\/p>\n\n\n\n<p>Hugo Dur\u00e1n                                                                                     Federico Giuliani <\/p>\n\n\n\n<p>Secretario Adjunto                                                                       Secretario General<\/p>\n","protected":false},"excerpt":{"rendered":"<p>El Consejo Directivo Provincial (CDP) de ATE C\u00f3rdoba env\u00eda un fraternal saludo a las y los trabajadores p\u00fablicos de la provincia por festejarse su d\u00eda hoy 11 de noviembre. Asueto administrativo. ATE C\u00f3rdoba expresa por esta v\u00eda su m\u00e1s profundo compromiso con la defensa de los derechos de cada compa\u00f1era y compa\u00f1ero provincial, reclamando hoy [&hellip;]<\/p>\n","protected":false},"author":1,"featured_media":19220,"comment_status":"open","ping_status":"open","sticky":false,"template":"","format":"standard","meta":{"_exactmetrics_skip_tracking":false,"_exactmetrics_sitenote_active":false,"_exactmetrics_sitenote_note":"","_exactmetrics_sitenote_category":0,"jnews-multi-image_gallery":[],"jnews_single_post":[],"jnews_primary_category":[],"jnews_social_meta":[],"jnews_review":[],"enable_review":"","type":"","name":"","summary":"","brand":"","sku":"","good":[],"bad":[],"score_override":"","override_value":"","rating":[],"price":[],"jnews_override_counter":[],"jnews_post_split":[],"footnotes":""},"categories":[1],"tags":[],"class_list":["post-11488","post","type-post","status-publish","format-standard","has-post-thumbnail","hentry","category-sin-categoria"],"jetpack_featured_media_url":"https:\/\/atecordoba.org\/wp-content\/uploads\/2020\/05\/logo-nuevochico-e1561581322808.png","_links":{"self":[{"href":"https:\/\/atecordoba.org\/index.php?rest_route=\/wp\/v2\/posts\/11488","targetHints":{"allow":["GET"]}}],"collection":[{"href":"https:\/\/atecordoba.org\/index.php?rest_route=\/wp\/v2\/posts"}],"about":[{"href":"https:\/\/atecordoba.org\/index.php?rest_route=\/wp\/v2\/types\/post"}],"author":[{"embeddable":true,"href":"https:\/\/atecordoba.org\/index.php?rest_route=\/wp\/v2\/users\/1"}],"replies":[{"embeddable":true,"href":"https:\/\/atecordoba.org\/index.php?rest_route=%2Fwp%2Fv2%2Fcomments&post=11488"}],"version-history":[{"count":1,"href":"https:\/\/atecordoba.org\/index.php?rest_route=\/wp\/v2\/posts\/11488\/revisions"}],"predecessor-version":[{"id":19164,"href":"https:\/\/atecordoba.org\/index.php?rest_route=\/wp\/v2\/posts\/11488\/revisions\/19164"}],"wp:featuredmedia":[{"embeddable":true,"href":"https:\/\/atecordoba.org\/index.php?rest_route=\/wp\/v2\/media\/19220"}],"wp:attachment":[{"href":"https:\/\/atecordoba.org\/index.php?rest_route=%2Fwp%2Fv2%2Fmedia&parent=11488"}],"wp:term":[{"taxonomy":"category","embeddable":true,"href":"https:\/\/atecordoba.org\/index.php?rest_route=%2Fwp%2Fv2%2Fcategories&post=11488"},{"taxonomy":"post_tag","embeddable":true,"href":"https:\/\/atecordoba.org\/index.php?rest_route=%2Fwp%2Fv2%2Ftags&post=11488"}],"curies":[{"name":"wp","href":"https:\/\/api.w.org\/{rel}","templated":true}]}}