{"id":11482,"date":"2019-11-08T18:41:40","date_gmt":"2019-11-08T21:41:40","guid":{"rendered":"https:\/\/www.atecordoba.org\/?p=11482"},"modified":"2020-05-05T09:21:08","modified_gmt":"2020-05-05T12:21:08","slug":"giuliani-y-godoy-anunciaron-en-rueda-de-prensa-la-nueva-etapa-que-se-abre-en-ate-cordoba","status":"publish","type":"post","link":"https:\/\/atecordoba.org\/?p=11482","title":{"rendered":"Giuliani y Godoy anunciaron en rueda de prensa la nueva etapa que se abre en ATE C\u00f3rdoba"},"content":{"rendered":"\n<p><em>Los dirigentes anunciaron que comienza un periodo de crecimiento y renovaci\u00f3n de nuestra organizaci\u00f3n. el secretario General del CDN y el secretario General electo provincial ser\u00e1n los m\u00e1ximos oradores esta noche en el acto que se reaslizar\u00e1 en el Club Hind\u00fa.<\/em><\/p>\n\n\n\n<figure class=\"wp-block-image\"><img decoding=\"async\" src=\"http:\/\/atecordoba.org\/wp-content\/uploads\/2020\/05\/IMG_20191108_161636_1CS-1024x768.jpg\" alt=\"\" class=\"wp-image-11483\"\/><\/figure>\n\n\n\n<p>En una conferencia de prensa realizada hoy, Federico Giuliani, secretario General electo del Consejo Directivo Provincial, \u00a0invit\u00f3 a los trabajadores estatales a participar del acto que se llevar\u00e1 a cabo a las 19.30 en el club Hind\u00fa y dijo que la nueva conducci\u00f3n que encabeza viene a \u201cdespertar ese elefante dormido que es ATE C\u00f3rdoba\u201d. <\/p>\n\n\n\n<p>El dirigente fustig\u00f3 el gobierno de Mauricio Macri y adelant\u00f3 que nuestro gremio har\u00e1 lo necesario ante la nueva administraci\u00f3n de Alberto Fernandez \u201cpara reincorporar a los miles de despedidos\u201d, al tiempo que convoc\u00f3 a los trabajadores estatales cordobeses a afiliarse a ATE porque \u201cen el corto plazo nuestra organizaci\u00f3n ser\u00e1 un acto importante en el mundo de la representaci\u00f3n sindical provincial\u201d.<\/p>\n\n\n\n<figure class=\"wp-block-image\"><img decoding=\"async\" src=\"http:\/\/atecordoba.org\/wp-content\/uploads\/2020\/05\/IMG_20191108_161524-1024x768.jpg\" alt=\"\" class=\"wp-image-11484\"\/><\/figure>\n\n\n\n<p>Por su parte, Hugo Godoy, secretario General del Consejo\nDirectivo Nacional, dijo que se abre una luz de esperanza para los estatales\ncon la nueva etapa que se abre en ATE C\u00f3rdoba. Cachorro, como se lo conoce,\ndijo que el Estado cordob\u00e9s es uno de los m\u00e1s grandes y ricos del pa\u00eds pero al\nmismo tiempo \u201cde los que paga peores salarios y tiene la tasa m\u00e1s baja de\ntrabajadores cada 100 mil habitantes\u201d, proporci\u00f3n en que se mide la presencia\ndel estado en determinado distrito. <\/p>\n\n\n\n<p>A su vez, Godoy defendi\u00f3 el encuentro con el presidente Venezolano \u00a0porque \u201cpuede significar la reactivaci\u00f3n del Astillero Rio Santiago, que garantizar\u00e1 los puestos de trabajo de 3100 compa\u00f1eros\u201d. <\/p>\n\n\n\n<figure class=\"wp-block-image\"><img decoding=\"async\" src=\"http:\/\/atecordoba.org\/wp-content\/uploads\/2020\/05\/IMG_20191108_161550-1024x768.jpg\" alt=\"\" class=\"wp-image-11485\"\/><\/figure>\n\n\n\n<p>Por \u00faltimo, en un anuncio de gran trascendencia dentro del\n\u00e1mbito del Estado, el secretario General de ATE anunci\u00f3 que una jueza laboral orden\u00f3\nhoy al Poder Ejecutivo Nacional la realizaci\u00f3n de la compulsa de afiliados\nentre ATE y UPCN para determinar que gremio es el mayoritario en el Estado\nnacional. \u201cCreemos que es ATE y lo vamos a demostrar\u201d, afirm\u00f3. <\/p>\n\n\n\n<p>La conferencia de prensa se realiz\u00f3 en la sede de ATE C\u00f3rdoba\ny cont\u00f3 con la presencia del secretario Adjunto del CDN, Rodolfo Aguiar, y de\nsu par provincial, Hugo Dur\u00e1n. Tambi\u00e9n estuvo en cita el secretario General de\nla Clate, Julio Fuentes.<\/p>\n\n\n\n<figure class=\"wp-block-image\"><img decoding=\"async\" src=\"http:\/\/atecordoba.org\/wp-content\/uploads\/2020\/05\/WhatsApp-Image-2019-11-08-at-17.33.01-1024x498.jpg\" alt=\"\" class=\"wp-image-11486\"\/><\/figure>\n","protected":false},"excerpt":{"rendered":"<p>Los dirigentes anunciaron que comienza un periodo de crecimiento y renovaci\u00f3n de nuestra organizaci\u00f3n. el secretario General del CDN y el secretario General electo provincial ser\u00e1n los m\u00e1ximos oradores esta noche en el acto que se reaslizar\u00e1 en el Club Hind\u00fa. En una conferencia de prensa realizada hoy, Federico Giuliani, secretario General electo del Consejo [&hellip;]<\/p>\n","protected":false},"author":1,"featured_media":19220,"comment_status":"open","ping_status":"open","sticky":false,"template":"","format":"standard","meta":{"_exactmetrics_skip_tracking":false,"_exactmetrics_sitenote_active":false,"_exactmetrics_sitenote_note":"","_exactmetrics_sitenote_category":0,"jnews-multi-image_gallery":[],"jnews_single_post":[],"jnews_primary_category":[],"jnews_social_meta":[],"jnews_review":[],"enable_review":"","type":"","name":"","summary":"","brand":"","sku":"","good":[],"bad":[],"score_override":"","override_value":"","rating":[],"price":[],"jnews_override_counter":[],"jnews_post_split":[],"footnotes":""},"categories":[1],"tags":[],"class_list":["post-11482","post","type-post","status-publish","format-standard","has-post-thumbnail","hentry","category-sin-categoria"],"jetpack_featured_media_url":"https:\/\/atecordoba.org\/wp-content\/uploads\/2020\/05\/logo-nuevochico-e1561581322808.png","_links":{"self":[{"href":"https:\/\/atecordoba.org\/index.php?rest_route=\/wp\/v2\/posts\/11482","targetHints":{"allow":["GET"]}}],"collection":[{"href":"https:\/\/atecordoba.org\/index.php?rest_route=\/wp\/v2\/posts"}],"about":[{"href":"https:\/\/atecordoba.org\/index.php?rest_route=\/wp\/v2\/types\/post"}],"author":[{"embeddable":true,"href":"https:\/\/atecordoba.org\/index.php?rest_route=\/wp\/v2\/users\/1"}],"replies":[{"embeddable":true,"href":"https:\/\/atecordoba.org\/index.php?rest_route=%2Fwp%2Fv2%2Fcomments&post=11482"}],"version-history":[{"count":1,"href":"https:\/\/atecordoba.org\/index.php?rest_route=\/wp\/v2\/posts\/11482\/revisions"}],"predecessor-version":[{"id":19169,"href":"https:\/\/atecordoba.org\/index.php?rest_route=\/wp\/v2\/posts\/11482\/revisions\/19169"}],"wp:featuredmedia":[{"embeddable":true,"href":"https:\/\/atecordoba.org\/index.php?rest_route=\/wp\/v2\/media\/19220"}],"wp:attachment":[{"href":"https:\/\/atecordoba.org\/index.php?rest_route=%2Fwp%2Fv2%2Fmedia&parent=11482"}],"wp:term":[{"taxonomy":"category","embeddable":true,"href":"https:\/\/atecordoba.org\/index.php?rest_route=%2Fwp%2Fv2%2Fcategories&post=11482"},{"taxonomy":"post_tag","embeddable":true,"href":"https:\/\/atecordoba.org\/index.php?rest_route=%2Fwp%2Fv2%2Ftags&post=11482"}],"curies":[{"name":"wp","href":"https:\/\/api.w.org\/{rel}","templated":true}]}}