{"id":11475,"date":"2019-11-07T15:23:19","date_gmt":"2019-11-07T18:23:19","guid":{"rendered":"https:\/\/www.atecordoba.org\/?p=11475"},"modified":"2020-05-05T09:21:14","modified_gmt":"2020-05-05T12:21:14","slug":"feliz-dia-del-trabajador-municipal-4","status":"publish","type":"post","link":"https:\/\/atecordoba.org\/?p=11475","title":{"rendered":"Feliz D\u00eda de la Trabajadora y el Trabajador Municipal"},"content":{"rendered":"\n<h4 class=\"wp-block-heading\"><em>El Consejo Directivo Provincial env\u00eda un fraternal saludo a las y los municipales cordobeses por celebrarse <\/em> <em>su d\u00eda<\/em> <em>ma\u00f1ana 8 de noviembre. <\/em><\/h4>\n\n\n\n<div class=\"wp-block-image\"><figure class=\"aligncenter\"><img decoding=\"async\" src=\"http:\/\/atecordoba.org\/wp-content\/uploads\/2020\/05\/MUNICIPALES-GRAFICO-e1541700734862.png\" alt=\"\" class=\"wp-image-10565\"\/><\/figure><\/div>\n\n\n\n<p>El CDP saluda a sus afiliadas y afiliados municipales en su d\u00eda y a cada trabajador y trabajadora de las m\u00e1s de 429 comunas y municipios de la provincia.<\/p>\n\n\n\n<p>Desde ATE refrendamos nuestro compromiso en la defensa de sus derechos, por salarios dignos y estabilidad laboral, para quienes son los estatales m\u00e1s precarizados y peor pagos.<\/p>\n\n\n\n<p>En ese sentido invitamos las trabajadoras y los trabajadores municipales a afiliarse y organizarse en ATE.<\/p>\n\n\n\n<p>Recordamos que cada trabajadora y trabajador municipal tienen derecho a ejercer su merecido descanso por tratarse de una jornada de asueto.\u00a0 <\/p>\n\n\n\n<p>Feliz d\u00eda compa\u00f1eros<\/p>\n\n\n\n<p style=\"text-align:right\">Federico Giuliani<\/p>\n\n\n\n<p style=\"text-align:right\">Secretario General<\/p>\n\n\n\n<p><\/p>\n","protected":false},"excerpt":{"rendered":"<p>El Consejo Directivo Provincial env\u00eda un fraternal saludo a las y los municipales cordobeses por celebrarse su d\u00eda ma\u00f1ana 8 de noviembre. El CDP saluda a sus afiliadas y afiliados municipales en su d\u00eda y a cada trabajador y trabajadora de las m\u00e1s de 429 comunas y municipios de la provincia. Desde ATE refrendamos nuestro [&hellip;]<\/p>\n","protected":false},"author":1,"featured_media":19220,"comment_status":"open","ping_status":"open","sticky":false,"template":"","format":"standard","meta":{"_exactmetrics_skip_tracking":false,"_exactmetrics_sitenote_active":false,"_exactmetrics_sitenote_note":"","_exactmetrics_sitenote_category":0,"jnews-multi-image_gallery":[],"jnews_single_post":[],"jnews_primary_category":[],"jnews_social_meta":[],"jnews_review":[],"enable_review":"","type":"","name":"","summary":"","brand":"","sku":"","good":[],"bad":[],"score_override":"","override_value":"","rating":[],"price":[],"jnews_override_counter":[],"jnews_post_split":[],"footnotes":""},"categories":[1],"tags":[],"class_list":["post-11475","post","type-post","status-publish","format-standard","has-post-thumbnail","hentry","category-sin-categoria"],"jetpack_featured_media_url":"https:\/\/atecordoba.org\/wp-content\/uploads\/2020\/05\/logo-nuevochico-e1561581322808.png","_links":{"self":[{"href":"https:\/\/atecordoba.org\/index.php?rest_route=\/wp\/v2\/posts\/11475","targetHints":{"allow":["GET"]}}],"collection":[{"href":"https:\/\/atecordoba.org\/index.php?rest_route=\/wp\/v2\/posts"}],"about":[{"href":"https:\/\/atecordoba.org\/index.php?rest_route=\/wp\/v2\/types\/post"}],"author":[{"embeddable":true,"href":"https:\/\/atecordoba.org\/index.php?rest_route=\/wp\/v2\/users\/1"}],"replies":[{"embeddable":true,"href":"https:\/\/atecordoba.org\/index.php?rest_route=%2Fwp%2Fv2%2Fcomments&post=11475"}],"version-history":[{"count":1,"href":"https:\/\/atecordoba.org\/index.php?rest_route=\/wp\/v2\/posts\/11475\/revisions"}],"predecessor-version":[{"id":19171,"href":"https:\/\/atecordoba.org\/index.php?rest_route=\/wp\/v2\/posts\/11475\/revisions\/19171"}],"wp:featuredmedia":[{"embeddable":true,"href":"https:\/\/atecordoba.org\/index.php?rest_route=\/wp\/v2\/media\/19220"}],"wp:attachment":[{"href":"https:\/\/atecordoba.org\/index.php?rest_route=%2Fwp%2Fv2%2Fmedia&parent=11475"}],"wp:term":[{"taxonomy":"category","embeddable":true,"href":"https:\/\/atecordoba.org\/index.php?rest_route=%2Fwp%2Fv2%2Fcategories&post=11475"},{"taxonomy":"post_tag","embeddable":true,"href":"https:\/\/atecordoba.org\/index.php?rest_route=%2Fwp%2Fv2%2Ftags&post=11475"}],"curies":[{"name":"wp","href":"https:\/\/api.w.org\/{rel}","templated":true}]}}