{"id":11467,"date":"2019-11-04T14:58:09","date_gmt":"2019-11-04T17:58:09","guid":{"rendered":"https:\/\/www.atecordoba.org\/?p=11467"},"modified":"2020-05-05T09:21:17","modified_gmt":"2020-05-05T12:21:17","slug":"el-viernes-asume-la-nueva-conduccion-de-ate-cordoba","status":"publish","type":"post","link":"https:\/\/atecordoba.org\/?p=11467","title":{"rendered":"El viernes asume la nueva conducci\u00f3n de ATE C\u00f3rdoba"},"content":{"rendered":"<em>El acto se llevar\u00e1 a cabo el pr\u00f3ximo 8 de noviembre, a las 19.30, en el Club Hind\u00fa. La nueva Comisi\u00f3n Directiva, encabezada por el secretario General electo, compa\u00f1ero Federico Giuliani, contar\u00e1 con la presencia de Hugo Cachorro Godoy, secretario General de ATE Nacional, y un importante n\u00famero de dirigentes, delegados, activistas y militantes de distintos puntos de la provincia y el pa\u00eds. <\/em>\n\n<!-- \/wp:post-content --><!-- wp:paragraph -->\n\n<!-- wp:image {\"id\":11469} -->\n<figure class=\"wp-block-image\"><img decoding=\"async\" src=\"http:\/\/atecordoba.org\/wp-content\/uploads\/2020\/05\/invitacion-fiesta-de-asunci\u00f3n-1024x724.jpg\" alt=\"\" class=\"wp-image-11469\"><\/figure>\n<!-- \/wp:image -->\n\n<!-- wp:paragraph -->\n\nLa sede del emblem\u00e1tico Club Hind\u00fa de barrio General Paz, Sarmiento 1250, espera engalanada la fiesta de asunci\u00f3n de la nueva conducci\u00f3n del Consejo Directivo Provincial, que result\u00f3 electa el pasado 7 de agosto.\n\n<!-- \/wp:paragraph -->\n\n<!-- wp:paragraph -->\n\nLa lista Verde-Violeta Anusate asumir\u00e1 formalmente funciones, presidida por el secretario General electo, Federico Giuliani, junto a todos las y los compa\u00f1eras y compa\u00f1eros que integran la propuesta triunfadora de la compulsa electoral interna.\n\n<!-- \/wp:paragraph -->\n\n<!-- wp:paragraph -->\n\nEn la oportunidad estar\u00e1n presentes el secretario General del Consejo Directivo Nacional, Hugo Cachorro Godoy, junto a su Adjunto, Rodolfo Aguiar, y el Secretario General de la Confederaci\u00f3n Latinoamericana de Trabajadores Estatales (CLATE), Julio Fuentes.\n\n<!-- \/wp:paragraph -->\n\n<!-- wp:paragraph -->\n\nTambi\u00e9n participar\u00e1n del acto delegaciones de las cinco seccionales de la provincia en la figura de sus secretarios generales  Rafaela Alcoba  (secretaria General de ATE R\u00edo Cuarto), Fernando Mercado (ATE Villa Mar\u00eda), Damian Albornoz (ATE R\u00edo Tercero), Diego Villegas (ATE Adelia Mar\u00eda) y Daniel Allende (ATE Cruz del Eje), que expresan la presencia territorial de nuestro gremio en el amplio mapa de la provincia.\n\n<!-- \/wp:paragraph -->\n\n<!-- wp:paragraph -->\n\nAsimismo, nos acompa\u00f1ar\u00e1 la responsable de la delegaci\u00f3n San Francisco, Gladys Medina.\n\n<!-- \/wp:paragraph -->\n\n<!-- wp:paragraph -->\n\nDe la misma forma, tendr\u00e1n su lugar las representaciones de los diversos sectores del Estado nacional, provincial y municipal donde ATE cuenta con presencia organizada.\n\n<!-- \/wp:paragraph -->\n\n<!-- wp:paragraph -->\n\nSe espera una amplia concurrencia de compa\u00f1eros al Club Hind\u00fa, donde ATE coronar\u00e1 la noche con un surtido buffet y un show musical a cargo de la banda de cuarteto del Negro Videla.\n\n<!-- \/wp:paragraph -->\n\n<!-- wp:paragraph -->\n\nLa lista completa de compa\u00f1eros que asumen sus cargos en la nueva Comisi\u00f3n Directiva:\n\n<!-- \/wp:paragraph -->\n\n<!-- wp:image {\"id\":11468,\"align\":\"center\"} -->\n<div class=\"wp-block-image\">\n<figure class=\"aligncenter\"><img decoding=\"async\" src=\"http:\/\/atecordoba.org\/wp-content\/uploads\/2020\/05\/lista-violeta.png\" alt=\"\" class=\"wp-image-11468\"><\/figure>\n<\/div>\n<!-- \/wp:image -->","protected":false},"excerpt":{"rendered":"<p>El acto se llevar\u00e1 a cabo el pr\u00f3ximo 8 de noviembre, a las 19.30, en el Club Hind\u00fa. La nueva Comisi\u00f3n Directiva, encabezada por el secretario General electo, compa\u00f1ero Federico Giuliani, contar\u00e1 con la presencia de Hugo Cachorro Godoy, secretario General de ATE Nacional, y un importante n\u00famero de dirigentes, delegados, activistas y militantes de [&hellip;]<\/p>\n","protected":false},"author":1,"featured_media":19220,"comment_status":"open","ping_status":"open","sticky":false,"template":"","format":"standard","meta":{"_exactmetrics_skip_tracking":false,"_exactmetrics_sitenote_active":false,"_exactmetrics_sitenote_note":"","_exactmetrics_sitenote_category":0,"jnews-multi-image_gallery":[],"jnews_single_post":[],"jnews_primary_category":[],"jnews_social_meta":[],"jnews_review":[],"enable_review":"","type":"","name":"","summary":"","brand":"","sku":"","good":[],"bad":[],"score_override":"","override_value":"","rating":[],"price":[],"jnews_override_counter":[],"jnews_post_split":[],"footnotes":""},"categories":[1],"tags":[],"class_list":["post-11467","post","type-post","status-publish","format-standard","has-post-thumbnail","hentry","category-sin-categoria"],"jetpack_featured_media_url":"https:\/\/atecordoba.org\/wp-content\/uploads\/2020\/05\/logo-nuevochico-e1561581322808.png","_links":{"self":[{"href":"https:\/\/atecordoba.org\/index.php?rest_route=\/wp\/v2\/posts\/11467","targetHints":{"allow":["GET"]}}],"collection":[{"href":"https:\/\/atecordoba.org\/index.php?rest_route=\/wp\/v2\/posts"}],"about":[{"href":"https:\/\/atecordoba.org\/index.php?rest_route=\/wp\/v2\/types\/post"}],"author":[{"embeddable":true,"href":"https:\/\/atecordoba.org\/index.php?rest_route=\/wp\/v2\/users\/1"}],"replies":[{"embeddable":true,"href":"https:\/\/atecordoba.org\/index.php?rest_route=%2Fwp%2Fv2%2Fcomments&post=11467"}],"version-history":[{"count":1,"href":"https:\/\/atecordoba.org\/index.php?rest_route=\/wp\/v2\/posts\/11467\/revisions"}],"predecessor-version":[{"id":19174,"href":"https:\/\/atecordoba.org\/index.php?rest_route=\/wp\/v2\/posts\/11467\/revisions\/19174"}],"wp:featuredmedia":[{"embeddable":true,"href":"https:\/\/atecordoba.org\/index.php?rest_route=\/wp\/v2\/media\/19220"}],"wp:attachment":[{"href":"https:\/\/atecordoba.org\/index.php?rest_route=%2Fwp%2Fv2%2Fmedia&parent=11467"}],"wp:term":[{"taxonomy":"category","embeddable":true,"href":"https:\/\/atecordoba.org\/index.php?rest_route=%2Fwp%2Fv2%2Fcategories&post=11467"},{"taxonomy":"post_tag","embeddable":true,"href":"https:\/\/atecordoba.org\/index.php?rest_route=%2Fwp%2Fv2%2Ftags&post=11467"}],"curies":[{"name":"wp","href":"https:\/\/api.w.org\/{rel}","templated":true}]}}