{"id":11457,"date":"2019-10-31T12:44:44","date_gmt":"2019-10-31T15:44:44","guid":{"rendered":"https:\/\/www.atecordoba.org\/?p=11457"},"modified":"2020-05-05T09:21:21","modified_gmt":"2020-05-05T12:21:21","slug":"ffmm-en-reunion-con-el-directorio-ate-le-exigio-su-renuncia","status":"publish","type":"post","link":"https:\/\/atecordoba.org\/?p=11457","title":{"rendered":"FFMM: En reuni\u00f3n con el Directorio ATE le exigi\u00f3 su renuncia"},"content":{"rendered":"\n<p><em>En la sede central de Fabricaciones Militares, dirigentes nacionales de ATE y representantes de las distintas plantas se reunieron ayer con el Directorio del organismo para exigirle que el 10 de diciembre, asumido el nuevo Gobierno, presenten su renuncia. Presencia de compa\u00f1eros de Villa Mar\u00eda y R\u00edo Tercero.<\/em><\/p>\n\n\n\n<figure class=\"wp-block-image\"><img decoding=\"async\" src=\"http:\/\/atecordoba.org\/wp-content\/uploads\/2020\/05\/bandera.jpg\" alt=\"\" class=\"wp-image-11458\"\/><figcaption>Compa\u00f1eros de las distintas f\u00e1bricas acompa\u00f1aron a los representantes gremiales a la reuni\u00f3n con el Directorio de FFMM.<\/figcaption><\/figure>\n\n\n\n<p>En la oportunidad, los compa\u00f1eros de ATE les entregaron un documento en el que explicaron los motivos de la demanda, fundada en entender que &#8220;las decisiones tomadas en los \u00faltimos a\u00f1os han da\u00f1ado seriamente el patrimonio del complejo industrial, cuyos due\u00f1os son el conjunto del pueblo argentino, adem\u00e1s de dejar sin su fuente laboral a cientos de trabajadores con un conocimiento emp\u00edrico adquirido en a\u00f1os de tareas realizadas en los \u00e1mbitos fabriles de producci\u00f3n para la defensa\u201d.<\/p>\n\n\n\n<figure class=\"wp-block-image\"><img decoding=\"async\" src=\"http:\/\/atecordoba.org\/wp-content\/uploads\/2020\/05\/reunion-directorio.jpg\" alt=\"\" class=\"wp-image-11459\"\/><figcaption>La reuni\u00f3n donde se pidi\u00f3 la renuncia de los funcionarios macristas.<\/figcaption><\/figure>\n\n\n\n<p>La comitiva gremial que particip\u00f3 de la reuni\u00f3n estuvo integrada por Alejandro Garz\u00f3n, Secretario Gremial electo de ATE Nacional; Orestes Galeano, del Consejo Nacional; Vanina Zurita, de Azul y secretaria de Formaci\u00f3n electa del CDP Provincia de Buenos Aires. En representaci\u00f3n de las F\u00e1bricas estuvieron: Fernando Peirano (Fray Luis Beltr\u00e1n), David Salto (R\u00edo Tercero), Ricardo Codul y Ariel Di Santo (Sede Central), &nbsp;Gustavo Luj\u00e1n (Fanazul), Gustavo Vilchez y Fernando Mercado (Villa Mar\u00eda).<\/p>\n\n\n\n<figure class=\"wp-block-image\"><img decoding=\"async\" src=\"http:\/\/atecordoba.org\/wp-content\/uploads\/2020\/05\/asamblea-ffmm-sede-central.jpg\" alt=\"\" class=\"wp-image-11462\"\/><\/figure>\n\n\n\n<p>Mientras se realizaba la reuni\u00f3n, el resto de los compa\u00f1eros y compa\u00f1eras permanecieron en el piso cuatro. Al finalizar la misma, realizaron all\u00ed mismo una asamblea, en la que definieron que, si el Directorio no renuncia, el 11 de diciembre profundizaran las medidas.<\/p>\n\n\n\n<p>Otro de los pedidos fue que la actual gesti\u00f3n se abstenga de firmar compromisos o acuerdos que tengan que ver con el futuro del complejo que administran. \u201cLo planteado tiene motivos absolutamente objetivos, como lo son la ca\u00edda de la producci\u00f3n, el cierre de FANAZUL, la p\u00e9rdida de clientes que durante a\u00f1os hab\u00edan comprado en Fabricaciones entre otros\u201d, indicaron.<\/p>\n\n\n\n<figure class=\"wp-block-image\"><img decoding=\"async\" src=\"http:\/\/atecordoba.org\/wp-content\/uploads\/2020\/05\/asamblea-ffmm.jpg\" alt=\"\" class=\"wp-image-11460\"\/><\/figure>\n\n\n\n<p>Asimismo, reclamaron que se garanticen los insumos para la escasa producci\u00f3n existente,&nbsp; el pago de salarios y abstenerse de desvincular a ning\u00fan trabajador\/ra.&nbsp;&nbsp;&nbsp;&nbsp;&nbsp;&nbsp;&nbsp;&nbsp;&nbsp;&nbsp;&nbsp;&nbsp;&nbsp;&nbsp;&nbsp;&nbsp;&nbsp;&nbsp;&nbsp;&nbsp;&nbsp;&nbsp;&nbsp;&nbsp;&nbsp;&nbsp;&nbsp;&nbsp;<\/p>\n\n\n\n<p>Por otro lado, plantearon que las autoridades salientes &#8220;se abstengan de iniciar, y mucho menos firmar, acuerdos que tengan que ver con los derechos laborales de los y las trabajadoras. Vuestra visi\u00f3n es que solo somos una variable de ajuste y recursos humanos renovables, como lo demuestran las clausulas retrogradas que contiene el \u00faltimo contrato firmado\u201d.<\/p>\n\n\n\n<figure class=\"wp-block-image\"><img decoding=\"async\" src=\"http:\/\/atecordoba.org\/wp-content\/uploads\/2020\/05\/reunion-directorio-ffmm.jpg\" alt=\"\" class=\"wp-image-11463\"\/><\/figure>\n\n\n\n<p>\u201cSeria de buena fe que pongan toda la informaci\u00f3n a disposici\u00f3n de la comisi\u00f3n de traspaso acordada entre el Presidente saliente y el electo\u201d, precisa el documentos entregado al Directorio. \u201cLas y los trabajadores comprometidos con el funcionamiento de la producci\u00f3n para la Defensa nos reservamos el derecho de aplicar todas las medidas legitimas de acci\u00f3n sindical para garantizar el cumplimiento de&nbsp; lo hasta aqu\u00ed planteado\u201d, concluyeron.&nbsp; &nbsp;&nbsp;<\/p>\n","protected":false},"excerpt":{"rendered":"<p>En la sede central de Fabricaciones Militares, dirigentes nacionales de ATE y representantes de las distintas plantas se reunieron ayer con el Directorio del organismo para exigirle que el 10 de diciembre, asumido el nuevo Gobierno, presenten su renuncia. Presencia de compa\u00f1eros de Villa Mar\u00eda y R\u00edo Tercero. En la oportunidad, los compa\u00f1eros de ATE [&hellip;]<\/p>\n","protected":false},"author":1,"featured_media":19220,"comment_status":"open","ping_status":"open","sticky":false,"template":"","format":"standard","meta":{"_exactmetrics_skip_tracking":false,"_exactmetrics_sitenote_active":false,"_exactmetrics_sitenote_note":"","_exactmetrics_sitenote_category":0,"jnews-multi-image_gallery":[],"jnews_single_post":[],"jnews_primary_category":[],"jnews_social_meta":[],"jnews_review":[],"enable_review":"","type":"","name":"","summary":"","brand":"","sku":"","good":[],"bad":[],"score_override":"","override_value":"","rating":[],"price":[],"jnews_override_counter":[],"jnews_post_split":[],"footnotes":""},"categories":[1],"tags":[],"class_list":["post-11457","post","type-post","status-publish","format-standard","has-post-thumbnail","hentry","category-sin-categoria"],"jetpack_featured_media_url":"https:\/\/atecordoba.org\/wp-content\/uploads\/2020\/05\/logo-nuevochico-e1561581322808.png","_links":{"self":[{"href":"https:\/\/atecordoba.org\/index.php?rest_route=\/wp\/v2\/posts\/11457","targetHints":{"allow":["GET"]}}],"collection":[{"href":"https:\/\/atecordoba.org\/index.php?rest_route=\/wp\/v2\/posts"}],"about":[{"href":"https:\/\/atecordoba.org\/index.php?rest_route=\/wp\/v2\/types\/post"}],"author":[{"embeddable":true,"href":"https:\/\/atecordoba.org\/index.php?rest_route=\/wp\/v2\/users\/1"}],"replies":[{"embeddable":true,"href":"https:\/\/atecordoba.org\/index.php?rest_route=%2Fwp%2Fv2%2Fcomments&post=11457"}],"version-history":[{"count":1,"href":"https:\/\/atecordoba.org\/index.php?rest_route=\/wp\/v2\/posts\/11457\/revisions"}],"predecessor-version":[{"id":19180,"href":"https:\/\/atecordoba.org\/index.php?rest_route=\/wp\/v2\/posts\/11457\/revisions\/19180"}],"wp:featuredmedia":[{"embeddable":true,"href":"https:\/\/atecordoba.org\/index.php?rest_route=\/wp\/v2\/media\/19220"}],"wp:attachment":[{"href":"https:\/\/atecordoba.org\/index.php?rest_route=%2Fwp%2Fv2%2Fmedia&parent=11457"}],"wp:term":[{"taxonomy":"category","embeddable":true,"href":"https:\/\/atecordoba.org\/index.php?rest_route=%2Fwp%2Fv2%2Fcategories&post=11457"},{"taxonomy":"post_tag","embeddable":true,"href":"https:\/\/atecordoba.org\/index.php?rest_route=%2Fwp%2Fv2%2Ftags&post=11457"}],"curies":[{"name":"wp","href":"https:\/\/api.w.org\/{rel}","templated":true}]}}