{"id":11454,"date":"2019-10-29T13:26:06","date_gmt":"2019-10-29T16:26:06","guid":{"rendered":"https:\/\/www.atecordoba.org\/?p=11454"},"modified":"2020-07-02T11:43:37","modified_gmt":"2020-07-02T14:43:37","slug":"anses-ate-repudia-el-pase-a-planta-permanente-de-funcionarios-politicos-resuelta-despues-de-la-eleccion","status":"publish","type":"post","link":"https:\/\/atecordoba.org\/?p=11454","title":{"rendered":"Anses: ATE repudia el pase a planta permanente de funcionarios pol\u00edticos resuelta despu\u00e9s de la elecci\u00f3n"},"content":{"rendered":"\n<figure class=\"wp-block-image\"><img decoding=\"async\" src=\"http:\/\/atecordoba.org\/wp-content\/uploads\/2020\/05\/protesta-frente-a-anses-1024x576.jpg\" alt=\"\" class=\"wp-image-11455\"\/><\/figure>\n\n\n\n<p>Una circular de la Anses emitida la noche del domingo, una\nvez conocidos los resultados electorales, autoriz\u00f3 al \u00e1rea de Recursos Humanos a\nrealizar el pase a planta permanente de funcionarios pol\u00edticos nombrados\ndurante el saliente gobierno macrista.<\/p>\n\n\n\n<p>Desde ATE repudiamos el hecho y alertamos a la poblaci\u00f3n que\nse trata de los mismos funcionarios que celebraron los despidos durante los\n\u00faltimos cuatro a\u00f1os, que estigmatizaron a los trabajadores, tild\u00e1ndolos de\n\u00f1oquis al tiempo que implementaban persecuciones pol\u00edticas y gremiales. Estos funcionarios\npol\u00edticos buscan ahora perpetuarse en los puestos laborales en el Estado que\nantes fueron de compa\u00f1eros de carrera y que arbitrariamente ellos despidieron.<\/p>\n\n\n\n<p>Esta situaci\u00f3n se produce mientras ATE reclam\u00f3 durante\ncuatro a\u00f1os el pase a planta permanente y la recategorizaci\u00f3n de los\ntrabajadores vulnerados en sus derechos, medidas que fueron negadas por los\nmismos funcionarios, configurando una vuelta de campa\u00f1a cargada de cinismo\npocas veces vista.<\/p>\n\n\n\n<p>En consecuencia, a partir de ma\u00f1ana se convocar\u00e1n asambleas\nde trabajadores para exigir que una vez terminada la gesti\u00f3n se vayan de Anses\nquienes vaciaron el organismo, liquidaron el fondo de sustentabilidad y\natentaron contra nuestra Seguridad Social. <\/p>\n","protected":false},"excerpt":{"rendered":"<p>Una circular de la Anses emitida la noche del domingo, una vez conocidos los resultados electorales, autoriz\u00f3 al \u00e1rea de Recursos Humanos a realizar el pase a planta permanente de funcionarios pol\u00edticos nombrados durante el saliente gobierno macrista. Desde ATE repudiamos el hecho y alertamos a la poblaci\u00f3n que se trata de los mismos funcionarios [&hellip;]<\/p>\n","protected":false},"author":1,"featured_media":19220,"comment_status":"open","ping_status":"open","sticky":false,"template":"","format":"standard","meta":{"_exactmetrics_skip_tracking":false,"_exactmetrics_sitenote_active":false,"_exactmetrics_sitenote_note":"","_exactmetrics_sitenote_category":0,"jnews-multi-image_gallery":[],"jnews_single_post":[],"jnews_primary_category":[],"jnews_social_meta":[],"jnews_review":[],"enable_review":"","type":"","name":"","summary":"","brand":"","sku":"","good":[],"bad":[],"score_override":"","override_value":"","rating":[],"price":[],"jnews_override_counter":[],"jnews_post_split":[],"footnotes":""},"categories":[18],"tags":[38],"class_list":["post-11454","post","type-post","status-publish","format-standard","has-post-thumbnail","hentry","category-nacionales","tag-anses"],"jetpack_featured_media_url":"https:\/\/atecordoba.org\/wp-content\/uploads\/2020\/05\/logo-nuevochico-e1561581322808.png","_links":{"self":[{"href":"https:\/\/atecordoba.org\/index.php?rest_route=\/wp\/v2\/posts\/11454","targetHints":{"allow":["GET"]}}],"collection":[{"href":"https:\/\/atecordoba.org\/index.php?rest_route=\/wp\/v2\/posts"}],"about":[{"href":"https:\/\/atecordoba.org\/index.php?rest_route=\/wp\/v2\/types\/post"}],"author":[{"embeddable":true,"href":"https:\/\/atecordoba.org\/index.php?rest_route=\/wp\/v2\/users\/1"}],"replies":[{"embeddable":true,"href":"https:\/\/atecordoba.org\/index.php?rest_route=%2Fwp%2Fv2%2Fcomments&post=11454"}],"version-history":[{"count":1,"href":"https:\/\/atecordoba.org\/index.php?rest_route=\/wp\/v2\/posts\/11454\/revisions"}],"predecessor-version":[{"id":19182,"href":"https:\/\/atecordoba.org\/index.php?rest_route=\/wp\/v2\/posts\/11454\/revisions\/19182"}],"wp:featuredmedia":[{"embeddable":true,"href":"https:\/\/atecordoba.org\/index.php?rest_route=\/wp\/v2\/media\/19220"}],"wp:attachment":[{"href":"https:\/\/atecordoba.org\/index.php?rest_route=%2Fwp%2Fv2%2Fmedia&parent=11454"}],"wp:term":[{"taxonomy":"category","embeddable":true,"href":"https:\/\/atecordoba.org\/index.php?rest_route=%2Fwp%2Fv2%2Fcategories&post=11454"},{"taxonomy":"post_tag","embeddable":true,"href":"https:\/\/atecordoba.org\/index.php?rest_route=%2Fwp%2Fv2%2Ftags&post=11454"}],"curies":[{"name":"wp","href":"https:\/\/api.w.org\/{rel}","templated":true}]}}