{"id":11445,"date":"2019-10-15T12:53:10","date_gmt":"2019-10-15T15:53:10","guid":{"rendered":"https:\/\/www.atecordoba.org\/?p=11445"},"modified":"2020-06-09T15:36:09","modified_gmt":"2020-06-09T18:36:09","slug":"con-participacion-cordobesa-se-realizo-este-fin-de-semana-en-la-plata-el-encuentro-de-mujeres-mas-multitudinario-de-la-historia","status":"publish","type":"post","link":"https:\/\/atecordoba.org\/?p=11445","title":{"rendered":"Con participaci\u00f3n cordobesa se realiz\u00f3 este fin de semana en La Plata el Encuentro de Mujeres m\u00e1s multitudinario de la historia"},"content":{"rendered":"\n<p><em>Unas 300 mil mujeres, lesbianas, trans, transexuales y no binaries participaron este fin de semana del Encuentro m\u00e1s multitudinario de la historia. La CTA Aut\u00f3noma integr\u00f3 la columna sindical de la movilizaci\u00f3n de 3 kil\u00f3metros que cop\u00f3 la Ciudad de las Diagonales. Estuvo presente una importante delegaci\u00f3n de ATE y la CTA de nuestra provincia y las seccionales del interior, que participaron activamente en las comisiones y tareas conjuntas. <\/em><\/p>\n\n\n\n<figure class=\"wp-block-image\"><img decoding=\"async\" src=\"http:\/\/atecordoba.org\/wp-content\/uploads\/2020\/05\/encuentro-2.jpg\" alt=\"\" class=\"wp-image-11446\"\/><\/figure>\n\n\n\n<p><em>(Cobertura del equipo de prensa de la CTA Aut\u00f3noma Nacional)<\/em><\/p>\n\n\n\n<p>La apertura del s\u00e1bado tuvo que suspenderse: la lluvia y la tormenta el\u00e9ctrica no dieron tregua. Sin embargo, a medida que las mujeres de todas las provincias se iban encontrando y avanzando, las nubes se abrieron paso y hacia el final de la jornada sali\u00f3 el sol.<\/p>\n\n\n\n<p>Llegadas de las diferentes provincias, de todos los rincones\ndel territorio, las mujeres de la CTA Aut\u00f3noma dieron el presente en los\ntalleres del Encuentro: mujeres y sindicalismo, mujeres y organizaciones\npol\u00edticas, mujeres y universidad, mujeres y acceso a la justicia, mujeres y\nprotocolos contra las violencias de g\u00e9neros, mujeres y salud p\u00fablica, mujeres y\ntrabajo en la prensa, mujeres y pueblos originarios, mujeres y ESI, mujeres y\ncrianza, mujeres y diversidades. Y en la calle fue una fiesta la Mesa sobre\nMujeres y Feminismo Latinoamericano donde todas y todes se pronunciaron en\ndefensa del pueblo ecuatoriano, en contra de las pol\u00edticas de ajuste y de\nrepresi\u00f3n de Lenin Moreno.<\/p>\n\n\n\n<figure class=\"wp-block-image\"><img decoding=\"async\" src=\"http:\/\/atecordoba.org\/wp-content\/uploads\/2020\/05\/columna-encuentro-mujeres.jpg\" alt=\"\" class=\"wp-image-11447\"\/><\/figure>\n\n\n\n<p>Durante los d\u00edas del Encuentro fueron intensos los debates\nsobre temas que atraviesan la agenda de las mujeres y las diversidades. Bajo la\nconsigna \u201cTrabajadoras somos todas\u201d, que ratifica la pertenencia de clase, las\ncompa\u00f1eras de todo el pa\u00eds llevaron a cada taller las inquietudes, demandas y\nproyectos que tiene la Central movilizada: contra el ajuste, el hambre, el\nsaqueo y la pobreza; por trabajo con derechos para todas; por igual remuneraci\u00f3n\npor la misma tarea; la demanda para que el aborto sea legal, seguro y gratuito;\npor una pol\u00edtica de cuidados y en defensa de los derechos de la ni\u00f1ez; por el\n82% m\u00f3vil, por erradicar la violencia de los trabajos y de las organizaciones\nsindicales, fueron los temas m\u00e1s urgentes.<\/p>\n\n\n\n<p>Adem\u00e1s se volvi\u00f3 a plantear la necesidad de establecer un\nplan de lucha para que Argentina ratifique el Convenio 190 de la OIT sobre\nviolencia y acoso en el mundo del trabajo con perspectiva de g\u00e9nero.<\/p>\n\n\n\n<p><strong>Asamblea de la CTA Aut\u00f3noma<\/strong><\/p>\n\n\n\n<p>Ya hacia la tardecita, y como anfitrionas del Encuentro, las\ncompa\u00f1eras de la Central de la Provincia de Buenos Aires realizaron una\nbienvenida al resto de las delegaciones en la casa platense de la Asociaci\u00f3n de\nTrabajadores del Estado. \u201cTrabajamos much\u00edsimo, desde hace un a\u00f1o para\nrecibirlas hoy, y esperamos que tengamos un gran encuentro\u201d, dijo Alicia\nMeynar, Secretaria de G\u00e9nero de la CTA-A provincia de Buenos Aires.<\/p>\n\n\n\n<figure class=\"wp-block-image\"><img decoding=\"async\" src=\"http:\/\/atecordoba.org\/wp-content\/uploads\/2020\/05\/7ddada50-d527-432a-82a7-dc87b8c402ae.jpg\" alt=\"\" class=\"wp-image-11449\"\/><\/figure>\n\n\n\n<p>All\u00ed se plante\u00f3 adem\u00e1s un rico debate en torno a la\nconstrucci\u00f3n de la unidad en la acci\u00f3n, en el que se manifestaron las distintas\ninquietudes en torno a movilizar conjuntamente con la CTA de los Trabajadores y\nla CGT en este tiempo.<\/p>\n\n\n\n<p><strong>Trabajadoras somos todas<\/strong><\/p>\n\n\n\n<p>En la segunda jornada del Encuentro tuvo lugar una marcha que pasar\u00e1 a la historia: una inmensa columna de la CTA Aut\u00f3noma junto a mujeres trabajadoras de la CTAT, la Corriente Federal y la CTEP manifestaron la \u201cunidad de las trabajadoras contra el ajuste y el FMI\u201d.<\/p>\n\n\n\n<figure class=\"wp-block-image\"><img decoding=\"async\" src=\"http:\/\/atecordoba.org\/wp-content\/uploads\/2020\/05\/667fa4ae-f838-4b6a-ad26-338a244423c7.jpg\" alt=\"\" class=\"wp-image-11450\"\/><\/figure>\n\n\n\n<p>Durante la concentraci\u00f3n, Claudia Baigorria, Secretaria\nAdjunta de la CTA-A y de la Conaduh, afirm\u00f3: \u201cvenimos a decir presentes en el\n34 Encuentro Nacional de Mujeres, venimos con la potencia de todos los\nencuentros que hemos hecho en nuestras organizaciones y el maravilloso\nencuentro que tuvimos el 5 y 6 pasados organizado por nuestra Secretar\u00eda de\nG\u00e9nero, con Silvia Le\u00f3n a la cabeza\u201d.<\/p>\n\n\n\n<p>Celebr\u00f3 adem\u00e1s la participaci\u00f3n enorme de compa\u00f1eras de\ntodas las provincias desde Jujuy hasta la Tierra del Fuego, desde Misiones\nhasta Neuqu\u00e9n: \u201cLes vamos a decir a Vidal y a Macri basta de entrega, basta de\nsumisi\u00f3n, basta de hipotecar el futuro de nuestros ni\u00f1os y ni\u00f1as con el Fondo\nMonetario Internacional, queremos una Argentina con trabajo y con igualdad de\noportunidades para todas las mujeres que somos las que m\u00e1s sufrimos las\nconsecuencias de este ajuste que se profundiz\u00f3 luego de las elecciones con este\nGobierno en retirada\u201d.<\/p>\n\n\n\n<p>Por su parte, Marta Galante, directora de G\u00e9nero de ATE\nNacional, dijo: \u201cvenimos manifest\u00e1ndole al Presidente de la Naci\u00f3n que no\nqueremos m\u00e1s mujeres precarizadas, no m\u00e1s mujeres muertas, trabajo para todas y\nfelices porque pudimos concretar el Encuentro Nacional de Mujeres\u201d.<\/p>\n\n\n\n<p>Llegada desde Santa Cruz, la Secretaria General de la CTA-A\nen esa provincia, Olga Reinoso, manifest\u00f3: \u201cNo s\u00f3lo est\u00e1 en discusi\u00f3n nuestro\nmodelo sindical, sino que tambi\u00e9n est\u00e1 en discusi\u00f3n un modelo de pa\u00eds que\ncontenga a las trabajadoras y a los trabajadores que estamos hoy totalmente\nexcluidos, claramente la unidad es la construcci\u00f3n en la calle\u201d.<\/p>\n\n\n\n<p>Por su parte, Leonor Cruz, Secretaria de G\u00e9nero de la\nCentral tucumana, agreg\u00f3: \u201ceste Encuentro es hist\u00f3rico con m\u00e1s de 3 mil\ncompa\u00f1eras de la CTA A de todo el pa\u00eds participando en los talleres, en la\nasamblea, en la calle, en esta construcci\u00f3n de este nuevo modelo sindical que\nestamos poniendo en debate. Esta marcha en unidad es la demostraci\u00f3n que vamos\nmucho m\u00e1s all\u00e1 de las c\u00fapulas y que lo que nos une es una agenda antipatriarcal\nen com\u00fan\u201d.<\/p>\n\n\n\n<p>Alicia Rivas, Secretaria de Prensa de CTA-A Misiones, dijo:\n\u201cpara nosotras desde Misiones es muy importante estar hoy aqu\u00ed en este\nencuentro multitudinario con nuestras compa\u00f1eras, fortalecernos en la CTA-A,\nseguir con nuestras luchas en los territorios para seguir construyendo este\nsindicalismo feminista, anticapitalista, una agenda de g\u00e9nero en toda nuestra\nCentral\u201d.<\/p>\n\n\n\n<p>Clarisa Gambera, Secretaria de G\u00e9nero de CTA-A Capital: \u201cel\nEncuentro fue una fiesta, somos miles y miles, las mujeres sindicalistas les\nmostramos al poder que rebalsamos las urnas y que defendemos la autonom\u00eda con\nla unidad en la acci\u00f3n. Estamos en la calle desde que lleg\u00f3 el Gobierno de\nMacri, contra el ajuste, las mujeres somos capaces de construir la fuerza\nnecesaria para sacar a este Gobierno que no est\u00e1 hambreando y sacando todas\nnuestras conquistas\u201d.<\/p>\n","protected":false},"excerpt":{"rendered":"<p>Unas 300 mil mujeres, lesbianas, trans, transexuales y no binaries participaron este fin de semana del Encuentro m\u00e1s multitudinario de la historia. La CTA Aut\u00f3noma integr\u00f3 la columna sindical de la movilizaci\u00f3n de 3 kil\u00f3metros que cop\u00f3 la Ciudad de las Diagonales. Estuvo presente una importante delegaci\u00f3n de ATE y la CTA de nuestra provincia [&hellip;]<\/p>\n","protected":false},"author":1,"featured_media":19220,"comment_status":"open","ping_status":"open","sticky":false,"template":"","format":"standard","meta":{"_exactmetrics_skip_tracking":false,"_exactmetrics_sitenote_active":false,"_exactmetrics_sitenote_note":"","_exactmetrics_sitenote_category":0,"jnews-multi-image_gallery":[],"jnews_single_post":[],"jnews_primary_category":[],"jnews_social_meta":[],"jnews_review":[],"enable_review":"","type":"","name":"","summary":"","brand":"","sku":"","good":[],"bad":[],"score_override":"","override_value":"","rating":[],"price":[],"jnews_override_counter":[],"jnews_post_split":[],"footnotes":""},"categories":[325],"tags":[],"class_list":["post-11445","post","type-post","status-publish","format-standard","has-post-thumbnail","hentry","category-generos-y-diversidades"],"jetpack_featured_media_url":"https:\/\/atecordoba.org\/wp-content\/uploads\/2020\/05\/logo-nuevochico-e1561581322808.png","_links":{"self":[{"href":"https:\/\/atecordoba.org\/index.php?rest_route=\/wp\/v2\/posts\/11445","targetHints":{"allow":["GET"]}}],"collection":[{"href":"https:\/\/atecordoba.org\/index.php?rest_route=\/wp\/v2\/posts"}],"about":[{"href":"https:\/\/atecordoba.org\/index.php?rest_route=\/wp\/v2\/types\/post"}],"author":[{"embeddable":true,"href":"https:\/\/atecordoba.org\/index.php?rest_route=\/wp\/v2\/users\/1"}],"replies":[{"embeddable":true,"href":"https:\/\/atecordoba.org\/index.php?rest_route=%2Fwp%2Fv2%2Fcomments&post=11445"}],"version-history":[{"count":1,"href":"https:\/\/atecordoba.org\/index.php?rest_route=\/wp\/v2\/posts\/11445\/revisions"}],"predecessor-version":[{"id":19187,"href":"https:\/\/atecordoba.org\/index.php?rest_route=\/wp\/v2\/posts\/11445\/revisions\/19187"}],"wp:featuredmedia":[{"embeddable":true,"href":"https:\/\/atecordoba.org\/index.php?rest_route=\/wp\/v2\/media\/19220"}],"wp:attachment":[{"href":"https:\/\/atecordoba.org\/index.php?rest_route=%2Fwp%2Fv2%2Fmedia&parent=11445"}],"wp:term":[{"taxonomy":"category","embeddable":true,"href":"https:\/\/atecordoba.org\/index.php?rest_route=%2Fwp%2Fv2%2Fcategories&post=11445"},{"taxonomy":"post_tag","embeddable":true,"href":"https:\/\/atecordoba.org\/index.php?rest_route=%2Fwp%2Fv2%2Ftags&post=11445"}],"curies":[{"name":"wp","href":"https:\/\/api.w.org\/{rel}","templated":true}]}}