{"id":11440,"date":"2019-09-27T15:27:37","date_gmt":"2019-09-27T18:27:37","guid":{"rendered":"https:\/\/www.atecordoba.org\/?p=11440"},"modified":"2020-07-02T11:43:29","modified_gmt":"2020-07-02T14:43:29","slug":"anses-ate-rechaza-un-codigo-de-etica-que-impulsa-la-delacion-anonima-para-la-persecucion-interna","status":"publish","type":"post","link":"https:\/\/atecordoba.org\/?p=11440","title":{"rendered":"Anses: ATE rechaza un c\u00f3digo de \u00e9tica que impulsa la delaci\u00f3n an\u00f3nima para la persecuci\u00f3n interna"},"content":{"rendered":"\n<p><em>La implementaci\u00f3n del llamado \u2018c\u00f3digo de \u00e9tica\u2019 que impulsan las autoridades de Anses a trav\u00e9s del decreto 236\/2019 concita el rechazo de los trabajadores porque promueve la delaci\u00f3n an\u00f3nima de los compa\u00f1eros y genera condiciones para que reine el miedo en vez de la convivencia sana en el organismo previsional<\/em>.<\/p>\n\n\n\n<figure class=\"wp-block-image\"><img decoding=\"async\" src=\"http:\/\/atecordoba.org\/wp-content\/uploads\/2020\/05\/ANSES-SEPTIEMBRE-1024x768.jpg\" alt=\"\" class=\"wp-image-11441\"\/><figcaption>Protesta frente a la Udai1, frente a la Plaza San mart\u00edn (Archivo)<\/figcaption><\/figure>\n\n\n\n<p>Desde ATE Anses se\u00f1alaron que el decreto regula las\ncondiciones de trabajo y las relaciones de laborales por lo que se impugnar\u00e1 la\nnorma y en consecuencia aconsejaron a los trabajadores a que no confirmen la\nrecepci\u00f3n del mail oficial que est\u00e1 enviando la gerencia. \u201cHay 10 d\u00edas h\u00e1biles\npara notificarse y no le vamos a facilitar la implementaci\u00f3n de un reglamento\npara la delaci\u00f3n y la persecuci\u00f3n\u201d, resumi\u00f3 Eugenia Palacio, de ATE Anses.<\/p>\n\n\n\n<p>ATE plantea que todo cambio de normas de convivencia debe\ninstrumentarse por medio de la negociaci\u00f3n colectiva con los gremios con \u00e1mbito\nde representaci\u00f3n en Anses -como lo estable la ley de negociaci\u00f3n colectiva- ,\ncosa que no ha sucedido y que ATE nunca fue consultado al respecto. <\/p>\n\n\n\n<p>Como elemento m\u00e1s destacado, ATE rechaza la implementaci\u00f3n del\npunto 3.4 del \u2018canal de denuncia\u2019, donde \u201clos agentes (podr\u00e1n) denunciar las\nconductas contrarias a las normas (\u2026)\u201d que prev\u00e9 entre las modalidades \u201cpreservar\nla identidad\u201d. <\/p>\n\n\n\n<p>A su vez el llamado \u2018C\u00f3digo\u2019 invierte la carga de la prueba,\natento a que cada trabajador deber\u00eda demostrar su buena conducta y no al rev\u00e9s.<\/p>\n\n\n\n<p>Al limitar la posibilidad de informar p\u00fablicamente el\nfuncionamiento relativo al servicio, el gobierno pretende restringir la libertad\nde expresi\u00f3n de los trabajadores y las organizaciones sindicales que los representan.<\/p>\n\n\n\n<p>Otro punto controversial es la declaraci\u00f3n que promueve la\nmeritocracia, que en abstracto podr\u00eda significar la competencia y quiebre de\nlos lazos de solidaridad entre los compa\u00f1eros. Por el contrario, desde ATE\nhablamos del esfuerzo compartido, el compromiso con los derechos de los\nbeneficiarios y la soluci\u00f3n de demandas de la ciudadan\u00eda. <\/p>\n","protected":false},"excerpt":{"rendered":"<p>La implementaci\u00f3n del llamado \u2018c\u00f3digo de \u00e9tica\u2019 que impulsan las autoridades de Anses a trav\u00e9s del decreto 236\/2019 concita el rechazo de los trabajadores porque promueve la delaci\u00f3n an\u00f3nima de los compa\u00f1eros y genera condiciones para que reine el miedo en vez de la convivencia sana en el organismo previsional. Desde ATE Anses se\u00f1alaron que [&hellip;]<\/p>\n","protected":false},"author":1,"featured_media":19220,"comment_status":"open","ping_status":"open","sticky":false,"template":"","format":"standard","meta":{"_exactmetrics_skip_tracking":false,"_exactmetrics_sitenote_active":false,"_exactmetrics_sitenote_note":"","_exactmetrics_sitenote_category":0,"jnews-multi-image_gallery":[],"jnews_single_post":[],"jnews_primary_category":[],"jnews_social_meta":[],"jnews_review":[],"enable_review":"","type":"","name":"","summary":"","brand":"","sku":"","good":[],"bad":[],"score_override":"","override_value":"","rating":[],"price":[],"jnews_override_counter":[],"jnews_post_split":[],"footnotes":""},"categories":[18],"tags":[38],"class_list":["post-11440","post","type-post","status-publish","format-standard","has-post-thumbnail","hentry","category-nacionales","tag-anses"],"jetpack_featured_media_url":"https:\/\/atecordoba.org\/wp-content\/uploads\/2020\/05\/logo-nuevochico-e1561581322808.png","_links":{"self":[{"href":"https:\/\/atecordoba.org\/index.php?rest_route=\/wp\/v2\/posts\/11440","targetHints":{"allow":["GET"]}}],"collection":[{"href":"https:\/\/atecordoba.org\/index.php?rest_route=\/wp\/v2\/posts"}],"about":[{"href":"https:\/\/atecordoba.org\/index.php?rest_route=\/wp\/v2\/types\/post"}],"author":[{"embeddable":true,"href":"https:\/\/atecordoba.org\/index.php?rest_route=\/wp\/v2\/users\/1"}],"replies":[{"embeddable":true,"href":"https:\/\/atecordoba.org\/index.php?rest_route=%2Fwp%2Fv2%2Fcomments&post=11440"}],"version-history":[{"count":1,"href":"https:\/\/atecordoba.org\/index.php?rest_route=\/wp\/v2\/posts\/11440\/revisions"}],"predecessor-version":[{"id":19189,"href":"https:\/\/atecordoba.org\/index.php?rest_route=\/wp\/v2\/posts\/11440\/revisions\/19189"}],"wp:featuredmedia":[{"embeddable":true,"href":"https:\/\/atecordoba.org\/index.php?rest_route=\/wp\/v2\/media\/19220"}],"wp:attachment":[{"href":"https:\/\/atecordoba.org\/index.php?rest_route=%2Fwp%2Fv2%2Fmedia&parent=11440"}],"wp:term":[{"taxonomy":"category","embeddable":true,"href":"https:\/\/atecordoba.org\/index.php?rest_route=%2Fwp%2Fv2%2Fcategories&post=11440"},{"taxonomy":"post_tag","embeddable":true,"href":"https:\/\/atecordoba.org\/index.php?rest_route=%2Fwp%2Fv2%2Ftags&post=11440"}],"curies":[{"name":"wp","href":"https:\/\/api.w.org\/{rel}","templated":true}]}}