{"id":11423,"date":"2019-09-19T13:21:46","date_gmt":"2019-09-19T16:21:46","guid":{"rendered":"https:\/\/www.atecordoba.org\/?p=11423"},"modified":"2020-05-05T09:21:41","modified_gmt":"2020-05-05T12:21:41","slug":"el-cnjp-se-manifesto-frente-al-congreso","status":"publish","type":"post","link":"https:\/\/atecordoba.org\/?p=11423","title":{"rendered":"El CNJP se manifest\u00f3 frente al Congreso"},"content":{"rendered":"\n<p><em>Exigieron participar del Consejo del Salario, 82% m\u00f3vil, salarios acordes a la Canasta B\u00e1sica, y que no se vac\u00ede el Fondo de Garant\u00eda. <\/em><\/p>\n\n\n\n<figure class=\"wp-block-image\"><img decoding=\"async\" src=\"http:\/\/atecordoba.org\/wp-content\/uploads\/2020\/05\/jubilados-frente-al-congreso.jpg\" alt=\"\" class=\"wp-image-11424\"\/><\/figure>\n\n\n\n<p>Pasado el mediod\u00eda, el Centro Nacional de Jubilados y de Pensionados de ATE se manifest\u00f3 frente al Congreso para exigir la participaci\u00f3n dentro del Consejo del Salario, salarios acordes a la Canasta B\u00e1sica, el 82% m\u00f3vil y que no se vac\u00ede el Fondo de Garant\u00eda y Sustentabilidad.<\/p>\n\n\n\n<p>La apertura de la concentraci\u00f3n estuvo a cargo de Noelia Guzman, presidenta del CNJP: \u201cHoy los jubilados gastan la mitad del salario en medicamentos, la mayor\u00eda de los compa\u00f1eros que necesitan seis o siete pastillas por d\u00eda, apenas pueden tomar dos porque 12 mil pesos son una miseria con la que los compa\u00f1eros se est\u00e1n manejando y no les alcanza para llegar al d\u00eda diez del mes\u201d.<\/p>\n\n\n\n<p>Luego tom\u00f3 la palabra Marcos Wolcan, Secretario General de la Mesa Nacional Coordinadora de Jubilados y Pensionados quien destac\u00f3 la lucha que vienen haciendo desde hace a\u00f1os y los derechos que se deber\u00e1n seguir defendiendo. Adem\u00e1s, resalt\u00f3: \u201cTenemos que decir que hoy es el mi\u00e9rcoles 1432. Hemos estado m\u00e1s de 25 a\u00f1os luchando, estamos en una semana que tambi\u00e9n va a ser de lucha porque el d\u00eda 20 es el d\u00eda del jubilado argentino, conmemoramos que en 1904 se cre\u00f3 en nuestro pa\u00eds la primera caja de jubilaciones de lo que hoy denominamos trabajadores estatales\u201d.<\/p>\n\n\n\n<p>Durante la jornada, Hugo \u201cCachorro\u201d Godoy manifest\u00f3: \u201c No quiero dejar pasar la mentira de Pichetto &nbsp;porque lo que esconde cuando dice que la mayor parte del gasto social del Presupuesto Nacional &nbsp;es gasto , lo que quiere hacer es desconocer que \u00e9l incluye dentro de ese supuesto gasto social, los aportes de las trabajadores y trabajadores al sistema jubilatorio y que lo que perciben los jubilados, no es una d\u00e1diva de este Gobierno, ni del Estado, sino que es el aporte que a lo largo de toda su vida han hecho a la sociedad Argentina\u201d.<\/p>\n\n\n\n<p>A su turno, Ricardo Peidro, Secretario General de la CTA-A esgrimi\u00f3: \u201cPara salir de la pobreza, y del &nbsp;hambre y que los jubilados y jubiladas vivan dignamente y tengan salarios dignos, para que se cumplan los cinco puntos que se plantean, es necesario que se tomen decisiones pol\u00edticas y para eso hay que construir poder\u201d.<\/p>\n\n\n\n<p>Por su parte Rodolfo \u201cPaco\u201d Lara, del Centro de Jubilados de la Provincia de Buenos Aires dijo: \u201cDesde la Provincia de Buenos Aires, como trabajadores del Estado, acompa\u00f1amos plenamente los cinco puntos que los compa\u00f1eros de la Mesa Coordinadora han impulsado durante tantos a\u00f1os porque creemos que es fundamental luchar por el correcto funcionamiento del&nbsp; sistema jubilatorio\u201d.<\/p>\n\n\n\n<p>Durante el acto, estuvieron presentes, Olivia Ruiz y Leonarda \u201cPocha\u201d Correa del CNJP, Victor de Gennaro, fundador de la CTA, Departamento de Discapacidad y jubilados y jubiladas de Berisso y toda la provincia de Buenos Aires.<\/p>\n","protected":false},"excerpt":{"rendered":"<p>Exigieron participar del Consejo del Salario, 82% m\u00f3vil, salarios acordes a la Canasta B\u00e1sica, y que no se vac\u00ede el Fondo de Garant\u00eda. Pasado el mediod\u00eda, el Centro Nacional de Jubilados y de Pensionados de ATE se manifest\u00f3 frente al Congreso para exigir la participaci\u00f3n dentro del Consejo del Salario, salarios acordes a la Canasta [&hellip;]<\/p>\n","protected":false},"author":1,"featured_media":19220,"comment_status":"open","ping_status":"open","sticky":false,"template":"","format":"standard","meta":{"_exactmetrics_skip_tracking":false,"_exactmetrics_sitenote_active":false,"_exactmetrics_sitenote_note":"","_exactmetrics_sitenote_category":0,"jnews-multi-image_gallery":[],"jnews_single_post":[],"jnews_primary_category":[],"jnews_social_meta":[],"jnews_review":[],"enable_review":"","type":"","name":"","summary":"","brand":"","sku":"","good":[],"bad":[],"score_override":"","override_value":"","rating":[],"price":[],"jnews_override_counter":[],"jnews_post_split":[],"footnotes":""},"categories":[22],"tags":[],"class_list":["post-11423","post","type-post","status-publish","format-standard","has-post-thumbnail","hentry","category-jubilados"],"jetpack_featured_media_url":"https:\/\/atecordoba.org\/wp-content\/uploads\/2020\/05\/logo-nuevochico-e1561581322808.png","_links":{"self":[{"href":"https:\/\/atecordoba.org\/index.php?rest_route=\/wp\/v2\/posts\/11423","targetHints":{"allow":["GET"]}}],"collection":[{"href":"https:\/\/atecordoba.org\/index.php?rest_route=\/wp\/v2\/posts"}],"about":[{"href":"https:\/\/atecordoba.org\/index.php?rest_route=\/wp\/v2\/types\/post"}],"author":[{"embeddable":true,"href":"https:\/\/atecordoba.org\/index.php?rest_route=\/wp\/v2\/users\/1"}],"replies":[{"embeddable":true,"href":"https:\/\/atecordoba.org\/index.php?rest_route=%2Fwp%2Fv2%2Fcomments&post=11423"}],"version-history":[{"count":1,"href":"https:\/\/atecordoba.org\/index.php?rest_route=\/wp\/v2\/posts\/11423\/revisions"}],"predecessor-version":[{"id":19199,"href":"https:\/\/atecordoba.org\/index.php?rest_route=\/wp\/v2\/posts\/11423\/revisions\/19199"}],"wp:featuredmedia":[{"embeddable":true,"href":"https:\/\/atecordoba.org\/index.php?rest_route=\/wp\/v2\/media\/19220"}],"wp:attachment":[{"href":"https:\/\/atecordoba.org\/index.php?rest_route=%2Fwp%2Fv2%2Fmedia&parent=11423"}],"wp:term":[{"taxonomy":"category","embeddable":true,"href":"https:\/\/atecordoba.org\/index.php?rest_route=%2Fwp%2Fv2%2Fcategories&post=11423"},{"taxonomy":"post_tag","embeddable":true,"href":"https:\/\/atecordoba.org\/index.php?rest_route=%2Fwp%2Fv2%2Ftags&post=11423"}],"curies":[{"name":"wp","href":"https:\/\/api.w.org\/{rel}","templated":true}]}}