{"id":11419,"date":"2019-09-19T13:18:08","date_gmt":"2019-09-19T16:18:08","guid":{"rendered":"https:\/\/www.atecordoba.org\/?p=11419"},"modified":"2020-05-05T09:21:42","modified_gmt":"2020-05-05T12:21:42","slug":"ate-y-la-cta-a-movilizaron-al-congreso-por-la-emergencia-alimentaria","status":"publish","type":"post","link":"https:\/\/atecordoba.org\/?p=11419","title":{"rendered":"ATE y la CTA-A movilizaron al Congreso por la Emergencia Alimentaria"},"content":{"rendered":"\n<p><em>Las organizaciones sociales y sindicales tambi\u00e9n se manifestaron por un cambio de modelo que garantice la dignidad del pueblo. <\/em><\/p>\n\n\n\n<figure class=\"wp-block-image\"><img decoding=\"async\" src=\"http:\/\/atecordoba.org\/wp-content\/uploads\/2020\/05\/godoy-emergencia-alimentaria.jpg\" alt=\"\" class=\"wp-image-11420\"\/><\/figure>\n\n\n\n<p>En otra jornada multitudinaria de lucha, protagonizada por la CTA-A y las organizaciones sociales, se exigi\u00f3 frente al Congreso de la Naci\u00f3n que Senadores apruebe la Emergencia Alimentaria. Plantearon que, en un pa\u00eds que produce alimentos para 400 millones de personas, el hambre es un crimen y el Estado es responsable.<\/p>\n\n\n\n<p>Luego de un minuto de silencio para reivindicar la lucha y la memoria de las docentes fallecidas en Chubut, &nbsp;Hugo \u201cCachorro\u201d Godoy, Secretario General de ATE y Adjunto de la CTA-A, abri\u00f3 el acto frente al Congreso. \u201cQue este Congreso tenga reconocer hoy la ley de Emergencia Alimentaria da cuenta de la cat\u00e1strofe social de hambre y pobreza que este Gobierno ha generado. Pero al mismo tiempo, es tambi\u00e9n la expresi\u00f3n de la lucha que despliegan todos los d\u00edas y en todo el pa\u00eds las organizaciones sociales y, en particular, las compa\u00f1eras en los comedores y los merenderos\u201d.<\/p>\n\n\n\n<p>\u201cLa unidad de nuestras organizaciones con su lucha logro que esta ley se apruebe, y la unidad del pueblo est\u00e1 permitiendo que echemos a este Gobierno. Con nuestra unidad y capacidad de organizaci\u00f3n y de propuesta permanente, vamos a construir un futuro digno para nuestro pueblo y nuestra Patria\u201d, manifest\u00f3 el dirigente.<\/p>\n\n\n\n<p>Por su parte, Omar Giuliani, coordinador nacional de la FeNaT, se\u00f1al\u00f3 que &#8220;no es para celebrar que en pa\u00eds tan rico como el nuestro m\u00e1s de la mitad de los pibes vivan bajo la l\u00ednea de pobreza y necesitemos una Emergencia Alimentaria&#8221;. Sin embargo, destac\u00f3: &#8220;Esta es una peque\u00f1a batalla ganada por la lucha de las organizaciones populares y de la clase trabajadora&#8221;. Asimismo, plante\u00f3: &#8220;Estamos en la calle exigiendo que se apruebe la ley, pero que adem\u00e1s se acerque a resolver la emergencia que estamos viviendo en nuestros pa\u00eds&#8221;.<\/p>\n\n\n\n<p>A su turno, Dina S\u00e1nchez, del Frente Dar\u00edo Santill\u00e1n agreg\u00f3: \u201cSi hoy se aprueba la ley es por nuestra lucha. La historia nos muestra que nunca nos han regalado nada, fueron 4 a\u00f1os de un gobierno de ricos, que no quiere ver el Hambre del pueblo y en particular de los pibes\u201d.<\/p>\n\n\n\n<p>Norma Morales, de Barrios De Pie, dijo: \u201cvenimos exigiendo tambi\u00e9n a los municipios que declaren la Emergencia Alimentaria porque somos las organizaciones sociales las que venimos conteniendo el hambre en el conurbano\u201d.&nbsp; La dirigente se refiri\u00f3 a los cuatro femicidios ocurridos el pasado fin de semana y afirm\u00f3: \u201cNo vamos a parar hasta que declaren emergencia en violencia de g\u00e9nero en Argentina, porque queremos un pa\u00eds sin violencia para nuestros hijos y nietos\u201d.<\/p>\n\n\n\n<p>En representaci\u00f3n de la CCC habl\u00f3 Fredy Mari\u00f1o: \u201cOtra vez en la calle, contentos pero con sentimientos contradictorios porque esta ley es porque una tercera parte en el pa\u00eds pasa hambre. Falta el trabajo, hay precarizaci\u00f3n, cierran cooperativas. Qu\u00e9 desgracia hemos padecido. Por eso, el 27 de octubre vamos a cambiar el gobierno para mejorar la vida de los argentinos\u201d.<\/p>\n\n\n\n<p>El Gringo Castro de la CTEP, estuvo a cargo del cierre del acto: \u201cc\u00f3mo llegamos las organizaciones de poner el eje en el trabajo a pedir la Emergencia Alimentaria. Tenemos que reflexionar: los enemigos del pueblo nos quieren divididos, y nosotros decidimos que vamos a seguir construyendo, celebrando y festejando mientras luchamos. Vamos a construir alrededor de los humildes, para construir la felicidad del pueblo\u201d.<\/p>\n","protected":false},"excerpt":{"rendered":"<p>Las organizaciones sociales y sindicales tambi\u00e9n se manifestaron por un cambio de modelo que garantice la dignidad del pueblo. En otra jornada multitudinaria de lucha, protagonizada por la CTA-A y las organizaciones sociales, se exigi\u00f3 frente al Congreso de la Naci\u00f3n que Senadores apruebe la Emergencia Alimentaria. Plantearon que, en un pa\u00eds que produce alimentos [&hellip;]<\/p>\n","protected":false},"author":1,"featured_media":19220,"comment_status":"open","ping_status":"open","sticky":false,"template":"","format":"standard","meta":{"_exactmetrics_skip_tracking":false,"_exactmetrics_sitenote_active":false,"_exactmetrics_sitenote_note":"","_exactmetrics_sitenote_category":0,"jnews-multi-image_gallery":[],"jnews_single_post":[],"jnews_primary_category":[],"jnews_social_meta":[],"jnews_review":[],"enable_review":"","type":"","name":"","summary":"","brand":"","sku":"","good":[],"bad":[],"score_override":"","override_value":"","rating":[],"price":[],"jnews_override_counter":[],"jnews_post_split":[],"footnotes":""},"categories":[10],"tags":[],"class_list":["post-11419","post","type-post","status-publish","format-standard","has-post-thumbnail","hentry","category-accion-politica"],"jetpack_featured_media_url":"https:\/\/atecordoba.org\/wp-content\/uploads\/2020\/05\/logo-nuevochico-e1561581322808.png","_links":{"self":[{"href":"https:\/\/atecordoba.org\/index.php?rest_route=\/wp\/v2\/posts\/11419","targetHints":{"allow":["GET"]}}],"collection":[{"href":"https:\/\/atecordoba.org\/index.php?rest_route=\/wp\/v2\/posts"}],"about":[{"href":"https:\/\/atecordoba.org\/index.php?rest_route=\/wp\/v2\/types\/post"}],"author":[{"embeddable":true,"href":"https:\/\/atecordoba.org\/index.php?rest_route=\/wp\/v2\/users\/1"}],"replies":[{"embeddable":true,"href":"https:\/\/atecordoba.org\/index.php?rest_route=%2Fwp%2Fv2%2Fcomments&post=11419"}],"version-history":[{"count":1,"href":"https:\/\/atecordoba.org\/index.php?rest_route=\/wp\/v2\/posts\/11419\/revisions"}],"predecessor-version":[{"id":19201,"href":"https:\/\/atecordoba.org\/index.php?rest_route=\/wp\/v2\/posts\/11419\/revisions\/19201"}],"wp:featuredmedia":[{"embeddable":true,"href":"https:\/\/atecordoba.org\/index.php?rest_route=\/wp\/v2\/media\/19220"}],"wp:attachment":[{"href":"https:\/\/atecordoba.org\/index.php?rest_route=%2Fwp%2Fv2%2Fmedia&parent=11419"}],"wp:term":[{"taxonomy":"category","embeddable":true,"href":"https:\/\/atecordoba.org\/index.php?rest_route=%2Fwp%2Fv2%2Fcategories&post=11419"},{"taxonomy":"post_tag","embeddable":true,"href":"https:\/\/atecordoba.org\/index.php?rest_route=%2Fwp%2Fv2%2Ftags&post=11419"}],"curies":[{"name":"wp","href":"https:\/\/api.w.org\/{rel}","templated":true}]}}