{"id":1141,"date":"2011-03-14T16:22:41","date_gmt":"2011-03-14T19:22:41","guid":{"rendered":"http:\/\/www.atecordoba.org\/?p=1141"},"modified":"2011-03-14T16:22:41","modified_gmt":"2011-03-14T19:22:41","slug":"iniciativa-politica-desde-la-autonomia","status":"publish","type":"post","link":"https:\/\/atecordoba.org\/?p=1141","title":{"rendered":"Iniciativa pol\u00edtica desde la autonom\u00eda"},"content":{"rendered":"<p style=\"text-align: center;\"><img loading=\"lazy\" decoding=\"async\" class=\"aligncenter  wp-image-1149\" title=\"arton116\" src=\"http:\/\/www.atecordoba.org\/wp-content\/uploads\/2012\/07\/arton116-1024x768.jpg\" alt=\"\" width=\"502\" height=\"377\" \/><\/p>\n<div>\n<div dir=\"ltr\">\n<p><strong>(C\u00f3rdoba, 14-3-2011) Un centenar de congresales de toda la provincia confirmaron que nuestra central continuar\u00e1 la construcci\u00f3n de masas, superando el debate interno que nos envolvi\u00f3 el a\u00f1o pasado. Mar del Plata contar\u00e1 con importante participaci\u00f3n cordobesa.<\/strong><\/p>\n<\/div>\n<\/div>\n<div>\n<div dir=\"ltr\">\n<p>\u201cEste congreso nos llena de fuerza, nos llena de energ\u00eda. Quisieron que estemos callados pero hoy demostramos que estamos vivos, que de las crisis se sale para adelante con iniciativa pol\u00edtica. Vamos hac\u00eda la central de masas que exprese los intereses de la clase porque ese es el mandato los trabajadores\u201d. As\u00ed cerro hoy Oscar Mengarelli, secretario General de CTA C\u00f3rdoba, el congreso provincial que se desarroll\u00f3 en ATE, al calor de m\u00e1s de 100 delegados, con representaci\u00f3n de los cuatro puntos cardinales de la provincia.<\/p>\n<p>Capital, R\u00edo Cuarto, Villa Dolores, R\u00edo Tercero, Villa Mar\u00eda y el norte provincial ratificaron el car\u00e1cter federal del encuentro, donde se acord\u00f3 un documento de diagn\u00f3stico y propuesta de trabajo para el 2011, al mismo tiempo que llevar\u00e1 el mandato cordob\u00e9s al Congreso Confederal que se desarrollar\u00e1 el 23 y 24 de marzo en Mar del Plata.<\/p>\n<p>En ese marco, los compa\u00f1eros expusieron la situaci\u00f3n de los diversos sectores, tanto desde lo gremial como lo territorial. \u201cEstamos avanzando en definiciones sobre el papel de la CTA como expresi\u00f3n de la clase obrera. En ese sentido hablamos de autonom\u00eda y nos sentimos que estamos en un momento hist\u00f3rico de nuestra organizaci\u00f3n que demanda explicitar nuestras estrategias de construcci\u00f3n\u201d, remarco Guido Dreizik, secretario General de CTA C\u00f3rdoba Capital.<\/p>\n<p>Se destac\u00f3 la iniciativa de nuestra central, que logr\u00f3 reabrir una escuela rural en la localidad de Huascha, en el norte provincial, por iniciativa de los compa\u00f1eros de la regi\u00f3n. Dicho centro educativo hab\u00eda sido cerrado durante el gobierno de Ram\u00f3n Mestre, hace ya 15 a\u00f1os, y fue la gesti\u00f3n denodada de los compa\u00f1eros de la central, como Alfredo Figueroa, que logro que el gobierno provincial aprobara la reapertura del establecimiento.<\/p>\n<p>El congreso finaliz\u00f3 con el cronograma del plan de lucha que la central desarrollar\u00e1 esta semana, que incluye:<\/p>\n<p>\u2022 Una protesta en el polo sanitario de la capital provincial, el lunes 14 de marzo a las 8 horas, en apoyo al plan de lucha que ATE lleva adelante en el sector en reclamo de un salario que cubra la canasta familiar de 5800 pesos y el pase a planta permanente de todos los contratados, mercerizados y flexibilizados en sus distintas variantes.<\/p>\n<p>\u2022 Reuni\u00f3n entre la conducci\u00f3n de la Universidad Nacional de C\u00f3rdoba y ADIUC, el mi\u00e9rcoles para resolver el conflicto por el despido del delegado gremial Esteban Nicola, docente de la Escuela de Letras y secretario de Cultura de CTA.<\/p>\n<p>\u2022 Corte de calle de los trabajadores de call centers representados en UNOCC (Uni\u00f3n de Operadores de Call Centers de C\u00f3rdoba) en reclamo de mejoras en las condiciones laborales, aumento salarial y reconocimiento de la representaci\u00f3n gremial. La medida se llevar\u00e1 a cabo frente a la firma Sur Contac Center, Sagrada Familia y Colon, el jueves 17 a las 11 horas.<\/p>\n<p>\u2022 video debate en defensa del agua potable, organizado por la Coodav (Coordinadora C\u00f3rdoba en defensa del agua y la vida), Lunes 21 de marzo, lugar a confirmar.<\/p>\n<p>\u2022 Corte de Ruta frente al diario La Voz del Interior, el martes 22 a las 19 horas en protesta que motoriza el CISPREN en el marco de la discusi\u00f3n paritaria del gremio de prensa con la principal patronal del sector, donde el grupo Clar\u00edn monopoliza la inmensa mayor\u00eda de los medios de comunicaci\u00f3n de la capital provincial, tanto los de mayor audiencia como sus inmediatos competidores.<\/p>\n<p>\u2022 23 y 24 de marzo congreso Confederal CTA en Mar del Plata.<\/p>\n<p>\u2022 La CTA participar\u00e1 en C\u00f3rdoba de la marcha del 24 de marzo, que partir\u00e1 del colon y Ca\u00f1ada a las 18 horas.<\/p>\n<p>\u2022 31 de marzo movilizaci\u00f3n en Plaza San Mart\u00edn a las 11hs, en defensa del agua potable, por la estatizaci\u00f3n del servicio de agua domiciliaria y en repudio a Aguas Cordobesas y Suez, corporaciones que usufructanel servicio privatizado en la capital provincial.<\/p>\n<p>\u2022 1\u00b0 mayo acto d\u00eda de los trabajadores<\/p>\n<p>\u2022 29 de mayo acto por Cordobazo<\/p>\n<\/div>\n<\/div>\n","protected":false},"excerpt":{"rendered":"<p>(C\u00f3rdoba, 14-3-2011) Un centenar de congresales de toda la provincia confirmaron que nuestra central continuar\u00e1 la construcci\u00f3n de masas, superando el debate interno que nos envolvi\u00f3 el a\u00f1o pasado. Mar del Plata contar\u00e1 con importante participaci\u00f3n cordobesa. \u201cEste congreso nos llena de fuerza, nos llena de energ\u00eda. Quisieron que estemos callados pero hoy demostramos que [&hellip;]<\/p>\n","protected":false},"author":1,"featured_media":19220,"comment_status":"open","ping_status":"open","sticky":false,"template":"","format":"standard","meta":{"_exactmetrics_skip_tracking":false,"_exactmetrics_sitenote_active":false,"_exactmetrics_sitenote_note":"","_exactmetrics_sitenote_category":0,"jnews-multi-image_gallery":[],"jnews_single_post":[],"jnews_primary_category":[],"jnews_social_meta":[],"jnews_review":[],"enable_review":"","type":"","name":"","summary":"","brand":"","sku":"","good":[],"bad":[],"score_override":"","override_value":"","rating":[],"price":[],"jnews_override_counter":[],"jnews_post_split":[],"footnotes":""},"categories":[8],"tags":[56,11,31,37],"class_list":["post-1141","post","type-post","status-publish","format-standard","has-post-thumbnail","hentry","category-provinciales","tag-mar-del-plata","tag-noticias-2","tag-provinciales-2","tag-sta"],"jetpack_featured_media_url":"https:\/\/atecordoba.org\/wp-content\/uploads\/2020\/05\/logo-nuevochico-e1561581322808.png","_links":{"self":[{"href":"https:\/\/atecordoba.org\/index.php?rest_route=\/wp\/v2\/posts\/1141","targetHints":{"allow":["GET"]}}],"collection":[{"href":"https:\/\/atecordoba.org\/index.php?rest_route=\/wp\/v2\/posts"}],"about":[{"href":"https:\/\/atecordoba.org\/index.php?rest_route=\/wp\/v2\/types\/post"}],"author":[{"embeddable":true,"href":"https:\/\/atecordoba.org\/index.php?rest_route=\/wp\/v2\/users\/1"}],"replies":[{"embeddable":true,"href":"https:\/\/atecordoba.org\/index.php?rest_route=%2Fwp%2Fv2%2Fcomments&post=1141"}],"version-history":[{"count":0,"href":"https:\/\/atecordoba.org\/index.php?rest_route=\/wp\/v2\/posts\/1141\/revisions"}],"wp:featuredmedia":[{"embeddable":true,"href":"https:\/\/atecordoba.org\/index.php?rest_route=\/wp\/v2\/media\/19220"}],"wp:attachment":[{"href":"https:\/\/atecordoba.org\/index.php?rest_route=%2Fwp%2Fv2%2Fmedia&parent=1141"}],"wp:term":[{"taxonomy":"category","embeddable":true,"href":"https:\/\/atecordoba.org\/index.php?rest_route=%2Fwp%2Fv2%2Fcategories&post=1141"},{"taxonomy":"post_tag","embeddable":true,"href":"https:\/\/atecordoba.org\/index.php?rest_route=%2Fwp%2Fv2%2Ftags&post=1141"}],"curies":[{"name":"wp","href":"https:\/\/api.w.org\/{rel}","templated":true}]}}