{"id":11406,"date":"2019-09-17T14:21:11","date_gmt":"2019-09-17T17:21:11","guid":{"rendered":"https:\/\/www.atecordoba.org\/?p=11406"},"modified":"2020-05-05T09:21:48","modified_gmt":"2020-05-05T12:21:48","slug":"manana-paro-nacional-por-48-horas-en-el-iosfa","status":"publish","type":"post","link":"https:\/\/atecordoba.org\/?p=11406","title":{"rendered":"Ma\u00f1ana, paro nacional por 48 horas del Personal Civil de las FFAA"},"content":{"rendered":"\n<p><em>En C\u00f3rdoba la medida de fuerza tendr\u00e1 gran impacto por la cantidad de dependencias en la Provincia. Tambi\u00e9n incluye a trabajadores civiles de las FFAA y del Ministerio de Seguridad. El pase a planta de todos los compa\u00f1eros precarizados y la anulaci\u00f3n del decreto 632 al tope de los reclamos. Para la semana que viene se replica la protesta.<\/em><\/p>\n\n\n\n<figure class=\"wp-block-image\"><img decoding=\"async\" src=\"http:\/\/atecordoba.org\/wp-content\/uploads\/2020\/05\/personal-civil.png\" alt=\"\" class=\"wp-image-11408\"\/><\/figure>\n\n\n\n<p>Desde las 0 horas de ma\u00f1ana mi\u00e9rcoles 18 de septiembre y hasta las 24 del jueves 19, los trabajadores  del IOSFA, la totalidad de las dependencias de las FFAA y el Ministerio de Seguridad de la Naci\u00f3n realizar\u00e1n un paro total de actividades en todo el pa\u00eds. <\/p>\n\n\n\n<p>La medida de fuerza incluye el reclamo por pase a planta permanente de los trabajadores precarizados y una recomposici\u00f3n salarial de emergencia por medio de una suma fija remunerativa y bonificaci\u00f3n de 10 mil pesos y la reapertura del convenio colectivo de trabajo sectorial decreto 2539\/2015.<\/p>\n\n\n\n<p>En C\u00f3rdoba, el paro tendr\u00e1 fuerte impacto por la cantidad de dependencias que tiene el organismos y su distribuci\u00f3n territorial, que va desde todos los  espacios con personal del comando de ejercito con asiento en la provincia, de igual manera en la fuerza \u00e1rea, sumado a los establecimientos educativos y la universidad del IUA, las farmacias de la obra social, el circuito de hoteles de Villa General Belgrano, La Falda, Salsipuedes y dem\u00e1s dependencias. <\/p>\n\n\n\n<p>La grilla completa de reclamos: <\/p>\n\n\n\n<div class=\"wp-block-image\"><figure class=\"aligncenter\"><img decoding=\"async\" src=\"http:\/\/atecordoba.org\/wp-content\/uploads\/2020\/05\/WhatsApp-Image-2019-09-17-at-13.48.02-750x1024.jpg\" alt=\"\" class=\"wp-image-11409\"\/><figcaption>Notificaci\u00f3n dirigida al Ministerio de Seguridad<\/figcaption><\/figure><\/div>\n\n\n\n<div class=\"wp-block-image\"><figure class=\"aligncenter\"><img decoding=\"async\" src=\"http:\/\/atecordoba.org\/wp-content\/uploads\/2020\/05\/WhatsApp-Image-2019-09-17-at-13.48.02-1-750x1024.jpg\" alt=\"\" class=\"wp-image-11410\"\/><\/figure><\/div>\n","protected":false},"excerpt":{"rendered":"<p>En C\u00f3rdoba la medida de fuerza tendr\u00e1 gran impacto por la cantidad de dependencias en la Provincia. Tambi\u00e9n incluye a trabajadores civiles de las FFAA y del Ministerio de Seguridad. El pase a planta de todos los compa\u00f1eros precarizados y la anulaci\u00f3n del decreto 632 al tope de los reclamos. Para la semana que viene [&hellip;]<\/p>\n","protected":false},"author":1,"featured_media":19220,"comment_status":"open","ping_status":"open","sticky":false,"template":"","format":"standard","meta":{"_exactmetrics_skip_tracking":false,"_exactmetrics_sitenote_active":false,"_exactmetrics_sitenote_note":"","_exactmetrics_sitenote_category":0,"jnews-multi-image_gallery":[],"jnews_single_post":[],"jnews_primary_category":[],"jnews_social_meta":[],"jnews_review":[],"enable_review":"","type":"","name":"","summary":"","brand":"","sku":"","good":[],"bad":[],"score_override":"","override_value":"","rating":[],"price":[],"jnews_override_counter":[],"jnews_post_split":[],"footnotes":""},"categories":[9],"tags":[],"class_list":["post-11406","post","type-post","status-publish","format-standard","has-post-thumbnail","hentry","category-trabajadores-civiles-ff-aa"],"jetpack_featured_media_url":"https:\/\/atecordoba.org\/wp-content\/uploads\/2020\/05\/logo-nuevochico-e1561581322808.png","_links":{"self":[{"href":"https:\/\/atecordoba.org\/index.php?rest_route=\/wp\/v2\/posts\/11406","targetHints":{"allow":["GET"]}}],"collection":[{"href":"https:\/\/atecordoba.org\/index.php?rest_route=\/wp\/v2\/posts"}],"about":[{"href":"https:\/\/atecordoba.org\/index.php?rest_route=\/wp\/v2\/types\/post"}],"author":[{"embeddable":true,"href":"https:\/\/atecordoba.org\/index.php?rest_route=\/wp\/v2\/users\/1"}],"replies":[{"embeddable":true,"href":"https:\/\/atecordoba.org\/index.php?rest_route=%2Fwp%2Fv2%2Fcomments&post=11406"}],"version-history":[{"count":1,"href":"https:\/\/atecordoba.org\/index.php?rest_route=\/wp\/v2\/posts\/11406\/revisions"}],"predecessor-version":[{"id":19207,"href":"https:\/\/atecordoba.org\/index.php?rest_route=\/wp\/v2\/posts\/11406\/revisions\/19207"}],"wp:featuredmedia":[{"embeddable":true,"href":"https:\/\/atecordoba.org\/index.php?rest_route=\/wp\/v2\/media\/19220"}],"wp:attachment":[{"href":"https:\/\/atecordoba.org\/index.php?rest_route=%2Fwp%2Fv2%2Fmedia&parent=11406"}],"wp:term":[{"taxonomy":"category","embeddable":true,"href":"https:\/\/atecordoba.org\/index.php?rest_route=%2Fwp%2Fv2%2Fcategories&post=11406"},{"taxonomy":"post_tag","embeddable":true,"href":"https:\/\/atecordoba.org\/index.php?rest_route=%2Fwp%2Fv2%2Ftags&post=11406"}],"curies":[{"name":"wp","href":"https:\/\/api.w.org\/{rel}","templated":true}]}}