{"id":11391,"date":"2019-09-11T12:55:51","date_gmt":"2019-09-11T15:55:51","guid":{"rendered":"https:\/\/www.atecordoba.org\/?p=11391"},"modified":"2020-05-05T09:22:04","modified_gmt":"2020-05-05T12:22:04","slug":"paro-nacional-ate-movilizo-en-la-capital-federal-con-la-cta-a-y-gremios-estatales","status":"publish","type":"post","link":"https:\/\/atecordoba.org\/?p=11391","title":{"rendered":"Paro Nacional: ATE moviliz\u00f3 en la Capital Federal con la CTA-A y gremios estatales"},"content":{"rendered":"\n<p><em>\u201cEn las calles se debe sostener la perspectiva de un plan econ\u00f3mico y social que este en las ant\u00edpodas del FMI\u201d, expres\u00f3 Godoy en Plaza de Mayo. En C\u00f3rdoba se realiz\u00f3 una volanteada en la plaza San Mart\u00edn. <\/em><\/p>\n\n\n\n<figure class=\"wp-block-image\"><img decoding=\"async\" src=\"http:\/\/atecordoba.org\/wp-content\/uploads\/2020\/05\/15721_11959.jpg\" alt=\"\" class=\"wp-image-11392\"\/><figcaption>El secretario General de ATE, Hugo Godoy, durnate el acto frente al Cabildo.<\/figcaption><\/figure>\n\n\n\n<p>En el marco de la jornada nacional de lucha de la CTA Aut\u00f3noma y del Paro Nacional de ATE, &nbsp;miles de trabajadores estatales, judiciales, docentes, de la salud, junto a otras organizaciones sociales y sindicales, marcharon por Avenida de Mayo hacia Plaza de Mayo. Exigieron la reapertura de paritarias, la reincorporaci\u00f3n de lxs despedidos, que lxs trabajadores provinciales y municipales tambi\u00e9n perciban el bono para palear la p\u00e9rdida salarial y la emergencia alimentaria.<\/p>\n\n\n\n<p>La masiva movilizaci\u00f3n estuvo encabezada por la Comisi\u00f3n de Despedidxs en la Era Macri (CORREDMA) y signada por la reivindicaci\u00f3n a quienes perdieron la vida producto de la pol\u00edtica de desguace del Estado y la precarizaci\u00f3n laboral. Entre ellxs, a Cinthia Choque, la trabajadora de Tr\u00e1nsito de la Ciudad de Buenos Aires asesinada esta semana, que desde hac\u00eda seis a\u00f1os estaba precarizada por el gobierno de Horacio Larreta.<\/p>\n\n\n\n<p>\u201cLos compa\u00f1eros y compa\u00f1eras que perdemos son para nosotros bandera de lucha\u201d, expres\u00f3 Silvia Le\u00f3n, Secretaria de Organizaci\u00f3n de ATE y de G\u00e9nero de la CTA-A al presentar el homenaje.<\/p>\n\n\n\n<figure class=\"wp-block-image\"><img decoding=\"async\" src=\"http:\/\/atecordoba.org\/wp-content\/uploads\/2020\/05\/15721_11962.jpg\" alt=\"\" class=\"wp-image-11393\"\/><figcaption>Estuvo presente el reclkamo por los despidos de la gesti\u00f3n macrista.<\/figcaption><\/figure>\n\n\n\n<p>En el acto frente al Cabildo,&nbsp;<strong>Hugo \u201cCachorro\u201d Godoy, Secretario General de ATE<\/strong>, salud\u00f3 las medidas que, en simult\u00e1neo, ATE y la CTA-A estaban llevando adelante a lo largo y ancho de todo el pa\u00eds. Asimismo, se refiri\u00f3 a las demandas de la jornada de lucha: \u201cEstamos reclamando que se reabran las paritarias, pero tambi\u00e9n, esta movilizaci\u00f3n defiende el derecho de los jubilados a percibir un haber mayor a la canasta b\u00e1sica\u201d, indic\u00f3.<\/p>\n\n\n\n<p>A su vez, rechaz\u00f3 el acuerdo de Macri con UPCN para perpetuarse en el Estado: \u201cEst\u00e1n nombrando a funcionarios del Pro en el Hospital Posadas y tambi\u00e9n en el Estado Nacional. Estos compa\u00f1eros que est\u00e1n hoy aqu\u00ed y que fueron despedidos cobraban salarios de 10 mil pesos y en su lugar nombraron a funcionarios con sueldos de 150 mil, y con este convenio trucho lo quieren llevar a 250 mil. Macri: No lo vamos a permitir\u201d, denunci\u00f3.<\/p>\n\n\n\n<p>\u201cEl Gobierno puso al Estado al servicio de las trasnacionales, de la fuga de capitales y de la especulaci\u00f3n financiera. Hoy ATE, la Fesprosa, Judiciales, la CONADUH y todas las organizaciones aqu\u00ed presentes, sostienen la unidad en la calle, la \u00fanica unidad que vale para defender los derechos de nuestro pueblo\u201d, expres\u00f3 y resalt\u00f3: \u201cEn las calles se debe sostener la perspectiva de un plan econ\u00f3mico y social que este en las ant\u00edpodas del FMI. \u00a1Fuera Macri y fuera el FMI!\u201d.<\/p>\n\n\n\n<figure class=\"wp-block-image\"><img decoding=\"async\" src=\"http:\/\/atecordoba.org\/wp-content\/uploads\/2020\/05\/15721_11966.jpg\" alt=\"\" class=\"wp-image-11394\"\/><figcaption>Masiva concurrencia al acto de ayer.<\/figcaption><\/figure>\n\n\n\n<p>Por su parte,&nbsp;<strong>Ricardo Peidro, Secretario General de la CTA Aut\u00f3noma<\/strong>&nbsp;expres\u00f3: \u201cLa resistencia se replica en todo el pa\u00eds. Ac\u00e1 est\u00e1n los que en los sindicatos y en el territorio son protagonista de la lucha. No le damos tregua al Gobierno. La CTA est\u00e1 orgullosa de ganar las calles\u201d.<\/p>\n\n\n\n<p>El dirigente tambi\u00e9n rechaz\u00f3 duramente la pol\u00edtica de destrucci\u00f3n del trabajo de Macri. Por ello, \u201cabrazo a todos los compa\u00f1eros que hoy est\u00e1n de paro. Lo que pasa en los trabajadores del Estado se replica en los privados\u201d, indic\u00f3. Y concluy\u00f3: \u201cEs imprescindible que, si ellos toman la decisi\u00f3n pol\u00edtica de hambrear al pueblo, nosotros tomemos la decisi\u00f3n de construir poder popular para construir el pa\u00eds que queremos\u201d.<\/p>\n\n\n\n<p><strong>Volanteada<\/strong><\/p>\n\n\n\n<p>En C\u00f3rdoba Capital, el CDP convoc\u00f3 a una volanteada frente al Cabildo en la Plaza San Mart\u00edn, que cont\u00f3 con la presencia de la secretaria General, Liliana Salerno, el secretario Adjunto, Luis Barcena, e integrantes de la comision directiva.<\/p>\n\n\n\n<p>En la oportunidad se difundieron las consignas de ATE para la medida de fuerza.<\/p>\n","protected":false},"excerpt":{"rendered":"<p>\u201cEn las calles se debe sostener la perspectiva de un plan econ\u00f3mico y social que este en las ant\u00edpodas del FMI\u201d, expres\u00f3 Godoy en Plaza de Mayo. En C\u00f3rdoba se realiz\u00f3 una volanteada en la plaza San Mart\u00edn. En el marco de la jornada nacional de lucha de la CTA Aut\u00f3noma y del Paro Nacional [&hellip;]<\/p>\n","protected":false},"author":1,"featured_media":19220,"comment_status":"open","ping_status":"open","sticky":false,"template":"","format":"standard","meta":{"_exactmetrics_skip_tracking":false,"_exactmetrics_sitenote_active":false,"_exactmetrics_sitenote_note":"","_exactmetrics_sitenote_category":0,"jnews-multi-image_gallery":[],"jnews_single_post":[],"jnews_primary_category":[],"jnews_social_meta":[],"jnews_review":[],"enable_review":"","type":"","name":"","summary":"","brand":"","sku":"","good":[],"bad":[],"score_override":"","override_value":"","rating":[],"price":[],"jnews_override_counter":[],"jnews_post_split":[],"footnotes":""},"categories":[21],"tags":[],"class_list":["post-11391","post","type-post","status-publish","format-standard","has-post-thumbnail","hentry","category-paro-nacional"],"jetpack_featured_media_url":"https:\/\/atecordoba.org\/wp-content\/uploads\/2020\/05\/logo-nuevochico-e1561581322808.png","_links":{"self":[{"href":"https:\/\/atecordoba.org\/index.php?rest_route=\/wp\/v2\/posts\/11391","targetHints":{"allow":["GET"]}}],"collection":[{"href":"https:\/\/atecordoba.org\/index.php?rest_route=\/wp\/v2\/posts"}],"about":[{"href":"https:\/\/atecordoba.org\/index.php?rest_route=\/wp\/v2\/types\/post"}],"author":[{"embeddable":true,"href":"https:\/\/atecordoba.org\/index.php?rest_route=\/wp\/v2\/users\/1"}],"replies":[{"embeddable":true,"href":"https:\/\/atecordoba.org\/index.php?rest_route=%2Fwp%2Fv2%2Fcomments&post=11391"}],"version-history":[{"count":1,"href":"https:\/\/atecordoba.org\/index.php?rest_route=\/wp\/v2\/posts\/11391\/revisions"}],"predecessor-version":[{"id":19219,"href":"https:\/\/atecordoba.org\/index.php?rest_route=\/wp\/v2\/posts\/11391\/revisions\/19219"}],"wp:featuredmedia":[{"embeddable":true,"href":"https:\/\/atecordoba.org\/index.php?rest_route=\/wp\/v2\/media\/19220"}],"wp:attachment":[{"href":"https:\/\/atecordoba.org\/index.php?rest_route=%2Fwp%2Fv2%2Fmedia&parent=11391"}],"wp:term":[{"taxonomy":"category","embeddable":true,"href":"https:\/\/atecordoba.org\/index.php?rest_route=%2Fwp%2Fv2%2Fcategories&post=11391"},{"taxonomy":"post_tag","embeddable":true,"href":"https:\/\/atecordoba.org\/index.php?rest_route=%2Fwp%2Fv2%2Ftags&post=11391"}],"curies":[{"name":"wp","href":"https:\/\/api.w.org\/{rel}","templated":true}]}}