{"id":11386,"date":"2019-09-09T15:32:01","date_gmt":"2019-09-09T18:32:01","guid":{"rendered":"https:\/\/www.atecordoba.org\/?p=11386"},"modified":"2020-05-05T09:22:09","modified_gmt":"2020-05-05T12:22:09","slug":"para-frenar-el-ajuste-manana-ate-va-al-paro-en-todo-el-pais","status":"publish","type":"post","link":"https:\/\/atecordoba.org\/?p=11386","title":{"rendered":"Para frenar el ajuste, ma\u00f1ana ATE va al paro en todo el pa\u00eds"},"content":{"rendered":"\n<p><em>En el marco de la medida de fuerza resuelta \u00a0por nuestra conducci\u00f3n nacional, ATE C\u00f3rdoba llevar\u00e1 a cabo ma\u00f1ana un paro de actividades a partir de las 0 horas. El paro se realizar\u00e1 de acuerdo a lo establecieron las asambleas de cada lugar de trabajo. <\/em><\/p>\n\n\n\n<div class=\"wp-block-image\"><figure class=\"aligncenter\"><img decoding=\"async\" src=\"http:\/\/atecordoba.org\/wp-content\/uploads\/2020\/05\/logo-nuevochico-e1561581322808.png\" alt=\"\" class=\"wp-image-11313\"\/><\/figure><\/div>\n\n\n\n<p>La huelga fue decidida para repudiar el ajuste del gobierno\nnacional, la escalada inflacionaria y el reclamo para la reincorporaci\u00f3n de los\n35 mil despedidos de la administraci\u00f3n macrista.<\/p>\n\n\n\n<p>ATE plante\u00f3 la necesidad de que se convoque a una paritaria\nde emergencia para compensar la enorme p\u00e9rdida de poder adquisitivo de nuestros\nsalarios que sufrimos desde la devaluaci\u00f3n, que se suma al derrumbe brutal de\nnuestros haberes que viene sucediendo a\u00f1o tras a\u00f1o durante este gobierno.<\/p>\n\n\n\n<p>Al mismo tiempo, reclamamos que el gobierno de C\u00f3rdoba convoque\na una mesa del salario para abordar la situaci\u00f3n de trabajadores provinciales,\nmuy castigados tambi\u00e9n por el aumento de precios. Vale se\u00f1alar que la Provincia\nanunci\u00f3 que finaliza la aplicaci\u00f3n de la cl\u00e1usula gatillo, que en las actuales\ncircunstancias deber\u00eda mantener su vigencia para mantener el poder de compra de\nlos salarios. <\/p>\n\n\n\n<p>No vamos a ser la variable de ajuste de una crisis que no\ngeneramos ni somos responsables. <\/p>\n\n\n\n<p>Informamos que en C\u00f3rdoba Capital, alrededor del mediod\u00eda\nnos manifestaremos en la Plaza San Mart\u00edn a los fines de visibilizar el conflicto.\n<\/p>\n\n\n\n<p style=\"text-align:right\">Liliana Salerno<\/p>\n\n\n\n<p style=\"text-align:right\">Secretaria General<\/p>\n","protected":false},"excerpt":{"rendered":"<p>En el marco de la medida de fuerza resuelta \u00a0por nuestra conducci\u00f3n nacional, ATE C\u00f3rdoba llevar\u00e1 a cabo ma\u00f1ana un paro de actividades a partir de las 0 horas. El paro se realizar\u00e1 de acuerdo a lo establecieron las asambleas de cada lugar de trabajo. La huelga fue decidida para repudiar el ajuste del gobierno [&hellip;]<\/p>\n","protected":false},"author":1,"featured_media":19220,"comment_status":"open","ping_status":"open","sticky":false,"template":"","format":"standard","meta":{"_exactmetrics_skip_tracking":false,"_exactmetrics_sitenote_active":false,"_exactmetrics_sitenote_note":"","_exactmetrics_sitenote_category":0,"jnews-multi-image_gallery":[],"jnews_single_post":[],"jnews_primary_category":[],"jnews_social_meta":[],"jnews_review":[],"enable_review":"","type":"","name":"","summary":"","brand":"","sku":"","good":[],"bad":[],"score_override":"","override_value":"","rating":[],"price":[],"jnews_override_counter":[],"jnews_post_split":[],"footnotes":""},"categories":[21],"tags":[],"class_list":["post-11386","post","type-post","status-publish","format-standard","has-post-thumbnail","hentry","category-paro-nacional"],"jetpack_featured_media_url":"https:\/\/atecordoba.org\/wp-content\/uploads\/2020\/05\/logo-nuevochico-e1561581322808.png","_links":{"self":[{"href":"https:\/\/atecordoba.org\/index.php?rest_route=\/wp\/v2\/posts\/11386","targetHints":{"allow":["GET"]}}],"collection":[{"href":"https:\/\/atecordoba.org\/index.php?rest_route=\/wp\/v2\/posts"}],"about":[{"href":"https:\/\/atecordoba.org\/index.php?rest_route=\/wp\/v2\/types\/post"}],"author":[{"embeddable":true,"href":"https:\/\/atecordoba.org\/index.php?rest_route=\/wp\/v2\/users\/1"}],"replies":[{"embeddable":true,"href":"https:\/\/atecordoba.org\/index.php?rest_route=%2Fwp%2Fv2%2Fcomments&post=11386"}],"version-history":[{"count":1,"href":"https:\/\/atecordoba.org\/index.php?rest_route=\/wp\/v2\/posts\/11386\/revisions"}],"predecessor-version":[{"id":19221,"href":"https:\/\/atecordoba.org\/index.php?rest_route=\/wp\/v2\/posts\/11386\/revisions\/19221"}],"wp:featuredmedia":[{"embeddable":true,"href":"https:\/\/atecordoba.org\/index.php?rest_route=\/wp\/v2\/media\/19220"}],"wp:attachment":[{"href":"https:\/\/atecordoba.org\/index.php?rest_route=%2Fwp%2Fv2%2Fmedia&parent=11386"}],"wp:term":[{"taxonomy":"category","embeddable":true,"href":"https:\/\/atecordoba.org\/index.php?rest_route=%2Fwp%2Fv2%2Fcategories&post=11386"},{"taxonomy":"post_tag","embeddable":true,"href":"https:\/\/atecordoba.org\/index.php?rest_route=%2Fwp%2Fv2%2Ftags&post=11386"}],"curies":[{"name":"wp","href":"https:\/\/api.w.org\/{rel}","templated":true}]}}