{"id":11374,"date":"2019-09-09T11:19:37","date_gmt":"2019-09-09T14:19:37","guid":{"rendered":"https:\/\/www.atecordoba.org\/?p=11374"},"modified":"2020-05-05T09:22:09","modified_gmt":"2020-05-05T12:22:09","slug":"con-participacion-cordobesa-se-conformo-la-mesa-nacional-y-federal-de-mujeres-de-ate","status":"publish","type":"post","link":"https:\/\/atecordoba.org\/?p=11374","title":{"rendered":"Con participaci\u00f3n cordobesa, se conform\u00f3 la Mesa Nacional y Federal de Mujeres de ATE"},"content":{"rendered":"\n<p><em>El jueves 5 del corriente se realiz\u00f3 una reuni\u00f3n nacional de mujeres de ATE. Participaron dirigentas de todo el pa\u00eds en el Hotel Quagliaro. <\/em><\/p>\n\n\n\n<figure class=\"wp-block-image\"><img decoding=\"async\" src=\"http:\/\/atecordoba.org\/wp-content\/uploads\/2020\/05\/conjunto.jpg\" alt=\"\" class=\"wp-image-11375\"\/><figcaption>Representates de  todo el pa\u00eds partiparon de la conformaci\u00f3n de la Mesa Nacional de mujeres.<\/figcaption><\/figure>\n\n\n\n<p>A 8 a\u00f1os de la creaci\u00f3n del Departamento de G\u00e9nero de ATE Nacional, se realiz\u00f3 una reuni\u00f3n nacional de mujeres de ATE encabezada por Marta Galante, titular del Departamento, y por Silvia Le\u00f3n, Secretaria de Organizaci\u00f3n del gremio y de G\u00e9nero de la CTA Aut\u00f3noma. Participaron dirigentas de departamentos y espacios de g\u00e9nero, y de grupos de mujeres de ATE de todas las provincias del pa\u00eds y de la Capital Federal, as\u00ed como del Centro Nacional de Jubilados de ATE.<\/p>\n\n\n\n<p>El encuentro reivindic\u00f3 la lucha de los trabajadores estatales de Chubut, y en particular a las mujeres, que encabezan la pelea y son las m\u00e1s golpeadas por las pol\u00edticas neoliberales. Asimismo, se hizo una menci\u00f3n especial en el D\u00eda Internacional de la Mujer Originaria.<\/p>\n\n\n\n<p>Las dirigentes nacionales hicieron un an\u00e1lisis de las l\u00edneas estrat\u00e9gicas que se trabajaron en los 8 a\u00f1os a nivel nacional y cada representante provincial present\u00f3 un panorama de la coyuntura pol\u00edtica en cada territorio y de los avances y acciones de los espacios de g\u00e9nero. Celeste Perosino, de la Procuradur\u00eda de Trata y Explotaci\u00f3n de Personas del Ministerio P\u00fablico Fiscal y ex subgerenta de Promoci\u00f3n de Derechos Humanos del BCRA, dio una charla sobre explotaci\u00f3n financiera, desregulaci\u00f3n, endeudamiento y violencias, que fue puntapi\u00e9 de un intenso intercambio.<\/p>\n\n\n\n<p>Tras m\u00e1s de 10 horas de debate, se logr\u00f3 acordar una agenda de trabajo. Algunas de las resoluciones fueron:<\/p>\n\n\n\n<figure class=\"wp-block-image\"><img decoding=\"async\" src=\"http:\/\/atecordoba.org\/wp-content\/uploads\/2020\/05\/representacion-de-cba-1.jpg\" alt=\"\" class=\"wp-image-11377\"\/><figcaption>La delegaci\u00f3n cordobesa estuvo integrada por la secretaria General del CDP, Liliana Salerno.<\/figcaption><\/figure>\n\n\n\n<p>-Armar una mesa nacional y federal con una compa\u00f1era por provincia que se re\u00fana tres veces por a\u00f1o. Esto va a facilitar desarrollar una estrategia de comunicaci\u00f3n y no reemplaza los encuentros ampliados.&nbsp;<\/p>\n\n\n\n<p>-Organizar encuentros regionales.<\/p>\n\n\n\n<p>-De cara al pr\u00f3ximo Confederal, se acord\u00f3 debatir en cada provincia y a nivel nacional, la reforma del estatuto desde una perspectiva de g\u00e9nero transversal, que incluye discusiones como la paridad en la participaci\u00f3n, la violencia de g\u00e9nero o la creaci\u00f3n se Secretar\u00edas de G\u00e9nero en todos los niveles de organizaci\u00f3n, entre otras cuestiones.<\/p>\n\n\n\n<p>Al presentar las definiciones, Silvia Le\u00f3n resalt\u00f3: \u201cEn cada una de las provincias tenemos equipos de compa\u00f1eras que est\u00e1n abordando en nuestra organizaci\u00f3n la pol\u00edtica y el sindicalismo con perspectiva de g\u00e9nero. Esto habla de un crecimiento enorme en estos a\u00f1os y en esto valoro el trabajo de Marta Galante de darle institucionalidad a algo que ya ven\u00eda sucediendo\u201d. \u201cTenemos que seguir fortaleciendo una estrategia de construcci\u00f3n de poder de las mujeres de ATE\u201d, plante\u00f3.<\/p>\n\n\n\n<figure class=\"wp-block-image\"><img decoding=\"async\" src=\"http:\/\/atecordoba.org\/wp-content\/uploads\/2020\/05\/sentadas-1.jpg\" alt=\"\" class=\"wp-image-11383\"\/><figcaption>Representantes de todo el pa\u00eds participaron de una intensa jornada de debate.<\/figcaption><\/figure>\n\n\n\n<p>Por su parte, Marta Galante agradeci\u00f3 a todas las compa\u00f1eras por haber confiado en su gesti\u00f3n al frente del Departamento de G\u00e9nero. \u201cLes agradezco por haberme permitido conocerlas, porque con ustedes me forme en el feminismo. Me voy con m\u00e1s responsabilidad y compromiso de poner en mi provincia, Entre R\u00edos, a la mujer donde tiene que estar. Nos veremos en las calles\u201d, dijo ante un largo y fraterno aplauso de todas las presentes.<\/p>\n\n\n\n<p>En la apertura estuvo presente Hugo \u201cCachorro\u201d Godoy, Secretario General de ATE Nacional, quien salud\u00f3 la realizaci\u00f3n de la reuni\u00f3n nacional y reivindic\u00f3 la organizaci\u00f3n de las mujeres del sindicato en todo el pa\u00eds. As\u00ed, record\u00f3 que ATE fue, por impulso de las trabajadoras organizadas, la primera organizaci\u00f3n sindical que convoc\u00f3 a ese \u201cparo glorioso por Ni Una Menos\u201d, que surgi\u00f3 en el viaje de regreso desde el Encuentro Nacional de Mujeres en Mar del Plata.<\/p>\n\n\n\n<p>&nbsp;\u201cLas cosas no nacen de un repollo, y nuestra organizaci\u00f3n, este proceso de consolidaci\u00f3n de la unidad con las organizaciones sociales, este proceso de protagonismo de nuestras mujeres en el marco del movimiento nacional de mujeres y de todas las acciones que se sucedieron posteriormente, son parte de este proceso de reinventar nuestra ATE, porque no nos quedamos en la discusi\u00f3n corporativa de defender los derechos de los trabajadores y trabajadoras estatales ni nos quedamos en discutir el Estado. Discutimos la sociedad en la que vivimos y la cultura de la que somos parte, para construir una cultura diferente\u201d, se\u00f1al\u00f3 el dirigente, quien propuso continuar discutiendo \u201cel ATE que viene\u201d. &nbsp;<\/p>\n\n\n\n<p>\u201cSomos protagonistas de seguir fortaleciendo la CTA-A y seguir fortaleciendo la construcci\u00f3n de un modelo sindical diferente\u201d, concluy\u00f3.<\/p>\n\n\n\n<p><strong>L\u00edneas estrat\u00e9gicas<\/strong><\/p>\n\n\n\n<p>Dar respuestas concretas y organizativas ante la violencia de g\u00e9nero a nivel nacional, provincial y municipal; instalar la perspectiva de g\u00e9nero en el sindicato; promover el debate por un nuevo modelo sindical; desarrollar estrategias de organizaci\u00f3n y acciones regionales; fueron las cinco l\u00edneas estrat\u00e9gicas que se acordaron, junto a una agenda de g\u00e9nero, en el primer plenario nacional de mujeres en 2016.<\/p>\n\n\n\n<p>Al abrir la reuni\u00f3n del Quagliaro, Le\u00f3n y Galante profundizaron en la pol\u00edtica llevada adelante en base a las mismas, los avances y los desaf\u00edos pendientes.<\/p>\n\n\n\n<figure class=\"wp-block-image\"><img decoding=\"async\" src=\"http:\/\/atecordoba.org\/wp-content\/uploads\/2020\/05\/godoy_mesa-mujeres-1.jpg\" alt=\"\" class=\"wp-image-11381\"\/><figcaption>El secretario General del CDN, Hugo Godoy, particip\u00f3 del lanzamiento.<\/figcaption><\/figure>\n\n\n\n<div class=\"wp-block-file\"><a href=\"https:\/\/www.atecordoba.org\/wp-content\/uploads\/2019\/09\/godoy_mesa-mujeres.jpg\" class=\"wp-block-file__button\" download>Descarga<\/a><\/div>\n\n\n\n<p>Le\u00f3n record\u00f3: \u201cNuestra militancia tuvo que ver en construir esa fuerza organizada con las mujeres con los otros sindicatos y en la construcci\u00f3n de nuestra CTA A y en la formaci\u00f3n tambi\u00e9n del feminismo. Muchas de nosotras nos formamos en el feminismo en nuestra Central, nos fuimos construyendo como mujeres; muchas de nosotras no nos sentimos todav\u00eda feministas, no nos sentimos parte de ese feminismo que en nuestro pa\u00eds y en el mundo sigue creciendo, dando una pelea no solo por la lucha de mujeres sino esencialmente por un cambio de modelo capitalista imperialista y patriarcal\u201d.<\/p>\n\n\n\n<p>\u201cFuimos abrazando la lucha feminista y nos fuimos transformando y construyendo en dirigentes y llevando esa discusi\u00f3n a la discusi\u00f3n presente en nuestra ATE sobre el modelo sindical. Y no alcanza con la paridad, esto es un paso muy importante, pero la transformaci\u00f3n de nuestra organizaci\u00f3n tiene que ser transversal\u201d, indic\u00f3.<\/p>\n\n\n\n<p>Adem\u00e1s, se refiri\u00f3 a una de las estrategias centrales llevadas adelante en los \u00faltimos a\u00f1os, en el marco del avance de las pol\u00edticas de ajuste, despidos y precarizaci\u00f3n de la vida de Macri y el FMI: \u201cNuestra experiencia en los espacios con las mujeres sindicalistas ha mostrado que podemos construir unidad cuando nos ponemos de acuerdo en los ejes pol\u00edticos que queremos llevar adelante y que muchas veces&nbsp; desde las propias conducciones es muy dif\u00edcil llevarlas adelante\u201d.<\/p>\n\n\n\n<p>Por su parte, Marta Galante hizo hincapi\u00e9 en lo que se trabaj\u00f3 en torno a la violencia de g\u00e9nero. As\u00ed, se refiri\u00f3 por ejemplo a la inclusi\u00f3n de la licencia por violencia de g\u00e9nero en el Convenio Colectivo 214, logro que tuvo como antecedente y apoyo el proyecto impulsado en Rosario y que luego se replic\u00f3 en otros lugares como Chubut. En ese marco, resalt\u00f3 que la obtenci\u00f3n de estas licencias, que es una lucha por la igualdad de derechos, a\u00fan es un desaf\u00edo en muchos sectores y provincias y por tanto, es una l\u00ednea a seguir trabajando.<\/p>\n\n\n\n<figure class=\"wp-block-image\"><img decoding=\"async\" src=\"http:\/\/atecordoba.org\/wp-content\/uploads\/2020\/05\/aplauso-1.jpg\" alt=\"\" class=\"wp-image-11382\"\/><figcaption>Durante 10 horas las compa\u00f1eras debatieron en el Hotel Quagliaro<\/figcaption><\/figure>\n\n\n\n<p>La dirigente remarc\u00f3 la importancia de la formaci\u00f3n y, en ese sentido, propuso replicar en todo el pa\u00eds iniciativas articuladas con universidades, tal como sucedi\u00f3 con la Diplomatura en Feminismo, Trabajo y Pol\u00edticas P\u00fablicas hecha con el IDEP y el Instituto de G\u00e9nero de Filosof\u00eda de la UBA,.<\/p>\n\n\n\n<p>Galante destac\u00f3 asimismo las alianzas tejidas, pese a las diferencias pol\u00edticas, con todas las centrales sindicales para los Paro de Mujeres y jornadas como Ni Una Menos; y tambi\u00e9n, las construidas con mujeres de otros pa\u00edses, en especial de Latinoam\u00e9rica, como la participaci\u00f3n en el Primer Encuentro Nacional de Mujeres de Uruguay o las actividades junto a mujeres de la Embajada de Cuba o el Paro de Mujeres de Latinoam\u00e9rica y el Caribe, en 2017, en el D\u00eda Internacional contra las Violencias hacia las Mujeres.<\/p>\n\n\n\n<p>Por \u00faltimo, habl\u00f3 de los desaf\u00edos: \u201cTeneos que seguir orgnaniz\u00e1ndonos para que se plasme la equidad, la paridad, la alternancia, el cupo laboral trans y muchas otras iniciativas que hay que seguir profundizando\u201d. Es importante acordar c\u00f3mo vamos a seguir caminando juntas, hasta que todas seamos libres\u201d, cerr\u00f3.<\/p>\n","protected":false},"excerpt":{"rendered":"<p>El jueves 5 del corriente se realiz\u00f3 una reuni\u00f3n nacional de mujeres de ATE. Participaron dirigentas de todo el pa\u00eds en el Hotel Quagliaro. A 8 a\u00f1os de la creaci\u00f3n del Departamento de G\u00e9nero de ATE Nacional, se realiz\u00f3 una reuni\u00f3n nacional de mujeres de ATE encabezada por Marta Galante, titular del Departamento, y por [&hellip;]<\/p>\n","protected":false},"author":1,"featured_media":19220,"comment_status":"open","ping_status":"open","sticky":false,"template":"","format":"standard","meta":{"_exactmetrics_skip_tracking":false,"_exactmetrics_sitenote_active":false,"_exactmetrics_sitenote_note":"","_exactmetrics_sitenote_category":0,"jnews-multi-image_gallery":[],"jnews_single_post":[],"jnews_primary_category":[],"jnews_social_meta":[],"jnews_review":[],"enable_review":"","type":"","name":"","summary":"","brand":"","sku":"","good":[],"bad":[],"score_override":"","override_value":"","rating":[],"price":[],"jnews_override_counter":[],"jnews_post_split":[],"footnotes":""},"categories":[1],"tags":[],"class_list":["post-11374","post","type-post","status-publish","format-standard","has-post-thumbnail","hentry","category-sin-categoria"],"jetpack_featured_media_url":"https:\/\/atecordoba.org\/wp-content\/uploads\/2020\/05\/logo-nuevochico-e1561581322808.png","_links":{"self":[{"href":"https:\/\/atecordoba.org\/index.php?rest_route=\/wp\/v2\/posts\/11374","targetHints":{"allow":["GET"]}}],"collection":[{"href":"https:\/\/atecordoba.org\/index.php?rest_route=\/wp\/v2\/posts"}],"about":[{"href":"https:\/\/atecordoba.org\/index.php?rest_route=\/wp\/v2\/types\/post"}],"author":[{"embeddable":true,"href":"https:\/\/atecordoba.org\/index.php?rest_route=\/wp\/v2\/users\/1"}],"replies":[{"embeddable":true,"href":"https:\/\/atecordoba.org\/index.php?rest_route=%2Fwp%2Fv2%2Fcomments&post=11374"}],"version-history":[{"count":1,"href":"https:\/\/atecordoba.org\/index.php?rest_route=\/wp\/v2\/posts\/11374\/revisions"}],"predecessor-version":[{"id":19227,"href":"https:\/\/atecordoba.org\/index.php?rest_route=\/wp\/v2\/posts\/11374\/revisions\/19227"}],"wp:featuredmedia":[{"embeddable":true,"href":"https:\/\/atecordoba.org\/index.php?rest_route=\/wp\/v2\/media\/19220"}],"wp:attachment":[{"href":"https:\/\/atecordoba.org\/index.php?rest_route=%2Fwp%2Fv2%2Fmedia&parent=11374"}],"wp:term":[{"taxonomy":"category","embeddable":true,"href":"https:\/\/atecordoba.org\/index.php?rest_route=%2Fwp%2Fv2%2Fcategories&post=11374"},{"taxonomy":"post_tag","embeddable":true,"href":"https:\/\/atecordoba.org\/index.php?rest_route=%2Fwp%2Fv2%2Ftags&post=11374"}],"curies":[{"name":"wp","href":"https:\/\/api.w.org\/{rel}","templated":true}]}}