{"id":11367,"date":"2019-09-06T15:58:15","date_gmt":"2019-09-06T18:58:15","guid":{"rendered":"https:\/\/www.atecordoba.org\/?p=11367"},"modified":"2020-05-05T09:22:17","modified_gmt":"2020-05-05T12:22:17","slug":"solidad-con-luz-y-fuerza-y-su-secretario-general-gabriel-suarez","status":"publish","type":"post","link":"https:\/\/atecordoba.org\/?p=11367","title":{"rendered":"Solidaridad con Luz y Fuerza y su secretario General Gabriel Suarez"},"content":{"rendered":"\n<figure class=\"wp-block-image\"><img decoding=\"async\" src=\"http:\/\/atecordoba.org\/wp-content\/uploads\/2020\/05\/WhatsApp-Image-2019-09-06-at-14.58.32-1024x768.jpg\" alt=\"\" class=\"wp-image-11368\"\/><figcaption>Gabriel Suarez, durante la conferencia de prensa posterior a la represi\u00f3n policial.<\/figcaption><\/figure>\n\n\n\n<p>El Consejo Directivo Provincial de ATE expresa su absoluta solidaridad con el compa\u00f1ero Gabriel Suarez, baleado con munici\u00f3n de goma por la Polic\u00eda de C\u00f3rdoba mientras el sindicato se encontraba realizando una protesta frente al edificio de Epec, junto a otros trabajadores y trabajadoras que sufrieron el mismo tratamiento de parte de las fuerzas represivas.<\/p>\n\n\n\n<p>Al mismo tiempo exige la inmediata liberaci\u00f3n de los compa\u00f1eros detenidos mientras se desarrollaba la manifestaci\u00f3n, entre ellos H\u00e9ctor Tosco, hijo del hist\u00f3rico Agust\u00edn Tosco. Debemos denunciar que este ataque a los trabajadores lleg\u00f3 al punto de que entre los detenidos hay un trabajador que se encuentra en lista de espera para un trasplante hep\u00e1tico.<\/p>\n\n\n\n<p>En esa l\u00ednea, repudiamos la represi\u00f3n ordenada por el\ngobierno de Schiaretti, que con llamativa sa\u00f1a habilit\u00f3 a la polic\u00eda que dispare\nlas balas de goma a la cabeza de los manifestantes, y no a las piernas como\nhabitualmente sucede y como indica el protocolo policial para estos casos.<\/p>\n\n\n\n<p>El propio compa\u00f1ero Suarez puede atestiguar como sufri\u00f3 en carne propia esta agresi\u00f3n, al igual que varios manifestantes. <\/p>\n\n\n\n<p>En tal sentido instamos al Gobierno de C\u00f3rdoba que abandone\nla pol\u00edtica represiva en aras de mantener la paz social en la provincia y que\naparte de la polic\u00eda al responsable del operativo de seguridad. <\/p>\n\n\n\n<p>El gobierno provincial reprime la protesta social poniendo se en sinton\u00eda con la pol\u00edtica nacional de mano dura, que impulsa la ministra de Seguridad Patricia Bullrich, contra trabajadores que estaban ejerciendo leg\u00edtimamente, y con el amparo de la Constituci\u00f3n, el derecho a la protesta por reclamos de \u00edndole salarial de manera evidentemente justa, dada la escalada inflacionaria que sufrimos los trabajadores por la p\u00e9sima gesti\u00f3n del presidente Macri.  <\/p>\n\n\n\n<p>Dirigentes de ATE transmitieron la solidaridad de nuestro gremio de manera personal a Suarez y a los compa\u00f1eros de Luz y Fuerza. En igual sentido, nos solidarizamos con los trabajadores de prensa agredidos y aquellos que resultaron heridos con las balas policiales. <\/p>\n\n\n\n<p>Liliana Salerno<\/p>\n\n\n\n<p>Secretaria General<\/p>\n","protected":false},"excerpt":{"rendered":"<p>El Consejo Directivo Provincial de ATE expresa su absoluta solidaridad con el compa\u00f1ero Gabriel Suarez, baleado con munici\u00f3n de goma por la Polic\u00eda de C\u00f3rdoba mientras el sindicato se encontraba realizando una protesta frente al edificio de Epec, junto a otros trabajadores y trabajadoras que sufrieron el mismo tratamiento de parte de las fuerzas represivas. [&hellip;]<\/p>\n","protected":false},"author":1,"featured_media":19220,"comment_status":"open","ping_status":"open","sticky":false,"template":"","format":"standard","meta":{"_exactmetrics_skip_tracking":false,"_exactmetrics_sitenote_active":false,"_exactmetrics_sitenote_note":"","_exactmetrics_sitenote_category":0,"jnews-multi-image_gallery":[],"jnews_single_post":[],"jnews_primary_category":[],"jnews_social_meta":[],"jnews_review":[],"enable_review":"","type":"","name":"","summary":"","brand":"","sku":"","good":[],"bad":[],"score_override":"","override_value":"","rating":[],"price":[],"jnews_override_counter":[],"jnews_post_split":[],"footnotes":""},"categories":[10],"tags":[],"class_list":["post-11367","post","type-post","status-publish","format-standard","has-post-thumbnail","hentry","category-accion-politica"],"jetpack_featured_media_url":"https:\/\/atecordoba.org\/wp-content\/uploads\/2020\/05\/logo-nuevochico-e1561581322808.png","_links":{"self":[{"href":"https:\/\/atecordoba.org\/index.php?rest_route=\/wp\/v2\/posts\/11367","targetHints":{"allow":["GET"]}}],"collection":[{"href":"https:\/\/atecordoba.org\/index.php?rest_route=\/wp\/v2\/posts"}],"about":[{"href":"https:\/\/atecordoba.org\/index.php?rest_route=\/wp\/v2\/types\/post"}],"author":[{"embeddable":true,"href":"https:\/\/atecordoba.org\/index.php?rest_route=\/wp\/v2\/users\/1"}],"replies":[{"embeddable":true,"href":"https:\/\/atecordoba.org\/index.php?rest_route=%2Fwp%2Fv2%2Fcomments&post=11367"}],"version-history":[{"count":1,"href":"https:\/\/atecordoba.org\/index.php?rest_route=\/wp\/v2\/posts\/11367\/revisions"}],"predecessor-version":[{"id":19229,"href":"https:\/\/atecordoba.org\/index.php?rest_route=\/wp\/v2\/posts\/11367\/revisions\/19229"}],"wp:featuredmedia":[{"embeddable":true,"href":"https:\/\/atecordoba.org\/index.php?rest_route=\/wp\/v2\/media\/19220"}],"wp:attachment":[{"href":"https:\/\/atecordoba.org\/index.php?rest_route=%2Fwp%2Fv2%2Fmedia&parent=11367"}],"wp:term":[{"taxonomy":"category","embeddable":true,"href":"https:\/\/atecordoba.org\/index.php?rest_route=%2Fwp%2Fv2%2Fcategories&post=11367"},{"taxonomy":"post_tag","embeddable":true,"href":"https:\/\/atecordoba.org\/index.php?rest_route=%2Fwp%2Fv2%2Ftags&post=11367"}],"curies":[{"name":"wp","href":"https:\/\/api.w.org\/{rel}","templated":true}]}}