{"id":11356,"date":"2019-09-03T11:53:26","date_gmt":"2019-09-03T14:53:26","guid":{"rendered":"https:\/\/www.atecordoba.org\/?p=11356"},"modified":"2020-05-05T09:22:22","modified_gmt":"2020-05-05T12:22:22","slug":"macri-nos-quiere-hacer-pagar-la-crisis-que-genero-el-10-9-paro-nacional-de-ate","status":"publish","type":"post","link":"https:\/\/atecordoba.org\/?p=11356","title":{"rendered":"Macri nos quiere hacer pagar la crisis que gener\u00f3: el 10\/9 Paro Nacional de ATE"},"content":{"rendered":"\n<p><em>As\u00ed lo resolvi\u00f3 ayer el Consejo Directivo Nacional<\/em><\/p>\n\n\n\n<figure class=\"wp-block-image\"><img decoding=\"async\" src=\"http:\/\/atecordoba.org\/wp-content\/uploads\/2020\/05\/afiche-paro-682x1024.jpg\" alt=\"\" class=\"wp-image-11357\"\/><\/figure>\n\n\n\n<p>En una reuni\u00f3n llevada a cabo ayer en la sede del gremio para analizar el contexto actual, el Consejo Directivo Nacional de ATE  resolvi\u00f3 avanzar con propuestas y continuar con el plan de lucha. En este contexto, se defini\u00f3 realizar un Paro Nacional el pr\u00f3ximo 10 de septiembre con movilizaciones en todo el pa\u00eds.<\/p>\n\n\n\n<p>El objetivo es exigir la reincorporaci\u00f3n de todas y todos los trabajadores despedidos, la reapertura salarial, el restablecimientos de todos los programas que fueron dados de baja, el rechazo al acuerdo entre el Gobierno y UPCN para la estabilidad y aumento desmedido de los cargos jer\u00e1rquicos en la Alta Direcci\u00f3n P\u00fablica, y el rechazo al escaso aumento resuelto por el Gobierno en la reuni\u00f3n del Consejo del Salario M\u00ednimo Vital y M\u00f3vil realizada el pasado viernes.\u00a0 <\/p>\n\n\n\n<p>Y, en el marco de la jornada del pasado 28 de agosto, ATE contin\u00faa movilizado en la lucha para enfrentar el hambre.<\/p>\n\n\n\n<p>Adem\u00e1s de la medida de fuerza, el pr\u00f3ximo jueves 5 de septiembre se llevar\u00e1 a cabo en el gremio el encuentro de El Derecho al Acceso a Medicamentos en la Argentina que viene, a cargo de IDEP Salud.<\/p>\n\n\n\n<p>Tambi\u00e9n, el 5 de septiembre, se realizar\u00e1 en el Hotel Quagliaro la reuni\u00f3n de Mujeres de ATE con Responsabilidad de G\u00e9nero. Y el d\u00eda 6, la reuni\u00f3n de Secretarias de G\u00e9nero de la CTA Aut\u00f3noma de todo el pa\u00eds.<\/p>\n\n\n\n<p>Estas dos actividades se enmarcan en lo que ser\u00e1 el Encuentro de 12, 13 y 14 de octubre a realizarse &nbsp;en la ciudad de La Plata. &nbsp;&nbsp;<\/p>\n\n\n\n<p>Finalmente, para la primera semana de octubre, se realizar\u00e1 el encuentro de debate de Pol\u00edticas P\u00fablicas para discutir el Estado que viene con el pr\u00f3ximo gobierno.<\/p>\n\n\n\n<p><br><\/p>\n","protected":false},"excerpt":{"rendered":"<p>As\u00ed lo resolvi\u00f3 ayer el Consejo Directivo Nacional En una reuni\u00f3n llevada a cabo ayer en la sede del gremio para analizar el contexto actual, el Consejo Directivo Nacional de ATE resolvi\u00f3 avanzar con propuestas y continuar con el plan de lucha. En este contexto, se defini\u00f3 realizar un Paro Nacional el pr\u00f3ximo 10 de [&hellip;]<\/p>\n","protected":false},"author":1,"featured_media":19220,"comment_status":"open","ping_status":"open","sticky":false,"template":"","format":"standard","meta":{"_exactmetrics_skip_tracking":false,"_exactmetrics_sitenote_active":false,"_exactmetrics_sitenote_note":"","_exactmetrics_sitenote_category":0,"jnews-multi-image_gallery":[],"jnews_single_post":[],"jnews_primary_category":[],"jnews_social_meta":[],"jnews_review":[],"enable_review":"","type":"","name":"","summary":"","brand":"","sku":"","good":[],"bad":[],"score_override":"","override_value":"","rating":[],"price":[],"jnews_override_counter":[],"jnews_post_split":[],"footnotes":""},"categories":[10,21],"tags":[],"class_list":["post-11356","post","type-post","status-publish","format-standard","has-post-thumbnail","hentry","category-accion-politica","category-paro-nacional"],"jetpack_featured_media_url":"https:\/\/atecordoba.org\/wp-content\/uploads\/2020\/05\/logo-nuevochico-e1561581322808.png","_links":{"self":[{"href":"https:\/\/atecordoba.org\/index.php?rest_route=\/wp\/v2\/posts\/11356","targetHints":{"allow":["GET"]}}],"collection":[{"href":"https:\/\/atecordoba.org\/index.php?rest_route=\/wp\/v2\/posts"}],"about":[{"href":"https:\/\/atecordoba.org\/index.php?rest_route=\/wp\/v2\/types\/post"}],"author":[{"embeddable":true,"href":"https:\/\/atecordoba.org\/index.php?rest_route=\/wp\/v2\/users\/1"}],"replies":[{"embeddable":true,"href":"https:\/\/atecordoba.org\/index.php?rest_route=%2Fwp%2Fv2%2Fcomments&post=11356"}],"version-history":[{"count":1,"href":"https:\/\/atecordoba.org\/index.php?rest_route=\/wp\/v2\/posts\/11356\/revisions"}],"predecessor-version":[{"id":19235,"href":"https:\/\/atecordoba.org\/index.php?rest_route=\/wp\/v2\/posts\/11356\/revisions\/19235"}],"wp:featuredmedia":[{"embeddable":true,"href":"https:\/\/atecordoba.org\/index.php?rest_route=\/wp\/v2\/media\/19220"}],"wp:attachment":[{"href":"https:\/\/atecordoba.org\/index.php?rest_route=%2Fwp%2Fv2%2Fmedia&parent=11356"}],"wp:term":[{"taxonomy":"category","embeddable":true,"href":"https:\/\/atecordoba.org\/index.php?rest_route=%2Fwp%2Fv2%2Fcategories&post=11356"},{"taxonomy":"post_tag","embeddable":true,"href":"https:\/\/atecordoba.org\/index.php?rest_route=%2Fwp%2Fv2%2Ftags&post=11356"}],"curies":[{"name":"wp","href":"https:\/\/api.w.org\/{rel}","templated":true}]}}