{"id":11351,"date":"2019-08-22T13:22:02","date_gmt":"2019-08-22T16:22:02","guid":{"rendered":"https:\/\/www.atecordoba.org\/?p=11351"},"modified":"2020-07-02T11:43:55","modified_gmt":"2020-07-02T14:43:55","slug":"ate-pide-al-anses-la-reapertura-de-las-paritarias","status":"publish","type":"post","link":"https:\/\/atecordoba.org\/?p=11351","title":{"rendered":"ATE pide al ANSES la reapertura de las paritarias"},"content":{"rendered":"\n<p><em>Tambi\u00e9n exigi\u00f3 el pase a planta permanente del personal bajo las diferentes modalidades de contrato y la reincorporaci\u00f3n de los despedidos.<\/em> <\/p>\n\n\n\n<figure class=\"wp-block-image\"><img decoding=\"async\" src=\"http:\/\/atecordoba.org\/wp-content\/uploads\/2020\/05\/bandera-mesa-nacional-anses.jpg\" alt=\"\" class=\"wp-image-11352\"\/><\/figure>\n\n\n\n<p>La Mesa Nacional de ATE ANSES envi\u00f3 una carta al director ejecutivo de este organismo, Emilio Basavilbaso, la reapertura de la paritaria sectorial, reclamada frente a la gran crisis social que viven lo\/as trabajadore\/as, que se agudiz\u00f3 con la \u00faltima devaluaci\u00f3n.<\/p>\n\n\n\n<p>La nota del gremio se\u00f1ala que \u201cen el marco de la grave crisis econ\u00f3mica y social que gener\u00f3 el gobierno y que afecta de manera directa a los sectores mayoritarios, desde la Mesa Nacional ATE ANSES, exigimos reapertura de paritarias de manera urgente para discutir y recuperar la p\u00e9rdida del poder adquisitivo que sufrimos los trabajadores y trabajadoras del organismo debido a la brutal devaluaci\u00f3n generada por el sector financiero funcional al macrismo\u201d.<\/p>\n\n\n\n<p>En la nota la ATE tambi\u00e9n exigi\u00f3 el pase a planta permanente de todo el personal que se encuentra bajo diferentes modalidades de contrato y la reincorporaci\u00f3n de todos los despedidos.<\/p>\n\n\n\n<p>En esta misma l\u00ednea, inst\u00f3 a la empleadora a que \u201cse abstenga de tomar cualquier medida que implique un avance en perjuicio del sistema de Seguridad Social y de los derechos laborales y condiciones de trabajo de todos los compa\u00f1eros y compa\u00f1eras del Anses\u201d.&nbsp;<\/p>\n","protected":false},"excerpt":{"rendered":"<p>Tambi\u00e9n exigi\u00f3 el pase a planta permanente del personal bajo las diferentes modalidades de contrato y la reincorporaci\u00f3n de los despedidos. La Mesa Nacional de ATE ANSES envi\u00f3 una carta al director ejecutivo de este organismo, Emilio Basavilbaso, la reapertura de la paritaria sectorial, reclamada frente a la gran crisis social que viven lo\/as trabajadore\/as, [&hellip;]<\/p>\n","protected":false},"author":1,"featured_media":19220,"comment_status":"open","ping_status":"open","sticky":false,"template":"","format":"standard","meta":{"_exactmetrics_skip_tracking":false,"_exactmetrics_sitenote_active":false,"_exactmetrics_sitenote_note":"","_exactmetrics_sitenote_category":0,"jnews-multi-image_gallery":[],"jnews_single_post":[],"jnews_primary_category":[],"jnews_social_meta":[],"jnews_review":[],"enable_review":"","type":"","name":"","summary":"","brand":"","sku":"","good":[],"bad":[],"score_override":"","override_value":"","rating":[],"price":[],"jnews_override_counter":[],"jnews_post_split":[],"footnotes":""},"categories":[18],"tags":[38],"class_list":["post-11351","post","type-post","status-publish","format-standard","has-post-thumbnail","hentry","category-nacionales","tag-anses"],"jetpack_featured_media_url":"https:\/\/atecordoba.org\/wp-content\/uploads\/2020\/05\/logo-nuevochico-e1561581322808.png","_links":{"self":[{"href":"https:\/\/atecordoba.org\/index.php?rest_route=\/wp\/v2\/posts\/11351","targetHints":{"allow":["GET"]}}],"collection":[{"href":"https:\/\/atecordoba.org\/index.php?rest_route=\/wp\/v2\/posts"}],"about":[{"href":"https:\/\/atecordoba.org\/index.php?rest_route=\/wp\/v2\/types\/post"}],"author":[{"embeddable":true,"href":"https:\/\/atecordoba.org\/index.php?rest_route=\/wp\/v2\/users\/1"}],"replies":[{"embeddable":true,"href":"https:\/\/atecordoba.org\/index.php?rest_route=%2Fwp%2Fv2%2Fcomments&post=11351"}],"version-history":[{"count":1,"href":"https:\/\/atecordoba.org\/index.php?rest_route=\/wp\/v2\/posts\/11351\/revisions"}],"predecessor-version":[{"id":19237,"href":"https:\/\/atecordoba.org\/index.php?rest_route=\/wp\/v2\/posts\/11351\/revisions\/19237"}],"wp:featuredmedia":[{"embeddable":true,"href":"https:\/\/atecordoba.org\/index.php?rest_route=\/wp\/v2\/media\/19220"}],"wp:attachment":[{"href":"https:\/\/atecordoba.org\/index.php?rest_route=%2Fwp%2Fv2%2Fmedia&parent=11351"}],"wp:term":[{"taxonomy":"category","embeddable":true,"href":"https:\/\/atecordoba.org\/index.php?rest_route=%2Fwp%2Fv2%2Fcategories&post=11351"},{"taxonomy":"post_tag","embeddable":true,"href":"https:\/\/atecordoba.org\/index.php?rest_route=%2Fwp%2Fv2%2Ftags&post=11351"}],"curies":[{"name":"wp","href":"https:\/\/api.w.org\/{rel}","templated":true}]}}