{"id":11341,"date":"2019-08-21T12:48:32","date_gmt":"2019-08-21T15:48:32","guid":{"rendered":"https:\/\/www.atecordoba.org\/?p=11341"},"modified":"2020-05-05T09:22:26","modified_gmt":"2020-05-05T12:22:26","slug":"la-cta-autonoma-repudio-la-postergacion-del-consejo-del-salario","status":"publish","type":"post","link":"https:\/\/atecordoba.org\/?p=11341","title":{"rendered":"La CTA Aut\u00f3noma repudi\u00f3 la postergaci\u00f3n del Consejo del Salario"},"content":{"rendered":"\n<p><em>Desde la Central expresaron el m\u00e1s en\u00e9rgico repudio y rechazo a la actitud irresponsable e insensible del gobierno de suspender la convocatoria para ma\u00f1ana.<\/em><\/p>\n\n\n\n<figure class=\"wp-block-image\"><img decoding=\"async\" src=\"http:\/\/atecordoba.org\/wp-content\/uploads\/2020\/05\/CTAA.jpg\" alt=\"\" class=\"wp-image-11342\"\/><\/figure>\n\n\n\n<p>Con la firma de Ricardo Peidro, Hugo Cachorro Godoy y Claudia Baigorria, m\u00e1xima conducci\u00f3n, la CTAA inform\u00f3 la postergaci\u00f3n para el 30 de agosto de la movilizaci\u00f3n al Ministerio de Producci\u00f3n, para exigir un aumento urgente del salario m\u00ednimo, vital y m\u00f3vil, en el marco de la convocatoria al Consejo del Salario.<\/p>\n\n\n\n<p>&#8220;Ratificamos la propuesta de que el aumento del Salario M\u00ednimo, Vital y M\u00f3vil se establezca en un monto no inferior al de la Canasta B\u00e1sica Total relevada por el INDEC, que al mes de junio, \u00faltimo dato disponible, equival\u00eda a $ 31.148,40 mensuales, y estableci\u00e9ndose una cl\u00e1usula gatillo para que en lo sucesivo estos incrementos se realicen de forma autom\u00e1tica&#8221;, reza el comunicado de la Central, que repudi\u00f3 el aplazamiento de la reuni\u00f3n porque &#8221; posterga as\u00ed las respuestas que necesita la clase trabajadora&#8221;. <\/p>\n\n\n\n<p>En tal sentido, la CTAA exigi\u00f3 adem\u00e1s &#8220;la incorporaci\u00f3n de la totalidad de las organizaciones de la econom\u00eda popular al Consejo del Salario; la extensi\u00f3n de la garant\u00eda del SMVM a todos los sectores que no est\u00e1n comprendidos, como quienes perciben el Salario Social Complementario, los trabajadores y trabajadoras del sector p\u00fablico provincial y municipal, de casas particulares, y otros sectores; la prohibici\u00f3n de los despidos, impulsando acciones concretas para proteger los puestos de trabajo; y la promoci\u00f3n de mejoras en las condiciones de trabajo&#8221;.<\/p>\n\n\n\n<p>Asimismo, se reafirm\u00f3 en la misma resoluci\u00f3n que se llevar\u00e1 a cabo &#8220;la concentraci\u00f3n frente a la Casa de Chubut en Capital Federal, ma\u00f1ana jueves a las 11 en Sarmiento 1172, para respaldar el paro de m\u00e1s de 50 d\u00edas que est\u00e1n llevando adelante los y las trabajadoras del Estado en Chubut. Adem\u00e1s de reclamar por los salarios adeudados, est\u00e1n en lucha contra el ajuste que est\u00e1 haciendo el gobernador Mariano Arcioni en esa provincia, con una pol\u00edtica de violaci\u00f3n de los derechos humanos y de persecuci\u00f3n a las y los luchadores sociales. Adem\u00e1s, a 47 a\u00f1os de la Masacre de Trelew, homenajearemos a nuestros h\u00e9roes&#8221;.<\/p>\n\n\n\n<p>&#8220;Finalmente ratificamos el Estado de Alerta y Movilizaci\u00f3n de nuestra CTA Aut\u00f3noma ante las avanzadas de los grupos financieros y el Fondo Monetario Internacional sobre los derechos de nuestra clase trabajadora&#8221;, concluye la Central.<\/p>\n\n\n\n<p><strong>Sentencia definitiva<\/strong><\/p>\n\n\n\n<p>Por otro lado, se conoci\u00f3 ayer la sentencia de la C\u00e1mara Nacional de Apelaciones, que ratific\u00f3 la semana pasada la legalidad de la Comisi\u00f3n Ejecutiva Nacional de la CTA Aut\u00f3noma electa el 08\/08\/2018.  <\/p>\n\n\n\n<p>De esta forma se zanja el planteo judicial de Pablo Micheli, que pretendi\u00f3 usurpar el cargo tras finalizar su mandato en 2018.<\/p>\n\n\n\n<p>Esta sentencia, que resuelve \u201cdesestimar el recurso interpuesto por los Sres. Pablo Micheli y Jos\u00e9 Rigane\u201d, mantiene coherencia y concordancia con la que fuera emitida por la misma Sala en el mes de junio del corriente a\u00f1o y por medio de la cual se decidiera la admisi\u00f3n del recurso interpuesto por Ricardo Peidro en su car\u00e1cter de Secretario General de la CTA-A.<\/p>\n\n\n\n<p>En este sentido la sentencia decide definitivamente la ilegitimidad e ilegalidad de las elecciones que dice Pablo Micheli haber realizado en el mes de junio del a\u00f1o 2018, quedando sin lugar a duda alguna legalmente confirmado el proceso electoral del 08\/08\/2019 y, por ende, la nueva Comisi\u00f3n Ejecutiva Nacional electa encabezada por Ricardo Peidro como Secretario General y Hugo \u2018Cachorro\u2019 Godoy y Claudia Baigorria en las Secretar\u00edas Adjuntas.<\/p>\n\n\n\n<p>Este nuevo y definitivo fallo otorga legalidad a la legitimidad que ya hab\u00edan depositado en las urnas los y las m\u00e1s de 240 mil trabajadores y trabajadoras que votaron a lo largo y ancho del pa\u00eds.<\/p>\n\n\n\n<p>Se trata del  el expediente caratulado M.T.E. y S.S. c\/CTA A y Otros s\/Ley de Asoc. Sindicales (n\u00ba 12.795\/2019). Vale se\u00f1alar que el gobierno macrista hab\u00eda apoyado la postura de Micheli y envi\u00f3 al Ministerio de Trabajo a litigar contra la leg\u00edtima conducci\u00f3n de la CTA en tribunales. La Justicia finalmente nos dio la raz\u00f3n.<\/p>\n","protected":false},"excerpt":{"rendered":"<p>Desde la Central expresaron el m\u00e1s en\u00e9rgico repudio y rechazo a la actitud irresponsable e insensible del gobierno de suspender la convocatoria para ma\u00f1ana. Con la firma de Ricardo Peidro, Hugo Cachorro Godoy y Claudia Baigorria, m\u00e1xima conducci\u00f3n, la CTAA inform\u00f3 la postergaci\u00f3n para el 30 de agosto de la movilizaci\u00f3n al Ministerio de Producci\u00f3n, [&hellip;]<\/p>\n","protected":false},"author":1,"featured_media":19220,"comment_status":"open","ping_status":"open","sticky":false,"template":"","format":"standard","meta":{"_exactmetrics_skip_tracking":false,"_exactmetrics_sitenote_active":false,"_exactmetrics_sitenote_note":"","_exactmetrics_sitenote_category":0,"jnews-multi-image_gallery":[],"jnews_single_post":[],"jnews_primary_category":[],"jnews_social_meta":[],"jnews_review":[],"enable_review":"","type":"","name":"","summary":"","brand":"","sku":"","good":[],"bad":[],"score_override":"","override_value":"","rating":[],"price":[],"jnews_override_counter":[],"jnews_post_split":[],"footnotes":""},"categories":[10,92],"tags":[],"class_list":["post-11341","post","type-post","status-publish","format-standard","has-post-thumbnail","hentry","category-accion-politica","category-cta"],"jetpack_featured_media_url":"https:\/\/atecordoba.org\/wp-content\/uploads\/2020\/05\/logo-nuevochico-e1561581322808.png","_links":{"self":[{"href":"https:\/\/atecordoba.org\/index.php?rest_route=\/wp\/v2\/posts\/11341","targetHints":{"allow":["GET"]}}],"collection":[{"href":"https:\/\/atecordoba.org\/index.php?rest_route=\/wp\/v2\/posts"}],"about":[{"href":"https:\/\/atecordoba.org\/index.php?rest_route=\/wp\/v2\/types\/post"}],"author":[{"embeddable":true,"href":"https:\/\/atecordoba.org\/index.php?rest_route=\/wp\/v2\/users\/1"}],"replies":[{"embeddable":true,"href":"https:\/\/atecordoba.org\/index.php?rest_route=%2Fwp%2Fv2%2Fcomments&post=11341"}],"version-history":[{"count":1,"href":"https:\/\/atecordoba.org\/index.php?rest_route=\/wp\/v2\/posts\/11341\/revisions"}],"predecessor-version":[{"id":19241,"href":"https:\/\/atecordoba.org\/index.php?rest_route=\/wp\/v2\/posts\/11341\/revisions\/19241"}],"wp:featuredmedia":[{"embeddable":true,"href":"https:\/\/atecordoba.org\/index.php?rest_route=\/wp\/v2\/media\/19220"}],"wp:attachment":[{"href":"https:\/\/atecordoba.org\/index.php?rest_route=%2Fwp%2Fv2%2Fmedia&parent=11341"}],"wp:term":[{"taxonomy":"category","embeddable":true,"href":"https:\/\/atecordoba.org\/index.php?rest_route=%2Fwp%2Fv2%2Fcategories&post=11341"},{"taxonomy":"post_tag","embeddable":true,"href":"https:\/\/atecordoba.org\/index.php?rest_route=%2Fwp%2Fv2%2Ftags&post=11341"}],"curies":[{"name":"wp","href":"https:\/\/api.w.org\/{rel}","templated":true}]}}