{"id":11332,"date":"2019-08-15T14:01:22","date_gmt":"2019-08-15T17:01:22","guid":{"rendered":"https:\/\/www.atecordoba.org\/?p=11332"},"modified":"2020-05-14T10:19:15","modified_gmt":"2020-05-14T13:19:15","slug":"por-una-urgente-compensacion-salarial-en-la-provincia","status":"publish","type":"post","link":"https:\/\/atecordoba.org\/?p=11332","title":{"rendered":"Por una urgente compensaci\u00f3n salarial en la Provincia"},"content":{"rendered":"\r\n<div class=\"wp-block-image\">\r\n<figure class=\"aligncenter\"><img decoding=\"async\" class=\"wp-image-11333\" src=\"http:\/\/atecordoba.org\/wp-content\/uploads\/2020\/05\/super.jpg\" alt=\"\" \/><\/figure>\r\n<\/div>\r\n\r\n\r\n\r\n<p>Ante la salvaje escalada de precios que estamos sufriendo los trabajadores provinciales, as\u00ed como el silencio y la indiferencia del Gobierno de la Provincia frente a esta situaci\u00f3n, ATE reclama una urgente convocatoria para acordar una compensaci\u00f3n salarial que act\u00fae como contrapeso a la grav\u00edsima p\u00e9rdida de poder adquisitivo, fruto del aumento del d\u00f3lar y su corrimiento a los precios de la canasta familiar.<\/p>\r\n\r\n\r\n\r\n<p>A partir de los anuncios de recomposici\u00f3n salarial del gobierno nacional, el gobernador Schiaretti no puede hacerse el desentendido y debe reconocer el desfasaje salarial sufrido por los trabajadores en nuestra capacidad de compra.<\/p>\r\n\r\n\r\n\r\n<p>Adem\u00e1s, reclamamos que la recomposici\u00f3n se pague en blanco para incluirse en los b\u00e1sicos y as\u00ed impacte en todos los \u00edtems del haber de los provinciales.<\/p>\r\n\r\n\r\n\r\n<p>Vale se\u00f1alar que el bono de 5 mil pesos que se compromete a pagar Macri resulta a todas luces insuficiente, tal como se expres\u00f3 nuestra conducci\u00f3n nacional y la CTA Aut\u00f3noma, por lo tanto reclamamos que la recomposici\u00f3n conlleve un monto con impacto real en los salarios.<\/p>\r\n\r\n\r\n\r\n<p>Seg\u00fan el Defensor del Pueblo de C\u00f3rdoba la canasta familiar alcanz\u00f3 los 29 mil pesos, antes de la crisis de esta semana, en tanto el Indec dio para el mes de julio un costo de la canasta familiar de 31 mil pesos, valores de referencia sufrieron un importante aumento tras la salvaje corrida bancaria y la devaluaci\u00f3n del peso de esta semana.<\/p>\r\n\r\n\r\n\r\n<p>Por lo tanto, reclamamos un inmediato aumento de emergencia que tenga en cuenta la realidad en los ingresos de los trabajadores.<\/p>\r\n\r\n\r\n\r\n<p>De la misma forma hacemos extensivo este reclamo a los municipios del interior provincial, cuyos salarios en la gran mayor\u00eda de los casos est\u00e1n por debajo de la canasta familiar, y a los entes nacionales no incluidos en el decreto.<\/p>\r\n\r\n\r\n\r\n<p style=\"text-align: right;\">Liliana Salerno<\/p>\r\n\r\n\r\n\r\n<p style=\"text-align: right;\">Secretaria General<\/p>\r\n","protected":false},"excerpt":{"rendered":"<p>Ante la salvaje escalada de precios que estamos sufriendo los trabajadores provinciales, as\u00ed como el silencio y la indiferencia del Gobierno de la Provincia frente a esta situaci\u00f3n, ATE reclama una urgente convocatoria para acordar una compensaci\u00f3n salarial que act\u00fae como contrapeso a la grav\u00edsima p\u00e9rdida de poder adquisitivo, fruto del aumento del d\u00f3lar y [&hellip;]<\/p>\n","protected":false},"author":1,"featured_media":13980,"comment_status":"open","ping_status":"open","sticky":false,"template":"","format":"standard","meta":{"_exactmetrics_skip_tracking":false,"_exactmetrics_sitenote_active":false,"_exactmetrics_sitenote_note":"","_exactmetrics_sitenote_category":0,"jnews-multi-image_gallery":[],"jnews_single_post":{"subtitle":"","format":"standard","video":"","gallery":"","source_name":"","source_url":"","via_name":"","via_url":"","override_template":"0","override":[{"template":"1","single_blog_custom":"","parallax":"1","fullscreen":"0","layout":"right-sidebar","sidebar":"default-sidebar","second_sidebar":"default-sidebar","sticky_sidebar":"1","share_position":"top","share_float_style":"share-monocrhome","show_share_counter":"1","show_view_counter":"1","show_featured":"1","show_post_meta":"1","show_post_author":"1","show_post_author_image":"1","show_post_date":"1","post_date_format":"default","post_date_format_custom":"Y\/m\/d","show_post_category":"1","show_post_reading_time":"0","post_reading_time_wpm":"300","show_zoom_button":"0","zoom_button_out_step":"2","zoom_button_in_step":"3","show_post_tag":"1","show_prev_next_post":"1","show_popup_post":"1","number_popup_post":"1","show_author_box":"0","show_post_related":"0","show_inline_post_related":"0"}],"override_image_size":"0","image_override":[{"single_post_thumbnail_size":"crop-500","single_post_gallery_size":"crop-500"}],"trending_post":"0","trending_post_position":"meta","trending_post_label":"Trending","sponsored_post":"0","sponsored_post_label":"Sponsored by","sponsored_post_name":"","sponsored_post_url":"","sponsored_post_logo_enable":"0","sponsored_post_logo":"","sponsored_post_desc":""},"jnews_primary_category":{"id":""},"jnews_social_meta":{"fb_title":"","fb_description":"","fb_image":"","twitter_title":"","twitter_description":"","twitter_image":""},"jnews_review":[],"enable_review":"0","type":"percentage","name":"","summary":"","brand":"","sku":"","good":[{"good_text":""}],"bad":[{"bad_text":""}],"score_override":"","override_value":"","rating":[{"rating_text":"","rating_number":"10"}],"price":[{"shop":"","price":"","link":"","icon":""}],"jnews_override_counter":{"override_view_counter":"0","view_counter_number":"0","override_share_counter":"0","share_counter_number":"0","override_like_counter":"0","like_counter_number":"0","override_dislike_counter":"0","dislike_counter_number":"0"},"jnews_post_split":{"enable_post_split":"0","post_split":[{"template":"1","tag":"h2","numbering":"asc","mode":"normal"}]},"footnotes":""},"categories":[10,53],"tags":[],"class_list":["post-11332","post","type-post","status-publish","format-standard","has-post-thumbnail","hentry","category-accion-politica","category-comunicados-de-prensa"],"jetpack_featured_media_url":"https:\/\/atecordoba.org\/wp-content\/uploads\/2020\/05\/super.jpg","_links":{"self":[{"href":"https:\/\/atecordoba.org\/index.php?rest_route=\/wp\/v2\/posts\/11332","targetHints":{"allow":["GET"]}}],"collection":[{"href":"https:\/\/atecordoba.org\/index.php?rest_route=\/wp\/v2\/posts"}],"about":[{"href":"https:\/\/atecordoba.org\/index.php?rest_route=\/wp\/v2\/types\/post"}],"author":[{"embeddable":true,"href":"https:\/\/atecordoba.org\/index.php?rest_route=\/wp\/v2\/users\/1"}],"replies":[{"embeddable":true,"href":"https:\/\/atecordoba.org\/index.php?rest_route=%2Fwp%2Fv2%2Fcomments&post=11332"}],"version-history":[{"count":2,"href":"https:\/\/atecordoba.org\/index.php?rest_route=\/wp\/v2\/posts\/11332\/revisions"}],"predecessor-version":[{"id":19353,"href":"https:\/\/atecordoba.org\/index.php?rest_route=\/wp\/v2\/posts\/11332\/revisions\/19353"}],"wp:featuredmedia":[{"embeddable":true,"href":"https:\/\/atecordoba.org\/index.php?rest_route=\/wp\/v2\/media\/13980"}],"wp:attachment":[{"href":"https:\/\/atecordoba.org\/index.php?rest_route=%2Fwp%2Fv2%2Fmedia&parent=11332"}],"wp:term":[{"taxonomy":"category","embeddable":true,"href":"https:\/\/atecordoba.org\/index.php?rest_route=%2Fwp%2Fv2%2Fcategories&post=11332"},{"taxonomy":"post_tag","embeddable":true,"href":"https:\/\/atecordoba.org\/index.php?rest_route=%2Fwp%2Fv2%2Ftags&post=11332"}],"curies":[{"name":"wp","href":"https:\/\/api.w.org\/{rel}","templated":true}]}}