{"id":11322,"date":"2019-08-13T12:19:21","date_gmt":"2019-08-13T15:19:21","guid":{"rendered":"https:\/\/www.atecordoba.org\/?p=11322"},"modified":"2020-05-05T09:22:36","modified_gmt":"2020-05-05T12:22:36","slug":"opinion-mas-organizacion-y-compromiso-tras-las-elecciones","status":"publish","type":"post","link":"https:\/\/atecordoba.org\/?p=11322","title":{"rendered":"Opini\u00f3n: m\u00e1s organizaci\u00f3n y compromiso tras las elecciones"},"content":{"rendered":"\n<p><em>Facilitamos una columna de opini\u00f3n para abrir el debate sobre la etapa que se abre en la vida pol\u00edtica nascional tras la arrojadora victoria de Alberto Fernadez y Cristina Kirchner, candidatos del Frente de Todos.<\/em><\/p>\n\n\n\n<figure class=\"wp-block-image is-resized\"><img loading=\"lazy\" decoding=\"async\" src=\"http:\/\/atecordoba.org\/wp-content\/uploads\/2020\/05\/festejo-banderas.jpg\" alt=\"\" class=\"wp-image-11323\" width=\"595\" height=\"334\"\/><\/figure>\n\n\n\n<p>Por Jorge Rachid<\/p>\n\n\n\n<p>Cada vez que el pueblo, le pone un punto de inflexi\u00f3n a la historia, la l\u00f3gica de la euforia y la alegr\u00eda, se acompa\u00f1a con las preocupaciones  l\u00f3gicas de tener que asumir las responsabilidades, que determinan, reconstruir la Patria avasallada.<\/p>\n\n\n\n<p>Es en ese sentido, que la vivencia de la batalla lograda, es un paso necesario, pero a\u00fan insuficiente para lograr consolidar las mayor\u00edas necesarias. Es que el compromiso de fortalecer la organizaci\u00f3n popular que respalde los acontecimientos por venir, con el la fortaleza que el pueblo demostr\u00f3 en resistir los embates del neoliberalismo, que llevaron a la di\u00e1spora y el dolor social, es necesario e imprescindible.<\/p>\n\n\n\n<p>Es notable como la conciencia nacional anida en los interticios del conjunto del pueblo, aunque a veces retrocede ante los avances de un enemigo que desde el exterior y con complicidades internas, intenta someter a la sumisi\u00f3n nacional, al conjunto de los valores que dan identidad y soberan\u00eda a nuestra Patria.<\/p>\n\n\n\n<p>Pero tambi\u00e9n es cierto que el relajamiento que ofrece una victoria estrat\u00e9gica, pero circunstancial, puede ser aprovechada por aquellos sectores hegem\u00f3nicos, que han invertido esfuerzos culturales, econ\u00f3micos y hasta militares en intentar colonizar un continente, dentro del cual est\u00e1 nuestro pa\u00eds.<\/p>\n\n\n\n<p>La voz del pueblo expresada, con la contundencia de un grito estent\u00f3reo de Patria, necesita fortalecer esa expresi\u00f3n en un marco de previsibilidad, que le devuelva la normalidad de una vida alterada, por la l\u00f3gica macro econ\u00f3mica, que desprecia al hombre y la mujer argentinos, marginados y excluidos en nombre de una supuesta modernidad del Mercado.<\/p>\n\n\n\n<p>Un pa\u00eds que contiene la capacidad de poder vivir con sus propios recursos, en alimentaci\u00f3n, en energ\u00eda, en capacidades humanas, con educaci\u00f3n y salud contenidas en una concepci\u00f3n social humanista, que desde hace 70 a\u00f1os constituye la c\u00e9dula de identidad del pueblo, en un Modelo Social Solidario y Productivo, con Investigaci\u00f3n y Desarrollo, acompa\u00f1ado por ahorro interno genuino, que fortalece la Soberan\u00eda Nacional, es una derrota a los planes colonizadores neoliberales.<\/p>\n\n\n\n<p>Por esa raz\u00f3n han necesitado perseguir a los l\u00edderes populares, encarcelarlos, humillarlos y denigrarlos, con el fin de instalar la idea del \u201c\u00fanico camino\u201d, despreciando las construcciones solidarias, que constituyen el fundamento del Movimiento nacional y Popular en la Argentina.<\/p>\n\n\n\n<p>Ampliar derechos es delito para el enemigo de la Naci\u00f3n, crear trabajo y desarrollar tecnolog\u00edas de punta, es lo que quiere evitar el Imperio, para lo cual cre\u00f3 a nivel internacional, pero en especial latinoamericano, el tr\u00edpode de la dominaci\u00f3n: los medios hegem\u00f3nicos, la Justicia c\u00f3mplice y los fondos de inversi\u00f3n supranacionales, que vaciaron y endeudaron el pa\u00eds, en su af\u00e1n de afianzar el perfil agro exportador, que constituye acumulaci\u00f3n de riquezas, fugas de divisas y exclusi\u00f3n social brutal e inhumana, funcional a sus fines estrat\u00e9gicos de colonizaci\u00f3n y apropiaci\u00f3n de los recursos naturales.<\/p>\n\n\n\n<p>En ese camino, han sufrido una enorme derrota en una batalla electoral, pero no se rendir\u00e1n en sus objetivos, como no lo har\u00e1 el pueblo argentino en su af\u00e1n de reconstruir la Patria, prepar\u00e1ndose para ello y para la contraofensiva que lanzar\u00e1n, sin dudas, aquellos sectores que derrotados, no rendir\u00e1n su plaza sin luchar. <\/p>\n\n\n\n<p>De ah\u00ed la fortaleza del pueblo se construye desde la organizaci\u00f3n, el compromiso militante, sin sectarismos, abriendo los brazos a quienes a\u00fan est\u00e1n confundidos, fortaleciendo la planificaci\u00f3n que d\u00e9 respuestas al hambre de millones de argentinos, vuelva los ni\u00f1os a las escuelas comidos, reparar los mayores agredidos y creando trabajo, ejes de la verdadera revoluci\u00f3n peronista, desde el minuto uno del gobierno nacional y popular.<\/p>\n","protected":false},"excerpt":{"rendered":"<p>Facilitamos una columna de opini\u00f3n para abrir el debate sobre la etapa que se abre en la vida pol\u00edtica nascional tras la arrojadora victoria de Alberto Fernadez y Cristina Kirchner, candidatos del Frente de Todos. Por Jorge Rachid Cada vez que el pueblo, le pone un punto de inflexi\u00f3n a la historia, la l\u00f3gica de [&hellip;]<\/p>\n","protected":false},"author":1,"featured_media":19220,"comment_status":"open","ping_status":"open","sticky":false,"template":"","format":"standard","meta":{"_exactmetrics_skip_tracking":false,"_exactmetrics_sitenote_active":false,"_exactmetrics_sitenote_note":"","_exactmetrics_sitenote_category":0,"jnews-multi-image_gallery":[],"jnews_single_post":[],"jnews_primary_category":[],"jnews_social_meta":[],"jnews_review":[],"enable_review":"","type":"","name":"","summary":"","brand":"","sku":"","good":[],"bad":[],"score_override":"","override_value":"","rating":[],"price":[],"jnews_override_counter":[],"jnews_post_split":[],"footnotes":""},"categories":[10],"tags":[],"class_list":["post-11322","post","type-post","status-publish","format-standard","has-post-thumbnail","hentry","category-accion-politica"],"jetpack_featured_media_url":"https:\/\/atecordoba.org\/wp-content\/uploads\/2020\/05\/logo-nuevochico-e1561581322808.png","_links":{"self":[{"href":"https:\/\/atecordoba.org\/index.php?rest_route=\/wp\/v2\/posts\/11322","targetHints":{"allow":["GET"]}}],"collection":[{"href":"https:\/\/atecordoba.org\/index.php?rest_route=\/wp\/v2\/posts"}],"about":[{"href":"https:\/\/atecordoba.org\/index.php?rest_route=\/wp\/v2\/types\/post"}],"author":[{"embeddable":true,"href":"https:\/\/atecordoba.org\/index.php?rest_route=\/wp\/v2\/users\/1"}],"replies":[{"embeddable":true,"href":"https:\/\/atecordoba.org\/index.php?rest_route=%2Fwp%2Fv2%2Fcomments&post=11322"}],"version-history":[{"count":1,"href":"https:\/\/atecordoba.org\/index.php?rest_route=\/wp\/v2\/posts\/11322\/revisions"}],"predecessor-version":[{"id":19254,"href":"https:\/\/atecordoba.org\/index.php?rest_route=\/wp\/v2\/posts\/11322\/revisions\/19254"}],"wp:featuredmedia":[{"embeddable":true,"href":"https:\/\/atecordoba.org\/index.php?rest_route=\/wp\/v2\/media\/19220"}],"wp:attachment":[{"href":"https:\/\/atecordoba.org\/index.php?rest_route=%2Fwp%2Fv2%2Fmedia&parent=11322"}],"wp:term":[{"taxonomy":"category","embeddable":true,"href":"https:\/\/atecordoba.org\/index.php?rest_route=%2Fwp%2Fv2%2Fcategories&post=11322"},{"taxonomy":"post_tag","embeddable":true,"href":"https:\/\/atecordoba.org\/index.php?rest_route=%2Fwp%2Fv2%2Ftags&post=11322"}],"curies":[{"name":"wp","href":"https:\/\/api.w.org\/{rel}","templated":true}]}}