{"id":11319,"date":"2019-08-08T16:30:27","date_gmt":"2019-08-08T19:30:27","guid":{"rendered":"https:\/\/www.atecordoba.org\/?p=11319"},"modified":"2020-05-05T09:22:38","modified_gmt":"2020-05-05T12:22:38","slug":"la-lista-verde-violeta-saluda-el-triunfo-de-lorena-almiron-en-rosario","status":"publish","type":"post","link":"https:\/\/atecordoba.org\/?p=11319","title":{"rendered":"La lista Verde Violeta saluda el triunfo de Lorena Almir\u00f3n en Rosario"},"content":{"rendered":"\n<p><em>La lista Verde Celeste, que encabez\u00f3 la compa\u00f1era Almir\u00f3n, se impuso en las elecciones de la seccional Rosario. Las compa\u00f1eras alertan por la manipulaci\u00f3n de urnas impugnadas por parte del actual secretario General Raul Daz.<\/em><\/p>\n\n\n\n<figure class=\"wp-block-image\"><img decoding=\"async\" src=\"http:\/\/atecordoba.org\/wp-content\/uploads\/2020\/05\/Lorena_almiron-1024x512.jpg\" alt=\"\" class=\"wp-image-11320\"\/><\/figure>\n\n\n\n<p>En las elecciones realizadas ayer en la seccional Rosario triunf\u00f3, por escaso margen,  la lista Verde Celeste que llev\u00f3 a la compa\u00f1era Almir\u00f3n como candidata a secretaria General, sobre la lista que llev\u00f3 como candidato al actual secretario General Ra\u00fal Daz.<\/p>\n\n\n\n<p>La lista Verde Violeta de C\u00f3rdoba saluda a la compa\u00f1era Almir\u00f3n y ratifica el apoyo a la lista triunfante, ante la denuncia de manipulaci\u00f3n de una serie de urnas impugnadas.<\/p>\n\n\n\n<p>&#8220;Verg\u00fcenza lo que sucede en Rosario. Quieren abrir las urnas impugnadas en la seccional, cuando el acuerdo es que se abran en Buenos Aires, seg\u00fan el acta firmada por todos los apoderados&#8221;, afirm\u00f3 hoy Almir\u00f3n.<\/p>\n\n\n\n<p>En defensa de la democracia sindical instamos a todos los compa\u00f1eros a respetar el resultado de las urnas.<\/p>\n\n\n\n<p style=\"text-align:right\">Liliana Salerno<\/p>\n\n\n\n<p style=\"text-align:right\">Secretaria General<\/p>\n\n\n\n<p style=\"text-align:right\">CDP ATE C\u00f3rdoba<\/p>\n\n\n\n<p><\/p>\n","protected":false},"excerpt":{"rendered":"<p>La lista Verde Celeste, que encabez\u00f3 la compa\u00f1era Almir\u00f3n, se impuso en las elecciones de la seccional Rosario. Las compa\u00f1eras alertan por la manipulaci\u00f3n de urnas impugnadas por parte del actual secretario General Raul Daz. En las elecciones realizadas ayer en la seccional Rosario triunf\u00f3, por escaso margen, la lista Verde Celeste que llev\u00f3 a [&hellip;]<\/p>\n","protected":false},"author":1,"featured_media":19220,"comment_status":"open","ping_status":"open","sticky":false,"template":"","format":"standard","meta":{"_exactmetrics_skip_tracking":false,"_exactmetrics_sitenote_active":false,"_exactmetrics_sitenote_note":"","_exactmetrics_sitenote_category":0,"jnews-multi-image_gallery":[],"jnews_single_post":[],"jnews_primary_category":[],"jnews_social_meta":[],"jnews_review":[],"enable_review":"","type":"","name":"","summary":"","brand":"","sku":"","good":[],"bad":[],"score_override":"","override_value":"","rating":[],"price":[],"jnews_override_counter":[],"jnews_post_split":[],"footnotes":""},"categories":[151],"tags":[],"class_list":["post-11319","post","type-post","status-publish","format-standard","has-post-thumbnail","hentry","category-elecciones-2019"],"jetpack_featured_media_url":"https:\/\/atecordoba.org\/wp-content\/uploads\/2020\/05\/logo-nuevochico-e1561581322808.png","_links":{"self":[{"href":"https:\/\/atecordoba.org\/index.php?rest_route=\/wp\/v2\/posts\/11319","targetHints":{"allow":["GET"]}}],"collection":[{"href":"https:\/\/atecordoba.org\/index.php?rest_route=\/wp\/v2\/posts"}],"about":[{"href":"https:\/\/atecordoba.org\/index.php?rest_route=\/wp\/v2\/types\/post"}],"author":[{"embeddable":true,"href":"https:\/\/atecordoba.org\/index.php?rest_route=\/wp\/v2\/users\/1"}],"replies":[{"embeddable":true,"href":"https:\/\/atecordoba.org\/index.php?rest_route=%2Fwp%2Fv2%2Fcomments&post=11319"}],"version-history":[{"count":1,"href":"https:\/\/atecordoba.org\/index.php?rest_route=\/wp\/v2\/posts\/11319\/revisions"}],"predecessor-version":[{"id":19256,"href":"https:\/\/atecordoba.org\/index.php?rest_route=\/wp\/v2\/posts\/11319\/revisions\/19256"}],"wp:featuredmedia":[{"embeddable":true,"href":"https:\/\/atecordoba.org\/index.php?rest_route=\/wp\/v2\/media\/19220"}],"wp:attachment":[{"href":"https:\/\/atecordoba.org\/index.php?rest_route=%2Fwp%2Fv2%2Fmedia&parent=11319"}],"wp:term":[{"taxonomy":"category","embeddable":true,"href":"https:\/\/atecordoba.org\/index.php?rest_route=%2Fwp%2Fv2%2Fcategories&post=11319"},{"taxonomy":"post_tag","embeddable":true,"href":"https:\/\/atecordoba.org\/index.php?rest_route=%2Fwp%2Fv2%2Ftags&post=11319"}],"curies":[{"name":"wp","href":"https:\/\/api.w.org\/{rel}","templated":true}]}}