{"id":11315,"date":"2019-08-08T15:56:31","date_gmt":"2019-08-08T18:56:31","guid":{"rendered":"https:\/\/www.atecordoba.org\/?p=11315"},"modified":"2020-05-05T09:22:39","modified_gmt":"2020-05-05T12:22:39","slug":"elecciones-la-lista-verde-violeta-anusate-se-impuso-para-la-conduccion-del-cdp","status":"publish","type":"post","link":"https:\/\/atecordoba.org\/?p=11315","title":{"rendered":"Elecciones: la Lista Verde Violeta Anusate se impuso para la conducci\u00f3n del CDP"},"content":{"rendered":"\n<p><em>Federico Giuliani ser\u00e1 el nuevo Secretario General a partir de noviembre. A nivel nacional, la lista Verde gan\u00f3 holgadamente y Hugo Godoy logr\u00f3 la reelecci\u00f3n como m\u00e1xima conducci\u00f3n de los estatales por un nuevo periodo.<\/em><\/p>\n\n\n\n<figure class=\"wp-block-image\"><img decoding=\"async\" src=\"http:\/\/atecordoba.org\/wp-content\/uploads\/2020\/05\/WhatsApp-Image-2019-08-08-at-14.02.38-1024x767.jpg\" alt=\"\" class=\"wp-image-11316\"\/><\/figure>\n\n\n\n<p>Con una alta participaci\u00f3n de los afiliados, el riocuartense Federico Giuliani triunf\u00f3 ayer con el 45% de los votos, encabezando la lista Verde Violeta Anusate, en las elecciones para renovar la conducci\u00f3n del Consejo Directivo Provincial de ATE C\u00f3rdoba.<\/p>\n\n\n\n<p>De esta forma, Giuliani ser\u00e1 el nuevo secretario General a partir del pr\u00f3ximo 7 de noviembre. <\/p>\n\n\n\n<p>En segundo lugar se ubic\u00f3 la lista Verde Celeste, que encabezaba el compa\u00f1ero de Villa Mar\u00eda Walter Secondino, quedando en t\u00e9rcer t\u00e9rmino  la lista Verde Blanca. La lista Verde Naranja obtuvo el cuarto lugar, en tanto cerraron la grilla en \u00faltimo t\u00e9rmino los compa\u00f1eros de la lista Multicolor.<\/p>\n\n\n\n<p><strong>Seccionales<\/strong><\/p>\n\n\n\n<p>Tambi\u00e9n se eligieron en las elecciones de ayer autoridades de conducci\u00f3n en las distintas seccionales de la provincia. <\/p>\n\n\n\n<p>La lista Verde Violeta triunf\u00f3 en R\u00edo Cuarto, R\u00edo Tercero y Adelia Mar\u00eda, consagrandose como secretarios generales la compa\u00f1era Rafaela Alcoba, Damian Albornoz y Diego Villegas respectivamente para el periodo 2019-2023. <\/p>\n\n\n\n<figure class=\"wp-block-embed-youtube wp-block-embed is-type-video is-provider-youtube wp-embed-aspect-16-9 wp-has-aspect-ratio\"><div class=\"wp-block-embed__wrapper\">\n<div class=\"epyt-video-wrapper\"><iframe loading=\"lazy\"  style=\"display: block; margin: 0px auto;\"  id=\"_ytid_16534\"  width=\"480\" height=\"270\"  data-origwidth=\"480\" data-origheight=\"270\" src=\"https:\/\/www.youtube.com\/embed\/TZ5cYraHurY?enablejsapi=1&#038;autoplay=0&#038;cc_load_policy=0&#038;cc_lang_pref=&#038;iv_load_policy=3&#038;loop=0&#038;rel=0&#038;fs=1&#038;playsinline=0&#038;autohide=2&#038;theme=dark&#038;color=red&#038;controls=1&#038;disablekb=0&#038;\" class=\"__youtube_prefs__  epyt-is-override  no-lazyload\" title=\"YouTube player\"  allow=\"fullscreen; accelerometer; autoplay; clipboard-write; encrypted-media; gyroscope; picture-in-picture; web-share\" referrerpolicy=\"strict-origin-when-cross-origin\" allowfullscreen data-no-lazy=\"1\" data-skipgform_ajax_framebjll=\"\"><\/iframe><\/div>\n<\/div><\/figure>\n\n\n\n<p>Por su parte, la Verde Celeste se impuso en las seccionales Villa Mar\u00eda y Cruz del Eje, siendo electos los compa\u00f1eros Fernando Mercado y Mario Allende en el norte provincial. <\/p>\n\n\n\n<p><strong>Jubilados<\/strong><\/p>\n\n\n\n<p>En cuanto a la representaci\u00f3n de los jubilados de ATE, a nivel provincial gan\u00f3 la lista Verde Celeste, por lo que la compa\u00f1era Carmen Neder presidir\u00e1 el Centro de Jubilados por un nuevo periodo. <\/p>\n\n\n\n<p>En esa l\u00ednea, la Verde Celeste triunf\u00f3 tambi\u00e9n en los centros de jubilados de Cruz del Eje, San Francisco y Villa Mar\u00eda. All\u00ed resultaron electos los compa\u00f1eros H\u00e9ctor Julio Paroli, Norma Navarro y Alfredo Ponce.<\/p>\n\n\n\n<p>Por su parte, la lista Verde Violeta se impuso en los centros de jubilados de R\u00edo Tercero y R\u00edo Cuarto, siendo elegidos como presidentes H\u00e9ctor Quiroga y  Liliana Arias.<\/p>\n\n\n\n<p><strong>Nacional<\/strong><\/p>\n\n\n\n<p>A su vez, las elecciones para la conducci\u00f3n nacional de ATE dieron como resultado la victoria de nuestro actual secretario General, Hugo Cachorro Godoy, que reeligi\u00f3 por un nuevo mandato, acompa\u00f1ado como secretario Adjunto por el rionegrino Rodolfo Aguiar, encabezando la lista Verde Anusate.<\/p>\n\n\n\n<figure class=\"wp-block-image\"><img decoding=\"async\" src=\"http:\/\/atecordoba.org\/wp-content\/uploads\/2020\/05\/godoy-1024x682.jpg\" alt=\"\" class=\"wp-image-11317\"\/><\/figure>\n\n\n\n<p>La lista que representa la actual Conducci\u00f3n Nacional obtuvo el triunfo en Santa Cruz, Tierra del Fuego, Chubut, R\u00edo Negro, La Pampa, Pcia. de Buenos Aires, C\u00f3rdoba, San Luis, Mendoza, San Juan, Catamarca, Tucum\u00e1n, Jujuy, Salta, Formosa, Chaco, Santiago del Estero, Misiones y Entre R\u00edos. <\/p>\n\n\n\n<p>Por su parte, la lista Verde y Blanca consigui\u00f3 la victoria en Corrientes, Santa Fe, Capital Federal y Neuqu\u00e9n.<\/p>\n\n\n\n<p>Mientras que en La Rioja contin\u00faa el recuento de votos.<\/p>\n\n\n\n<p>Las elecciones fueron acompa\u00f1adas por una delegaci\u00f3n de veedores internacionales conformada por 12 dirigentes de organizaciones sindicales que nuclean a trabajadores y trabajadoras estatales de pa\u00edses como Chile, Paraguay, Brasil, Hait\u00ed, Per\u00fa, Uruguay y M\u00e9xico.<\/p>\n\n\n\n<p>En el territorio provincial, la lista Verde Anusate alcanz\u00f3 el 83% de los votos, la Verde Blanca el 10%, la Multicolor sali\u00f3 tercera, la Verde P\u00farpura qued\u00f3 en cuarto lugar y la Gris Roja en quinto t\u00e9rmino.<\/p>\n\n\n\n<p>A su vez, en el Centro de Jubilados Nacional de ATE se consagr\u00f3 la lista Verde que consagr\u00f3 como presidenta a la compa\u00f1era Noelia Guzm\u00e1n.<\/p>\n\n\n\n<p><\/p>\n","protected":false},"excerpt":{"rendered":"<p>Federico Giuliani ser\u00e1 el nuevo Secretario General a partir de noviembre. A nivel nacional, la lista Verde gan\u00f3 holgadamente y Hugo Godoy logr\u00f3 la reelecci\u00f3n como m\u00e1xima conducci\u00f3n de los estatales por un nuevo periodo. Con una alta participaci\u00f3n de los afiliados, el riocuartense Federico Giuliani triunf\u00f3 ayer con el 45% de los votos, encabezando [&hellip;]<\/p>\n","protected":false},"author":1,"featured_media":19220,"comment_status":"open","ping_status":"open","sticky":false,"template":"","format":"standard","meta":{"_exactmetrics_skip_tracking":false,"_exactmetrics_sitenote_active":false,"_exactmetrics_sitenote_note":"","_exactmetrics_sitenote_category":0,"jnews-multi-image_gallery":[],"jnews_single_post":[],"jnews_primary_category":[],"jnews_social_meta":[],"jnews_review":[],"enable_review":"","type":"","name":"","summary":"","brand":"","sku":"","good":[],"bad":[],"score_override":"","override_value":"","rating":[],"price":[],"jnews_override_counter":[],"jnews_post_split":[],"footnotes":""},"categories":[151],"tags":[],"class_list":["post-11315","post","type-post","status-publish","format-standard","has-post-thumbnail","hentry","category-elecciones-2019"],"jetpack_featured_media_url":"https:\/\/atecordoba.org\/wp-content\/uploads\/2020\/05\/logo-nuevochico-e1561581322808.png","_links":{"self":[{"href":"https:\/\/atecordoba.org\/index.php?rest_route=\/wp\/v2\/posts\/11315","targetHints":{"allow":["GET"]}}],"collection":[{"href":"https:\/\/atecordoba.org\/index.php?rest_route=\/wp\/v2\/posts"}],"about":[{"href":"https:\/\/atecordoba.org\/index.php?rest_route=\/wp\/v2\/types\/post"}],"author":[{"embeddable":true,"href":"https:\/\/atecordoba.org\/index.php?rest_route=\/wp\/v2\/users\/1"}],"replies":[{"embeddable":true,"href":"https:\/\/atecordoba.org\/index.php?rest_route=%2Fwp%2Fv2%2Fcomments&post=11315"}],"version-history":[{"count":1,"href":"https:\/\/atecordoba.org\/index.php?rest_route=\/wp\/v2\/posts\/11315\/revisions"}],"predecessor-version":[{"id":19259,"href":"https:\/\/atecordoba.org\/index.php?rest_route=\/wp\/v2\/posts\/11315\/revisions\/19259"}],"wp:featuredmedia":[{"embeddable":true,"href":"https:\/\/atecordoba.org\/index.php?rest_route=\/wp\/v2\/media\/19220"}],"wp:attachment":[{"href":"https:\/\/atecordoba.org\/index.php?rest_route=%2Fwp%2Fv2%2Fmedia&parent=11315"}],"wp:term":[{"taxonomy":"category","embeddable":true,"href":"https:\/\/atecordoba.org\/index.php?rest_route=%2Fwp%2Fv2%2Fcategories&post=11315"},{"taxonomy":"post_tag","embeddable":true,"href":"https:\/\/atecordoba.org\/index.php?rest_route=%2Fwp%2Fv2%2Ftags&post=11315"}],"curies":[{"name":"wp","href":"https:\/\/api.w.org\/{rel}","templated":true}]}}