{"id":11312,"date":"2019-08-05T02:50:43","date_gmt":"2019-08-05T05:50:43","guid":{"rendered":"https:\/\/www.atecordoba.org\/?p=11312"},"modified":"2020-05-05T09:22:42","modified_gmt":"2020-05-05T12:22:42","slug":"repudio-a-los-hechos-de-violencia-a-dias-de-las-elecciones","status":"publish","type":"post","link":"https:\/\/atecordoba.org\/?p=11312","title":{"rendered":"Repudio a los hechos de violencia a d\u00edas de las elecciones"},"content":{"rendered":"\n<p><em>El Consejo Directivo Provincial de ATE C\u00f3rdoba repudia y condena los actos de violencia cometidos el pasado jueves 1 de Agosto por candidatos de la Lista Verde Naranja a miembros de la Junta Electoral de nuestro sindicato. <\/em><\/p>\n\n\n\n<ul class=\"wp-block-gallery columns-1 is-cropped wp-block-gallery-1 is-layout-flex wp-block-gallery-is-layout-flex\"><li class=\"blocks-gallery-item\"><figure><img decoding=\"async\" src=\"http:\/\/atecordoba.org\/wp-content\/uploads\/2020\/05\/logo-nuevochico-e1561581322808.png\" alt=\"\" data-id=\"11313\" data-link=\"https:\/\/www.atecordoba.org\/?attachment_id=11313\" class=\"wp-image-11313\"\/><\/figure><\/li><\/ul>\n\n\n\n<p>Estos hechos lamentables\nsucedieron en la sede de ATE cuando miembros de la lista mencionada\narremetieron con amenazas contra el presidente de la Junta Electoral\ninterrumpiendo el trabajo de la misma. Ante estos hechos el presidente de la\nJunta Electoral ha decidido presentar una denuncia penal contra los cros. Diego\nNicol\u00e1s Guerra y Marcos Gonz\u00e1lez por lo que la justicia se ha expedido\ndeterminando una restricci\u00f3n perimetral de 200mts para los se\u00f1ores denunciados.\n<\/p>\n\n\n\n<p>Consideramos que estos hechos de violentos\ntienen la clara intencionalidad de interrumpir el correcto funcionamiento del proceso\nelectoral en nuestro sindicato, impidiendo que el 7 de Agosto se realicen\nelecciones democr\u00e1ticas previstas, donde los afiliados elegir\u00e1n con su voto el\nmodelo sindical que conducir\u00e1 el gremio durante los pr\u00f3ximos 4 a\u00f1os. No podemos\npermitir que la violencia impere como forma de dirimir los conflictos y se\navasalle la institucionalidad de un sindicato con un siglo de historia.<\/p>\n\n\n\n<p>Por ello, la conducci\u00f3n de ATE\nC\u00f3rdoba va a tomar todas las medidas necesarias para que el proceso electoral\nse desarrolle con normalidad, las urnas lleguen a cada destino y los afiliados\npuedan ejercer libremente su leg\u00edtimo derecho a votar de manera democr\u00e1tica.<\/p>\n\n\n\n<p>Mar\u00eda Liliana Salerno<\/p>\n\n\n\n<p>Secretaria General<\/p>\n","protected":false},"excerpt":{"rendered":"<p>El Consejo Directivo Provincial de ATE C\u00f3rdoba repudia y condena los actos de violencia cometidos el pasado jueves 1 de Agosto por candidatos de la Lista Verde Naranja a miembros de la Junta Electoral de nuestro sindicato. Estos hechos lamentables sucedieron en la sede de ATE cuando miembros de la lista mencionada arremetieron con amenazas [&hellip;]<\/p>\n","protected":false},"author":1,"featured_media":19220,"comment_status":"open","ping_status":"open","sticky":false,"template":"","format":"standard","meta":{"_exactmetrics_skip_tracking":false,"_exactmetrics_sitenote_active":false,"_exactmetrics_sitenote_note":"","_exactmetrics_sitenote_category":0,"jnews-multi-image_gallery":[],"jnews_single_post":[],"jnews_primary_category":[],"jnews_social_meta":[],"jnews_review":[],"enable_review":"","type":"","name":"","summary":"","brand":"","sku":"","good":[],"bad":[],"score_override":"","override_value":"","rating":[],"price":[],"jnews_override_counter":[],"jnews_post_split":[],"footnotes":""},"categories":[1],"tags":[],"class_list":["post-11312","post","type-post","status-publish","format-standard","has-post-thumbnail","hentry","category-sin-categoria"],"jetpack_featured_media_url":"https:\/\/atecordoba.org\/wp-content\/uploads\/2020\/05\/logo-nuevochico-e1561581322808.png","_links":{"self":[{"href":"https:\/\/atecordoba.org\/index.php?rest_route=\/wp\/v2\/posts\/11312","targetHints":{"allow":["GET"]}}],"collection":[{"href":"https:\/\/atecordoba.org\/index.php?rest_route=\/wp\/v2\/posts"}],"about":[{"href":"https:\/\/atecordoba.org\/index.php?rest_route=\/wp\/v2\/types\/post"}],"author":[{"embeddable":true,"href":"https:\/\/atecordoba.org\/index.php?rest_route=\/wp\/v2\/users\/1"}],"replies":[{"embeddable":true,"href":"https:\/\/atecordoba.org\/index.php?rest_route=%2Fwp%2Fv2%2Fcomments&post=11312"}],"version-history":[{"count":1,"href":"https:\/\/atecordoba.org\/index.php?rest_route=\/wp\/v2\/posts\/11312\/revisions"}],"predecessor-version":[{"id":19261,"href":"https:\/\/atecordoba.org\/index.php?rest_route=\/wp\/v2\/posts\/11312\/revisions\/19261"}],"wp:featuredmedia":[{"embeddable":true,"href":"https:\/\/atecordoba.org\/index.php?rest_route=\/wp\/v2\/media\/19220"}],"wp:attachment":[{"href":"https:\/\/atecordoba.org\/index.php?rest_route=%2Fwp%2Fv2%2Fmedia&parent=11312"}],"wp:term":[{"taxonomy":"category","embeddable":true,"href":"https:\/\/atecordoba.org\/index.php?rest_route=%2Fwp%2Fv2%2Fcategories&post=11312"},{"taxonomy":"post_tag","embeddable":true,"href":"https:\/\/atecordoba.org\/index.php?rest_route=%2Fwp%2Fv2%2Ftags&post=11312"}],"curies":[{"name":"wp","href":"https:\/\/api.w.org\/{rel}","templated":true}]}}