{"id":11295,"date":"2019-08-02T13:31:12","date_gmt":"2019-08-02T16:31:12","guid":{"rendered":"https:\/\/www.atecordoba.org\/?p=11295"},"modified":"2020-05-05T09:22:42","modified_gmt":"2020-05-05T12:22:42","slug":"cinco-listas-compiten-por-la-conduccion-nacional-de-ate-el-proximo-7-de-agosto","status":"publish","type":"post","link":"https:\/\/atecordoba.org\/?p=11295","title":{"rendered":"Cinco listas compiten por la conducci\u00f3n nacional de ATE el pr\u00f3ximo 7 de agosto"},"content":{"rendered":"\n<p><em>Hugo Cachorro Godoy va por la reelecci\u00f3n con la lista Verde de la agrupaci\u00f3n Anusate, junto a Rodolfo Aguiar como secretario Adjunto. Las listas Multicolor, Gris-Roja, Verde P\u00farpura y Verde Blanca completan la grilla.<\/em><\/p>\n\n\n\n<p>Alrededor de 290 mil afiliados en todo el pa\u00eds, y unos 5500 en C\u00f3rdoba, podr\u00e1n participar el pr\u00f3ximo mi\u00e9rcoles 7 de agosto en las elecciones de renovaci\u00f3n de autoridades de nuestra organizaci\u00f3n, por medio del voto directo y secreto a lo largo y ancho del pa\u00eds. <\/p>\n\n\n\n<p>Los estatales, que conformamos uno de los gremios m\u00e1s grandes de pa\u00eds, por cantidad de afiliados y presencia territorial, dispondremos de cinco listas para elegir en estas elecciones.<\/p>\n\n\n\n<p>En primer t\u00e9rmino, la lista Verde de la agrupaci\u00f3n Anusate, que fundaran Germ\u00e1n Abdala, Victor De Gennaro, H\u00e9ctor Quagliaro y Oscar Mengarelli entre otros compa\u00f1eros hist\u00f3ricos de ATE, lleva como candidatos a Hugo Cachorro Godoy, que va por la reelecci\u00f3n, acompa\u00f1ado por el secretario General de ATE R\u00edo Negro, Rodolfo Aguiar.<\/p>\n\n\n\n<div class=\"wp-block-image\"><figure class=\"aligncenter\"><img decoding=\"async\" src=\"http:\/\/atecordoba.org\/wp-content\/uploads\/2020\/05\/VERDE-CDN_000-1.png\" alt=\"\" class=\"wp-image-11298\"\/><\/figure><\/div>\n\n\n\n<div class=\"wp-block-image\"><figure class=\"aligncenter\"><img decoding=\"async\" src=\"http:\/\/atecordoba.org\/wp-content\/uploads\/2020\/05\/VERDE-CDN_001-1.png\" alt=\"\" class=\"wp-image-11299\"\/><\/figure><\/div>\n\n\n\n<p>Por su parte, la lista Multicolor lleva como candidato a secretario General a Luciano Dominguez Pose y como Adjunta a la compa\u00f1era Mariela Itabel.<\/p>\n\n\n\n<div class=\"wp-block-image\"><figure class=\"aligncenter\"><img decoding=\"async\" src=\"http:\/\/atecordoba.org\/wp-content\/uploads\/2020\/05\/MULTICOLOR-CDN_000.png\" alt=\"\" class=\"wp-image-11300\"\/><\/figure><\/div>\n\n\n\n<div class=\"wp-block-image\"><figure class=\"aligncenter\"><img decoding=\"async\" src=\"http:\/\/atecordoba.org\/wp-content\/uploads\/2020\/05\/MULTICOLOR-CDN_001.png\" alt=\"\" class=\"wp-image-11301\"\/><figcaption><br><\/figcaption><\/figure><\/div>\n\n\n\n<p>A su vez, la Gris Roja lleva como candidata a secretaria General a la compa\u00f1era Marina Hidalgo Robles, en tanto Federico Lescano se la acompa\u00f1a como Adjunto. <\/p>\n\n\n\n<div class=\"wp-block-image\"><figure class=\"aligncenter\"><img decoding=\"async\" src=\"http:\/\/atecordoba.org\/wp-content\/uploads\/2020\/05\/GRIS-ROJA-CDN_000.png\" alt=\"\" class=\"wp-image-11302\"\/><\/figure><\/div>\n\n\n\n<div class=\"wp-block-image\"><figure class=\"aligncenter\"><img decoding=\"async\" src=\"http:\/\/atecordoba.org\/wp-content\/uploads\/2020\/05\/GRIS-ROJA-CDN_001.png\" alt=\"\" class=\"wp-image-11303\"\/><\/figure><\/div>\n\n\n\n<p>En tanto, la lista Verde P\u00farpura presenta a Pablo Micheli como candidato a secretario General y a Dora Mart\u00ednez como Adjunta.<\/p>\n\n\n\n<div class=\"wp-block-image\"><figure class=\"aligncenter\"><img decoding=\"async\" src=\"http:\/\/atecordoba.org\/wp-content\/uploads\/2020\/05\/VERDE-PURPURA-CDN_000.png\" alt=\"\" class=\"wp-image-11304\"\/><\/figure><\/div>\n\n\n\n<div class=\"wp-block-image\"><figure class=\"aligncenter\"><img decoding=\"async\" src=\"http:\/\/atecordoba.org\/wp-content\/uploads\/2020\/05\/VERDE-PURPURA-CDN_001.png\" alt=\"\" class=\"wp-image-11305\"\/><\/figure><\/div>\n\n\n\n<p>Por \u00faltimo, la lista Verde y Blanca presenta para la Secretar\u00eda General a Daniela Catalano y a Carlos Quintriqueo como Adjunto. <\/p>\n\n\n\n<div class=\"wp-block-image\"><figure class=\"aligncenter\"><img decoding=\"async\" src=\"http:\/\/atecordoba.org\/wp-content\/uploads\/2020\/05\/VERDE-Y-BLANCA-CDN_000.png\" alt=\"\" class=\"wp-image-11306\"\/><\/figure><\/div>\n\n\n\n<div class=\"wp-block-image\"><figure class=\"aligncenter\"><img decoding=\"async\" src=\"http:\/\/atecordoba.org\/wp-content\/uploads\/2020\/05\/VERDE-Y-BLANCA-CDN_001.png\" alt=\"\" class=\"wp-image-11307\"\/><\/figure><\/div>\n","protected":false},"excerpt":{"rendered":"<p>Hugo Cachorro Godoy va por la reelecci\u00f3n con la lista Verde de la agrupaci\u00f3n Anusate, junto a Rodolfo Aguiar como secretario Adjunto. Las listas Multicolor, Gris-Roja, Verde P\u00farpura y Verde Blanca completan la grilla. Alrededor de 290 mil afiliados en todo el pa\u00eds, y unos 5500 en C\u00f3rdoba, podr\u00e1n participar el pr\u00f3ximo mi\u00e9rcoles 7 de [&hellip;]<\/p>\n","protected":false},"author":1,"featured_media":19220,"comment_status":"open","ping_status":"open","sticky":false,"template":"","format":"standard","meta":{"_exactmetrics_skip_tracking":false,"_exactmetrics_sitenote_active":false,"_exactmetrics_sitenote_note":"","_exactmetrics_sitenote_category":0,"jnews-multi-image_gallery":[],"jnews_single_post":[],"jnews_primary_category":[],"jnews_social_meta":[],"jnews_review":[],"enable_review":"","type":"","name":"","summary":"","brand":"","sku":"","good":[],"bad":[],"score_override":"","override_value":"","rating":[],"price":[],"jnews_override_counter":[],"jnews_post_split":[],"footnotes":""},"categories":[151],"tags":[],"class_list":["post-11295","post","type-post","status-publish","format-standard","has-post-thumbnail","hentry","category-elecciones-2019"],"jetpack_featured_media_url":"https:\/\/atecordoba.org\/wp-content\/uploads\/2020\/05\/logo-nuevochico-e1561581322808.png","_links":{"self":[{"href":"https:\/\/atecordoba.org\/index.php?rest_route=\/wp\/v2\/posts\/11295","targetHints":{"allow":["GET"]}}],"collection":[{"href":"https:\/\/atecordoba.org\/index.php?rest_route=\/wp\/v2\/posts"}],"about":[{"href":"https:\/\/atecordoba.org\/index.php?rest_route=\/wp\/v2\/types\/post"}],"author":[{"embeddable":true,"href":"https:\/\/atecordoba.org\/index.php?rest_route=\/wp\/v2\/users\/1"}],"replies":[{"embeddable":true,"href":"https:\/\/atecordoba.org\/index.php?rest_route=%2Fwp%2Fv2%2Fcomments&post=11295"}],"version-history":[{"count":1,"href":"https:\/\/atecordoba.org\/index.php?rest_route=\/wp\/v2\/posts\/11295\/revisions"}],"predecessor-version":[{"id":19272,"href":"https:\/\/atecordoba.org\/index.php?rest_route=\/wp\/v2\/posts\/11295\/revisions\/19272"}],"wp:featuredmedia":[{"embeddable":true,"href":"https:\/\/atecordoba.org\/index.php?rest_route=\/wp\/v2\/media\/19220"}],"wp:attachment":[{"href":"https:\/\/atecordoba.org\/index.php?rest_route=%2Fwp%2Fv2%2Fmedia&parent=11295"}],"wp:term":[{"taxonomy":"category","embeddable":true,"href":"https:\/\/atecordoba.org\/index.php?rest_route=%2Fwp%2Fv2%2Fcategories&post=11295"},{"taxonomy":"post_tag","embeddable":true,"href":"https:\/\/atecordoba.org\/index.php?rest_route=%2Fwp%2Fv2%2Ftags&post=11295"}],"curies":[{"name":"wp","href":"https:\/\/api.w.org\/{rel}","templated":true}]}}