{"id":11290,"date":"2019-08-02T11:48:54","date_gmt":"2019-08-02T14:48:54","guid":{"rendered":"https:\/\/www.atecordoba.org\/?p=11290"},"modified":"2020-05-05T09:22:59","modified_gmt":"2020-05-05T12:22:59","slug":"se-conformo-en-ate-la-comision-de-relevamiento-y-reincorporacion-de-despedidos","status":"publish","type":"post","link":"https:\/\/atecordoba.org\/?p=11290","title":{"rendered":"Se conform\u00f3 en ATE la Comisi\u00f3n de Relevamiento y Reincorporaci\u00f3n de despedidos"},"content":{"rendered":"\n<p> <em>Est\u00e1 integrada por dirigentes y despedidos, y se propone comprometer a los funcionarios del pr\u00f3ximo Gobierno a reinstalar a todos los cesanteados. <\/em><\/p>\n\n\n\n<figure class=\"wp-block-image\"><img decoding=\"async\" src=\"http:\/\/atecordoba.org\/wp-content\/uploads\/2020\/05\/d0c764eaed35eccb1fcfeae881921a95_m.jpg\" alt=\"\" class=\"wp-image-11291\"\/><\/figure>\n\n\n\n<p>En el Anfiteatro Eva Per\u00f3n de ATE se realiz\u00f3 un encuentro que dejo conformada a la Comisi\u00f3n de Relevamiento y Reincorporaci\u00f3n de los trabajadores y trabajadoras estatales despedidos en la era Macri (CORREDMA). &nbsp;<\/p>\n\n\n\n<p>Desde fines de 2015, m\u00e1s de 35 mil trabajadores estatales perdieron su trabajo en el marco del ajuste y la Tercer Reforma del Estado. ATE se puso al frente de la lucha en defensa de cada puesto de trabajo y, a la vez, denunci\u00f3 el vaciamiento de \u00e1reas estrat\u00e9gicas como la producci\u00f3n nacional, la ciencia, la energ\u00eda, la salud, la educaci\u00f3n, la seguridad social, entre otras.<\/p>\n\n\n\n<p>En la antesala de un nuevo proceso electoral, la CORREDMA es un instrumento para continuar esa pelea y recuperar a lxs trabajadores injustamente despedidos y luchar por un Estado al servicio del pueblo.<\/p>\n\n\n\n<p>La Comisi\u00f3n est\u00e1 encabezada por dirigentes de ATE Nacional como Mario Mu\u00f1oz, Silvia Le\u00f3n y Francisco Dolman, de provincia de Buenos Aires, como C\u00e9sar Bali\u00f1a; as\u00ed como por trabajadoras y trabajadores despedidxs. El principal objetivo ser\u00e1 comprometer a lxs candidatxs a ocupar cargos p\u00fablicos tras las elecciones de octubre, a reinstalar a todxs lxs estatales despedidxs en caso de ser electos.<\/p>\n\n\n\n<p>Para ello, en el primer encuentro, se plante\u00f3 un plan de trabajo que incluye crear una base de datos para el registro de lxs compa\u00f1erxs estatales despedidos. Adem\u00e1s, se fij\u00f3 una nueva reuni\u00f3n para la segunda mitad de agosto, en la que se organizar\u00e1n acciones unificadas para tener &nbsp;presencia en todas las provincias y cada territorio.<\/p>\n\n\n\n<p>Hugo \u201cCachorro\u201d Godoy, Secretario General de ATE, expres\u00f3 que la reincorporaci\u00f3n es el \u201cprincipal objetivo\u201d de cara al nuevo per\u00edodo pol\u00edtico, junto con la \u201crecuperaci\u00f3n de sectores estrat\u00e9gicos y programas que atienden las necesidades de sectores populares vaciados o destruidos\u201d, y la \u201canulaci\u00f3n del convenio colectivo trucho que firm\u00f3 Macri con UPCN para perpetuar a 2500 funcionarios jer\u00e1rquicos, darles estabilidad laboral y privilegios salariales\u201d.<\/p>\n\n\n\n<div class=\"wp-block-image\"><figure class=\"alignright is-resized\"><img loading=\"lazy\" decoding=\"async\" src=\"http:\/\/atecordoba.org\/wp-content\/uploads\/2020\/05\/15458_11658.jpg\" alt=\"\" class=\"wp-image-11293\" width=\"342\" height=\"246\"\/><figcaption>El secretario General de ATE, Hugo Godoy<\/figcaption><\/figure><\/div>\n\n\n\n<p>\u201cAsumo plenamente esta idea de que cuando reincorporamos a un trabajador o trabajadora, tambi\u00e9n reincorporamos a un militante de nuestra causa que es la de construir un Estado democr\u00e1tico y popular\u201d, resalt\u00f3.<\/p>\n\n\n\n<p>Por su parte, Silvia Le\u00f3n, Secretaria de Organizaci\u00f3n, manifest\u00f3: \u201cLa pelea por la reincorporaci\u00f3n de lxs despedidxs y la defensa de un Estado popular es y va a seguir siendo nuestra pelea. La fue durante estos cuatro a\u00f1os y la fue hist\u00f3ricamente en nuestra organizaci\u00f3n, en la dictadura tambi\u00e9n conformamos una comisi\u00f3n de despedidos. El menemismo fue un per\u00edodo muy duro. Y en este tiempo, tambi\u00e9n vivimos la destrucci\u00f3n del Estado Nacional y la persecuci\u00f3n gremial\u201d. \u201cEstamos orgullos de haber peleado pero no logramos reincorporar a su puesto de trabajo a cada uno de nuestros compa\u00f1eros y compa\u00f1era, y ese es nuestro compromiso\u201d, cerr\u00f3.&nbsp;<\/p>\n\n\n\n<p>A su turno, Mario Mu\u00f1oz, Secretario Gremial del CDN indic\u00f3: \u201cLos despedidos eran activistas, que hab\u00edan participado en las listas, eran la voz cantante en las asambleas. Por eso decimos que apuntaron a los compa\u00f1eros activistas, no solo de ATE sino de todas aquellas organizaciones dispuestas a luchar\u201d. Y agreg\u00f3: \u201cVamos a presentar proyectos en Diputados y Senadores, y tambi\u00e9n, vamos a elaborar un documento detallando la situaci\u00f3n en cada sector del Estado, para que todos los candidatos sepan que para nosotros no es solo una cuesti\u00f3n de reincorporaci\u00f3n de trabajadores sino de poner en pie \u00e1reas que cerraron\u201d.<\/p>\n\n\n\n<p>Francisco Doman, vocal del CDN asegur\u00f3: \u201cVamos a explicarles a los pr\u00f3ximos funcionarios que detr\u00e1s de cada despido se perdi\u00f3 un derecho\u201d. Y a\u00f1adi\u00f3: \u201cDe los 300 despidos que hubo en INTI, 200 eran afiliadxs a ATE. Lo mismo pas\u00f3 en Biblioteca Nacional y en el Posadas. No solo fueron despidos porque eran vagos, como dicen ellos, sino que hubo persecuci\u00f3n ideol\u00f3gica\u201d.<\/p>\n\n\n\n<p>Finalmente, C\u00e9sar Bali\u00f1a, Secretario progremial de ATE bonaerense record\u00f3: \u201cCuando comenzaron los despidos en los organismos nacionales, ATE no se fij\u00f3 &nbsp;en qu\u00e9 agrupaci\u00f3n estaba cada compa\u00f1ero o de qu\u00e9 color era. Autom\u00e1ticamente se puso al frente para organizar la resistencia\u201d. Y concluy\u00f3: \u201cSi estamos ac\u00e1 es por eso, porque hubo pelea y convicci\u00f3n. Esta es una acci\u00f3n m\u00e1s por la reincorporaci\u00f3n de cada uno de lxs despedidxs\u201d.<\/p>\n\n\n\n<p>Del encuentro participaron, asimismo, Orestes Galeano, titular del ISSTATE; H\u00e9ctor Carrica, Director de Derechos Humanos de ATE; Mercedes Cabezas, secretaria de Comunicaci\u00f3n de ATE Provincia de Buenos Aires; Dabel Robl\u00edn, secretario general de ATE Magdalena-Punta Indio; y Vanina Zurita, titular de ATE Azul.<\/p>\n\n\n\n<p>Participaron trabajadorxs estatales despedidxs de distintos organismos nacionales y sectores de los distintos niveles del Estado, entre estos, de Fanazul, del Ministerio de Agroindustria, de la Biblioteca Nacional, del INTI.<\/p>\n","protected":false},"excerpt":{"rendered":"<p>Est\u00e1 integrada por dirigentes y despedidos, y se propone comprometer a los funcionarios del pr\u00f3ximo Gobierno a reinstalar a todos los cesanteados. En el Anfiteatro Eva Per\u00f3n de ATE se realiz\u00f3 un encuentro que dejo conformada a la Comisi\u00f3n de Relevamiento y Reincorporaci\u00f3n de los trabajadores y trabajadoras estatales despedidos en la era Macri (CORREDMA). [&hellip;]<\/p>\n","protected":false},"author":1,"featured_media":19220,"comment_status":"open","ping_status":"open","sticky":false,"template":"","format":"standard","meta":{"_exactmetrics_skip_tracking":false,"_exactmetrics_sitenote_active":false,"_exactmetrics_sitenote_note":"","_exactmetrics_sitenote_category":0,"jnews-multi-image_gallery":[],"jnews_single_post":[],"jnews_primary_category":[],"jnews_social_meta":[],"jnews_review":[],"enable_review":"","type":"","name":"","summary":"","brand":"","sku":"","good":[],"bad":[],"score_override":"","override_value":"","rating":[],"price":[],"jnews_override_counter":[],"jnews_post_split":[],"footnotes":""},"categories":[10,152],"tags":[],"class_list":["post-11290","post","type-post","status-publish","format-standard","has-post-thumbnail","hentry","category-accion-politica","category-despedidos"],"jetpack_featured_media_url":"https:\/\/atecordoba.org\/wp-content\/uploads\/2020\/05\/logo-nuevochico-e1561581322808.png","_links":{"self":[{"href":"https:\/\/atecordoba.org\/index.php?rest_route=\/wp\/v2\/posts\/11290","targetHints":{"allow":["GET"]}}],"collection":[{"href":"https:\/\/atecordoba.org\/index.php?rest_route=\/wp\/v2\/posts"}],"about":[{"href":"https:\/\/atecordoba.org\/index.php?rest_route=\/wp\/v2\/types\/post"}],"author":[{"embeddable":true,"href":"https:\/\/atecordoba.org\/index.php?rest_route=\/wp\/v2\/users\/1"}],"replies":[{"embeddable":true,"href":"https:\/\/atecordoba.org\/index.php?rest_route=%2Fwp%2Fv2%2Fcomments&post=11290"}],"version-history":[{"count":1,"href":"https:\/\/atecordoba.org\/index.php?rest_route=\/wp\/v2\/posts\/11290\/revisions"}],"predecessor-version":[{"id":19275,"href":"https:\/\/atecordoba.org\/index.php?rest_route=\/wp\/v2\/posts\/11290\/revisions\/19275"}],"wp:featuredmedia":[{"embeddable":true,"href":"https:\/\/atecordoba.org\/index.php?rest_route=\/wp\/v2\/media\/19220"}],"wp:attachment":[{"href":"https:\/\/atecordoba.org\/index.php?rest_route=%2Fwp%2Fv2%2Fmedia&parent=11290"}],"wp:term":[{"taxonomy":"category","embeddable":true,"href":"https:\/\/atecordoba.org\/index.php?rest_route=%2Fwp%2Fv2%2Fcategories&post=11290"},{"taxonomy":"post_tag","embeddable":true,"href":"https:\/\/atecordoba.org\/index.php?rest_route=%2Fwp%2Fv2%2Ftags&post=11290"}],"curies":[{"name":"wp","href":"https:\/\/api.w.org\/{rel}","templated":true}]}}