{"id":11270,"date":"2019-07-30T13:02:53","date_gmt":"2019-07-30T16:02:53","guid":{"rendered":"https:\/\/www.atecordoba.org\/?p=11270"},"modified":"2019-07-30T13:02:53","modified_gmt":"2019-07-30T16:02:53","slug":"estan-oficializadas-las-listas-para-la-renovacion-de-conduccion-de-las-seccionales-de-la-provincia","status":"publish","type":"post","link":"https:\/\/atecordoba.org\/?p=11270","title":{"rendered":"Est\u00e1n oficializadas las listas para la renovaci\u00f3n de conducci\u00f3n de las seccionales de la provincia"},"content":{"rendered":"\n<p><em>Este a\u00f1o se sumaron dos seccionales, Cruz del Eje en el norte provincial y Adelia Mar\u00eda en el sur, a Villa Mar\u00eda, R\u00edo Cuarto y R\u00edo Tercero que renovar\u00e1n sus conducciones. <\/em><\/p>\n\n\n\n<figure class=\"wp-block-image\"><img decoding=\"async\" src=\"https:\/\/www.atecordoba.org\/wp-content\/uploads\/2019\/07\/seccionales.jpg\" alt=\"\" class=\"wp-image-11279\"\/><figcaption>Seccionales<\/figcaption><\/figure>\n\n\n\n<p>De norte a sur, en la novel seccional Cruz del Eje se presenta la lista Verde Celeste, encabezada por el compa\u00f1ero Mario Allende, trabajador de INTI-Cruz del Eje.<\/p>\n\n\n\n<p>A su vez, en la seccional R\u00edo Tercero  se presenta la lista Verde Violeta, llevando como candidato a secretario General a Damian Albornoz, trabajador de la F\u00e1brica Militar.<\/p>\n\n\n\n<p>En la seccional Villa Mar\u00eda, quien renovar\u00e1 mandato es el compa\u00f1ero Fernando Mercado, de la F\u00e1brica Militar, como candidato a secretario General de la lista Verde Celeste.<\/p>\n\n\n\n<p>Por su parte, la seccional R\u00edo Cuarto contar\u00e1 con la lista Verde Violeta para revalidar la conducci\u00f3n, encabezada por la compa\u00f1era Rafaela Alcoba.<\/p>\n\n\n\n<p>Por \u00faltimo, en la nueva seccional Adelia Mar\u00eda se presenta la lista Verde Violeta, con el compa\u00f1ero municipal Diego Villegas.<\/p>\n\n\n\n<p>Vale se\u00f1alar que las listas Verde Naranja, Verde Blanca y Multicolor, que se presentan para competir por el Consejo Directivo Provincial, no disponen de candidatos para ninguna de las seccionales.<\/p>\n\n\n\n<p><strong>Lista Verde Celeste &#8211; Cruz del Eje<\/strong><\/p>\n\n\n\n<div class=\"wp-block-image\"><figure class=\"aligncenter is-resized\"><img loading=\"lazy\" decoding=\"async\" src=\"https:\/\/www.atecordoba.org\/wp-content\/uploads\/2019\/07\/verde-celeste-cruz-del-eje_000.png\" alt=\"\" class=\"wp-image-11274\" width=\"567\" height=\"866\"\/><\/figure><\/div>\n\n\n\n<p><strong>Lista Verde Violeta &#8211; R\u00edo Tercero<\/strong><\/p>\n\n\n\n<div class=\"wp-block-image\"><figure class=\"aligncenter is-resized\"><img loading=\"lazy\" decoding=\"async\" src=\"https:\/\/www.atecordoba.org\/wp-content\/uploads\/2019\/07\/rio-tercero-albornoz_000.png\" alt=\"\" class=\"wp-image-11275\" width=\"549\" height=\"839\"\/><\/figure><\/div>\n\n\n\n<p><strong>Lista Verde Celeste &#8211; Villa Mar\u00eda<\/strong><\/p>\n\n\n\n<div class=\"wp-block-image\"><figure class=\"aligncenter is-resized\"><img loading=\"lazy\" decoding=\"async\" src=\"https:\/\/www.atecordoba.org\/wp-content\/uploads\/2019\/07\/verde-celeste-villa-maria_000.png\" alt=\"\" class=\"wp-image-11276\" width=\"586\" height=\"895\"\/><\/figure><\/div>\n\n\n\n<p><strong>Lista Verde Violeta &#8211; R\u00edo Cuarto<\/strong><\/p>\n\n\n\n<div class=\"wp-block-image\"><figure class=\"aligncenter is-resized\"><img loading=\"lazy\" decoding=\"async\" src=\"https:\/\/www.atecordoba.org\/wp-content\/uploads\/2019\/07\/rio-iv-alcoba_000.png\" alt=\"\" class=\"wp-image-11277\" width=\"583\" height=\"890\"\/><\/figure><\/div>\n\n\n\n<p><strong>Lista Verde Violeta &#8211; Adelia Mar\u00eda<\/strong><\/p>\n\n\n\n<figure class=\"wp-block-image is-resized\"><img loading=\"lazy\" decoding=\"async\" src=\"https:\/\/www.atecordoba.org\/wp-content\/uploads\/2019\/07\/adelia-maria-secc-villegas_000.png\" alt=\"\" class=\"wp-image-11278\" width=\"566\" height=\"865\"\/><\/figure>\n","protected":false},"excerpt":{"rendered":"<p>Este a\u00f1o se sumaron dos seccionales, Cruz del Eje en el norte provincial y Adelia Mar\u00eda en el sur, a Villa Mar\u00eda, R\u00edo Cuarto y R\u00edo Tercero que renovar\u00e1n sus conducciones. De norte a sur, en la novel seccional Cruz del Eje se presenta la lista Verde Celeste, encabezada por el compa\u00f1ero Mario Allende, trabajador [&hellip;]<\/p>\n","protected":false},"author":1,"featured_media":19220,"comment_status":"open","ping_status":"open","sticky":false,"template":"","format":"standard","meta":{"_exactmetrics_skip_tracking":false,"_exactmetrics_sitenote_active":false,"_exactmetrics_sitenote_note":"","_exactmetrics_sitenote_category":0,"jnews-multi-image_gallery":[],"jnews_single_post":[],"jnews_primary_category":[],"jnews_social_meta":[],"jnews_review":[],"enable_review":"","type":"","name":"","summary":"","brand":"","sku":"","good":[],"bad":[],"score_override":"","override_value":"","rating":[],"price":[],"jnews_override_counter":[],"jnews_post_split":[],"footnotes":""},"categories":[151],"tags":[],"class_list":["post-11270","post","type-post","status-publish","format-standard","has-post-thumbnail","hentry","category-elecciones-2019"],"jetpack_featured_media_url":"https:\/\/atecordoba.org\/wp-content\/uploads\/2020\/05\/logo-nuevochico-e1561581322808.png","_links":{"self":[{"href":"https:\/\/atecordoba.org\/index.php?rest_route=\/wp\/v2\/posts\/11270","targetHints":{"allow":["GET"]}}],"collection":[{"href":"https:\/\/atecordoba.org\/index.php?rest_route=\/wp\/v2\/posts"}],"about":[{"href":"https:\/\/atecordoba.org\/index.php?rest_route=\/wp\/v2\/types\/post"}],"author":[{"embeddable":true,"href":"https:\/\/atecordoba.org\/index.php?rest_route=\/wp\/v2\/users\/1"}],"replies":[{"embeddable":true,"href":"https:\/\/atecordoba.org\/index.php?rest_route=%2Fwp%2Fv2%2Fcomments&post=11270"}],"version-history":[{"count":0,"href":"https:\/\/atecordoba.org\/index.php?rest_route=\/wp\/v2\/posts\/11270\/revisions"}],"wp:featuredmedia":[{"embeddable":true,"href":"https:\/\/atecordoba.org\/index.php?rest_route=\/wp\/v2\/media\/19220"}],"wp:attachment":[{"href":"https:\/\/atecordoba.org\/index.php?rest_route=%2Fwp%2Fv2%2Fmedia&parent=11270"}],"wp:term":[{"taxonomy":"category","embeddable":true,"href":"https:\/\/atecordoba.org\/index.php?rest_route=%2Fwp%2Fv2%2Fcategories&post=11270"},{"taxonomy":"post_tag","embeddable":true,"href":"https:\/\/atecordoba.org\/index.php?rest_route=%2Fwp%2Fv2%2Ftags&post=11270"}],"curies":[{"name":"wp","href":"https:\/\/api.w.org\/{rel}","templated":true}]}}