{"id":11246,"date":"2019-07-30T11:26:37","date_gmt":"2019-07-30T14:26:37","guid":{"rendered":"https:\/\/www.atecordoba.org\/?p=11246"},"modified":"2019-07-30T11:26:37","modified_gmt":"2019-07-30T14:26:37","slug":"se-oficializaron-las-listas-de-candidatos-para-el-centro-de-jubilados-de-ate-en-la-provincia-y-las-seccionales","status":"publish","type":"post","link":"https:\/\/atecordoba.org\/?p=11246","title":{"rendered":"Se oficializaron las listas de candidatos para el centro de jubilados de ATE en la provincia y las seccionales"},"content":{"rendered":"\n<p><em>La Junta Electoral oficiliz\u00f3 las listas que el pr\u00f3ximo 7 de agosto  competir\u00e1n por la conducci\u00f3n del Centro de Jubilados de la provincia y las respectivas seccionales.<\/em><\/p>\n\n\n\n<figure class=\"wp-block-image\"><img decoding=\"async\" src=\"https:\/\/www.atecordoba.org\/wp-content\/uploads\/2019\/07\/bandera-centro-jubilados.png\" alt=\"\" class=\"wp-image-11247\"\/><\/figure>\n\n\n\n<p>A nivel provincial son dos las listas que se presentan para las elecciones de renovaci\u00f3n de autoridades del Centro de Jubilados: la lista Verde Celeste, encabezada por Carmen Neder que busca la renovaci\u00f3n de mandato, y la lista Verde Violeta, que lleva a Alfredo Figueroa como candidato a presidente.<\/p>\n\n\n\n<div class=\"wp-block-image\"><figure class=\"aligncenter\"><img decoding=\"async\" src=\"https:\/\/www.atecordoba.org\/wp-content\/uploads\/2019\/07\/verde-celeste-jub.-cdp-cordoba_000.png\" alt=\"\" class=\"wp-image-11249\"\/><figcaption>Lista Verde Celeste para el centro de jubilados provincial<br><\/figcaption><\/figure><\/div>\n\n\n\n<div class=\"wp-block-image\"><figure class=\"aligncenter\"><img decoding=\"async\" src=\"https:\/\/www.atecordoba.org\/wp-content\/uploads\/2019\/07\/verde-violeta-de-jub-cordoba_000.png\" alt=\"\" class=\"wp-image-11263\"\/><figcaption>Lista Verde Violeta para el centro de jubilados provincial<\/figcaption><\/figure><\/div>\n\n\n\n<p><strong>Seccionales <\/strong><\/p>\n\n\n\n<p>En la seccional Villa Mar\u00eda se presentar\u00e1 solo la lista Verde Celeste, con Alfredo Ponce como candidato a presidente.<\/p>\n\n\n\n<div class=\"wp-block-image\"><figure class=\"aligncenter\"><img decoding=\"async\" src=\"https:\/\/www.atecordoba.org\/wp-content\/uploads\/2019\/07\/verde-celeste-jub-villa-maria_000.png\" alt=\"\" class=\"wp-image-11250\"\/><figcaption>Lista Verde Celeste en Villa Mar\u00eda<\/figcaption><\/figure><\/div>\n\n\n\n<p>En tanto en R\u00edo Tercero, son ser\u00e1n las listas. La verde Celeste tiene como candidata a la compa\u00f1era Mar\u00eda Pascuala Aguirre; por su parte, la lista Verde Violeta lleva como candidato al compa\u00f1ero H\u00e9rctor Quiroga. <\/p>\n\n\n\n<div class=\"wp-block-image\"><figure class=\"aligncenter\"><img decoding=\"async\" src=\"https:\/\/www.atecordoba.org\/wp-content\/uploads\/2019\/07\/verde-celeste-jub.-rio-tercero_000.png\" alt=\"\" class=\"wp-image-11251\"\/><figcaption>Lista Verde Celeste para el Centro de Jubilados de R\u00edo Tercero<\/figcaption><\/figure><\/div>\n\n\n\n<p>A su vez, la seccional R\u00edo Cuarto estrena centro de jubilados con su apertura a partir de este mandato. All\u00ed la lista Verde Violeta competir\u00e1 en soledad por la conducci\u00f3n, encabezada por la compa\u00f1era Liliana Arias.<\/p>\n\n\n\n<div class=\"wp-block-image\"><figure class=\"aligncenter\"><img decoding=\"async\" src=\"https:\/\/www.atecordoba.org\/wp-content\/uploads\/2019\/07\/rio-Iv-jub-arias_000.png\" alt=\"\" class=\"wp-image-11264\"\/><figcaption>Lista \u00fanica para el Centro de Jubilados de R\u00edo Cuarto<\/figcaption><\/figure><\/div>\n\n\n\n<p>Por su parte, la nueva seccional Cruz del Eje tambi\u00e9n presenta su Centro de Jubilados. Se trata de los compa\u00f1eros de Punilla, centro de jubilados que hasta las elecciones anteriores revistaba dentro del \u00e1rea de acci\u00f3n del Consejo Directivo Provincial. A partir del pr\u00f3ximo mandato el organismo se incorpora al \u00e1mbito de actuaci\u00f3n que tendr\u00e1 sede en la ciudad cabecera del norte provincial. La \u00fanica lista participante es la Verde Celeste, que conduce el compa\u00f1ero H\u00e9ctor Paroli.<\/p>\n\n\n\n<div class=\"wp-block-image\"><figure class=\"aligncenter\"><img decoding=\"async\" src=\"https:\/\/www.atecordoba.org\/wp-content\/uploads\/2019\/07\/verde-celeste-jub.cruz-del-eje_000.png\" alt=\"\" class=\"wp-image-11252\"\/><figcaption>Lista Verde Celeste en Cruz del Eje<\/figcaption><\/figure><\/div>\n\n\n\n<p>Por \u00faltimo, la delegaci\u00f3n San Francisco renovar\u00e1 su centro de jubilados con la conducci\u00f3n que propone la lista Verde Celeste, encabezada por la compa\u00f1era Norma Navarro.  <\/p>\n\n\n\n<div class=\"wp-block-image\"><figure class=\"aligncenter\"><img decoding=\"async\" src=\"https:\/\/www.atecordoba.org\/wp-content\/uploads\/2019\/07\/verde-celeste-jub.-san-francisco_000.png\" alt=\"\" class=\"wp-image-11253\"\/><figcaption>La Verde Celeste en San Francisco<\/figcaption><\/figure><\/div>\n","protected":false},"excerpt":{"rendered":"<p>La Junta Electoral oficiliz\u00f3 las listas que el pr\u00f3ximo 7 de agosto competir\u00e1n por la conducci\u00f3n del Centro de Jubilados de la provincia y las respectivas seccionales. A nivel provincial son dos las listas que se presentan para las elecciones de renovaci\u00f3n de autoridades del Centro de Jubilados: la lista Verde Celeste, encabezada por Carmen [&hellip;]<\/p>\n","protected":false},"author":1,"featured_media":19220,"comment_status":"open","ping_status":"open","sticky":false,"template":"","format":"standard","meta":{"_exactmetrics_skip_tracking":false,"_exactmetrics_sitenote_active":false,"_exactmetrics_sitenote_note":"","_exactmetrics_sitenote_category":0,"jnews-multi-image_gallery":[],"jnews_single_post":[],"jnews_primary_category":[],"jnews_social_meta":[],"jnews_review":[],"enable_review":"","type":"","name":"","summary":"","brand":"","sku":"","good":[],"bad":[],"score_override":"","override_value":"","rating":[],"price":[],"jnews_override_counter":[],"jnews_post_split":[],"footnotes":""},"categories":[1],"tags":[],"class_list":["post-11246","post","type-post","status-publish","format-standard","has-post-thumbnail","hentry","category-sin-categoria"],"jetpack_featured_media_url":"https:\/\/atecordoba.org\/wp-content\/uploads\/2020\/05\/logo-nuevochico-e1561581322808.png","_links":{"self":[{"href":"https:\/\/atecordoba.org\/index.php?rest_route=\/wp\/v2\/posts\/11246","targetHints":{"allow":["GET"]}}],"collection":[{"href":"https:\/\/atecordoba.org\/index.php?rest_route=\/wp\/v2\/posts"}],"about":[{"href":"https:\/\/atecordoba.org\/index.php?rest_route=\/wp\/v2\/types\/post"}],"author":[{"embeddable":true,"href":"https:\/\/atecordoba.org\/index.php?rest_route=\/wp\/v2\/users\/1"}],"replies":[{"embeddable":true,"href":"https:\/\/atecordoba.org\/index.php?rest_route=%2Fwp%2Fv2%2Fcomments&post=11246"}],"version-history":[{"count":0,"href":"https:\/\/atecordoba.org\/index.php?rest_route=\/wp\/v2\/posts\/11246\/revisions"}],"wp:featuredmedia":[{"embeddable":true,"href":"https:\/\/atecordoba.org\/index.php?rest_route=\/wp\/v2\/media\/19220"}],"wp:attachment":[{"href":"https:\/\/atecordoba.org\/index.php?rest_route=%2Fwp%2Fv2%2Fmedia&parent=11246"}],"wp:term":[{"taxonomy":"category","embeddable":true,"href":"https:\/\/atecordoba.org\/index.php?rest_route=%2Fwp%2Fv2%2Fcategories&post=11246"},{"taxonomy":"post_tag","embeddable":true,"href":"https:\/\/atecordoba.org\/index.php?rest_route=%2Fwp%2Fv2%2Ftags&post=11246"}],"curies":[{"name":"wp","href":"https:\/\/api.w.org\/{rel}","templated":true}]}}