{"id":11242,"date":"2019-07-22T14:05:45","date_gmt":"2019-07-22T17:05:45","guid":{"rendered":"https:\/\/www.atecordoba.org\/?p=11242"},"modified":"2020-06-09T15:45:21","modified_gmt":"2020-06-09T18:45:21","slug":"pesar-por-el-fallecimiento-de-un-trabajador-en-la-saf","status":"publish","type":"post","link":"https:\/\/atecordoba.org\/?p=11242","title":{"rendered":"Pesar por el fallecimiento de un trabajador en la SAF"},"content":{"rendered":"\n<p>El compa\u00f1ero Osvaldo Arano muri\u00f3 el viernes pasado en la oficina del organismo en C\u00f3rdoba Capital sin que lo atienda a tiempo un servicio de emergencia por carecer de cobertura de ART. Otro caso extremo de precarizaci\u00f3n laboral que muestra la pol\u00edtica del gobierno nacional con los trabajadores.<\/p>\n\n\n\n<div class=\"wp-block-image\"><figure class=\"aligncenter is-resized\"><img loading=\"lazy\" decoding=\"async\" src=\"http:\/\/atecordoba.org\/wp-content\/uploads\/2020\/06\/WhatsApp-Image-2019-07-22-at-10.58.01-576x1024.jpg\" alt=\"\" class=\"wp-image-11243\" width=\"345\" height=\"613\"\/><\/figure><\/div>\n\n\n\n<p>El CDP\nquiere expresar su pesar por el fallecimiento del compa\u00f1ero Osvaldo Arano,\ntrabajador administrativo de la Subsecretar\u00eda de Agricultura Familiar de la\nNaci\u00f3n, que muri\u00f3 el pasado viernes 19 de julio, cuando se encontraba en su\nlugar de trabajo, en horas de la ma\u00f1ana.<\/p>\n\n\n\n<p>Sus\ncompa\u00f1eros lo recuerdan como un trabajador que siempre estuvo dispuesto a dar\nuna mano, que puso todo lo que estaba a su alcance para aportar a las\nsoluciones, generoso, considerado, gran compa\u00f1ero, siempre con una sonrisa, con\nbuen trato, atento a escuchar y a colaborar.<\/p>\n\n\n\n<p>&#8220;Luchamos\njuntos, y cuando nos despidieron a muchos, estuvo firme a nuestro lado, tanto\nen la dur\u00edsima situaci\u00f3n de estar en la angustia de quedar sin trabajo, como en\nla certeza de perderlo cuando nos sucedi\u00f3. Historias que duelen, aunque le pase\nal compa\u00f1ero. Queremos acercar abrazos grandes a su familia, a sus afectos, de\nparte nuestra, sus compa\u00f1eros de trabajo. Queremos compartirles el afecto que\nnos inspira Osvaldo, los abrazamos en este momento tan triste y dif\u00edcil&#8221;,\nlo record\u00f3 la delegada de ATE del sector Ariatna Arrigoni.&nbsp;<\/p>\n\n\n\n<p>Arano muri\u00f3\nsin que recibiera la atenci\u00f3n m\u00e9dica necesaria debido a que, a pesar de tener\n11 a\u00f1os de antig\u00fcedad como trabajador, sufr\u00eda la peor de las precarizaciones\nque viven los estatales durante este gobierno de Mauricio Macri. A consecuencia\nde esta situaci\u00f3n contractual no gozaba de ART que pudiera proveer un servicio\nde emergencia en el lugar de trabajo.<\/p>\n\n\n\n<p>En consecuencia, al sufrir el viernes pasado un ataque cardiaco no pudo recibir la atenci\u00f3n m\u00e9dica a tiempo que le hubiera salvado la vida.<\/p>\n\n\n\n<p><strong>Falta de\natenci\u00f3n m\u00e9dica<\/strong><\/p>\n\n\n\n<p>En primer\nt\u00e9rmino, al verlo sufrir un ataque cardiaco, sus compa\u00f1eros llamaron al\nservicio municipal 107 que se neg\u00f3 a concurrir al lugar aduciendo que solo\natiende casos que se producen en la v\u00eda p\u00fablica; posteriormente llamaron al\nservicio de emergencia privado de otro compa\u00f1ero, rog\u00e1ndole que se acercara a\natender a Osvaldo pero la empresa se neg\u00f3 por no ser afiliado.<\/p>\n\n\n\n<p>Finalmente,\nllamaron a la polic\u00eda, que a su vez se comunic\u00f3 con el servicio 107, que\nfinalmente se aperson\u00f3 en la oficina de la SAF, ubicada frente a la Plaza de\nlas Am\u00e9ricas, en avenida Ambrosio Olmos 1142.&nbsp;<\/p>\n\n\n\n<p>Pero\nlamentablemente los m\u00e9dicos llegaron media hora despu\u00e9s y no lograron revivir al\ncompa\u00f1ero. Los intentos de reanimaci\u00f3n fueron infructuosos.<\/p>\n\n\n\n<p>La\nseguidilla de hechos da cuenta de la situaci\u00f3n que atraviesan miles de\nestatales como resultado de las pol\u00edticas de precarizaci\u00f3n y explotaci\u00f3n\nlaboral vigentes bajo el mandato de la actual administraci\u00f3n nacional.&nbsp;<\/p>\n\n\n\n<p><strong>Precarizaci\u00f3n<\/strong><\/p>\n\n\n\n<p>Arano se\ndesempe\u00f1aba bajo la figura de contrato 1109 -ex ArgenINTA- desde enero\npasado.&nbsp;<\/p>\n\n\n\n<p>Se trata del\npeor r\u00e9gimen de trabajo en el Estado que es el de locaci\u00f3n de servicios, un\nmodelo de contrato que prev\u00e9 el mayor r\u00e9gimen de desprotecci\u00f3n vigente, en\ntanto los trabajadores no gozan de seguro, ni ART, ni aguinaldo ni vacaciones\npagas. &#8220;No tienen absolutamente ning\u00fan derecho laboral. Se entiende que\nquien est\u00e1 encuadrado bajo este tipo de contratos es un profesional que factura\nsu servicio sin relaci\u00f3n de dependencia&#8221;, describi\u00f3 la abogada de ATE,\nMar\u00eda Terragno.<\/p>\n\n\n\n<p>&#8220;Significa\n-agreg\u00f3 la letrada- que no tendr\u00eda jefe ni horario ni cumplir \u00f3rdenes. Pero con\n11 a\u00f1os de antig\u00fcedad es&nbsp; evidente que al compa\u00f1ero no le\ncorrespond\u00eda&#8221;, sigui\u00f3.<\/p>\n\n\n\n<p>&#8220;El\ncontrato 1109 es el emblema del fraude laboral en Argentina y m\u00e1s grave a\u00fan que\nlo aplique el Estado, que deber\u00eda velar por el cumplimiento de la legislaci\u00f3n\nlaboral y protectoria con los trabajadores&#8221;, se\u00f1al\u00f3 Terragno.<\/p>\n\n\n\n<p><\/p>\n","protected":false},"excerpt":{"rendered":"<p>El compa\u00f1ero Osvaldo Arano muri\u00f3 el viernes pasado en la oficina del organismo en C\u00f3rdoba Capital sin que lo atienda a tiempo un servicio de emergencia por carecer de cobertura de ART. Otro caso extremo de precarizaci\u00f3n laboral que muestra la pol\u00edtica del gobierno nacional con los trabajadores. El CDP quiere expresar su pesar por [&hellip;]<\/p>\n","protected":false},"author":1,"featured_media":19220,"comment_status":"open","ping_status":"open","sticky":false,"template":"","format":"standard","meta":{"_exactmetrics_skip_tracking":false,"_exactmetrics_sitenote_active":false,"_exactmetrics_sitenote_note":"","_exactmetrics_sitenote_category":0,"jnews-multi-image_gallery":[],"jnews_single_post":[],"jnews_primary_category":[],"jnews_social_meta":[],"jnews_review":[],"enable_review":"","type":"","name":"","summary":"","brand":"","sku":"","good":[],"bad":[],"score_override":"","override_value":"","rating":[],"price":[],"jnews_override_counter":[],"jnews_post_split":[],"footnotes":""},"categories":[18,16],"tags":[157,349,161],"class_list":["post-11242","post","type-post","status-publish","format-standard","has-post-thumbnail","hentry","category-nacionales","category-saf","tag-agricultura","tag-agricultura-familiar","tag-saf"],"jetpack_featured_media_url":"https:\/\/atecordoba.org\/wp-content\/uploads\/2020\/05\/logo-nuevochico-e1561581322808.png","_links":{"self":[{"href":"https:\/\/atecordoba.org\/index.php?rest_route=\/wp\/v2\/posts\/11242","targetHints":{"allow":["GET"]}}],"collection":[{"href":"https:\/\/atecordoba.org\/index.php?rest_route=\/wp\/v2\/posts"}],"about":[{"href":"https:\/\/atecordoba.org\/index.php?rest_route=\/wp\/v2\/types\/post"}],"author":[{"embeddable":true,"href":"https:\/\/atecordoba.org\/index.php?rest_route=\/wp\/v2\/users\/1"}],"replies":[{"embeddable":true,"href":"https:\/\/atecordoba.org\/index.php?rest_route=%2Fwp%2Fv2%2Fcomments&post=11242"}],"version-history":[{"count":1,"href":"https:\/\/atecordoba.org\/index.php?rest_route=\/wp\/v2\/posts\/11242\/revisions"}],"predecessor-version":[{"id":20067,"href":"https:\/\/atecordoba.org\/index.php?rest_route=\/wp\/v2\/posts\/11242\/revisions\/20067"}],"wp:featuredmedia":[{"embeddable":true,"href":"https:\/\/atecordoba.org\/index.php?rest_route=\/wp\/v2\/media\/19220"}],"wp:attachment":[{"href":"https:\/\/atecordoba.org\/index.php?rest_route=%2Fwp%2Fv2%2Fmedia&parent=11242"}],"wp:term":[{"taxonomy":"category","embeddable":true,"href":"https:\/\/atecordoba.org\/index.php?rest_route=%2Fwp%2Fv2%2Fcategories&post=11242"},{"taxonomy":"post_tag","embeddable":true,"href":"https:\/\/atecordoba.org\/index.php?rest_route=%2Fwp%2Fv2%2Ftags&post=11242"}],"curies":[{"name":"wp","href":"https:\/\/api.w.org\/{rel}","templated":true}]}}