{"id":11238,"date":"2019-07-12T11:32:55","date_gmt":"2019-07-12T14:32:55","guid":{"rendered":"https:\/\/www.atecordoba.org\/?p=11238"},"modified":"2019-07-12T11:32:55","modified_gmt":"2019-07-12T14:32:55","slug":"dictamen-de-comision-en-diputados-para-reincorporar-despedidos-en-ffmm","status":"publish","type":"post","link":"https:\/\/atecordoba.org\/?p=11238","title":{"rendered":"Dictamen de Comisi\u00f3n en Diputados para reincorporar despedidos en FFMM"},"content":{"rendered":"\n<p><em>ATE fue incluida para participar de la Mesa de Trabajo que tendr\u00e1 a su cargo elaborar y presentar al PE un programa de recuperaci\u00f3n econ\u00f3mica<\/em>. <em>Estuvieron presentes compa\u00f1eros de Villa Mar\u00eda y Fray Luis Beltr\u00e1n.<\/em> <\/p>\n\n\n\n<figure class=\"wp-block-image\"><img decoding=\"async\" src=\"https:\/\/www.atecordoba.org\/wp-content\/uploads\/2019\/07\/secondino-estevez.jpg\" alt=\"\" class=\"wp-image-11239\"\/><figcaption>Dirigentes de ATE junto a la diputada nacional Gabriela Estevez<\/figcaption><\/figure>\n\n\n\n<p>Las comisiones de Legislaci\u00f3n del Trabajo y de Presupuesto y Hacienda de la C\u00e1mara de Diputados de la Naci\u00f3n emitieron ayer un dictamen a favor de alcance de la Ley de Emergencia Laboral aprobada por el Senado, que dispone la reincorporaci\u00f3n inmediata de todos los trabajadores cesanteados de la Direcci\u00f3n General de Fabricaciones Militares (FFMM), entre diciembre de 2017 y agosto de 2018.<\/p>\n\n\n\n<p>Entre las disposiciones  de la resoluci\u00f3n se incluye\u00a0la participaci\u00f3n de ATE en la Mesa de Trabajo que tendr\u00e1 a su cargo elaborar y presentar al Poder Ejecutivo un programa de recuperaci\u00f3n econ\u00f3mica de las F\u00e1bricas Militares pertenecientes al complejo industrial de la Defensa Nacional.<\/p>\n\n\n\n<p>En la oportunidad  estuvo prensente el compa\u00f1ero Walter Secondino, de la Seccional ATE Villa Mar\u00eda, el Movimiento de Mujeres en defensa de FFMM y delegados de F\u00e1brica Militar de Fray Luis Beltr\u00e1n, junto al dirigente del CDN Orestes Galeano.\u00a0 <\/p>\n\n\n\n<p>El dictamen general emitido por las comisiones sostiene lo siguiente:<\/p>\n\n\n\n<p>1- Disponer la reincorporaci\u00f3n inmediata de todos los trabajadores cesanteados de la Direcci\u00f3n General de Fabricaciones Militares dependientes del Ministerio de Defensa de la Naci\u00f3n, entre los meses de diciembre del a\u00f1o 2017 y agosto del a\u00f1o 2018.<\/p>\n\n\n\n<p>2-Suspender toda medida adoptada por parte del Ministerio de Defensa que implique la suspensi\u00f3n y o cesant\u00eda de trabajadores dependientes de la Direcci\u00f3n General de Fabricaciones Militares, motivada en razones presupuestarias y\/o adoptadas en el marco del compromiso firmado con el Fondo Monetario Internacional, por el plazo de trescientos sesenta (360) d\u00edas.<\/p>\n\n\n\n<figure class=\"wp-block-image\"><img decoding=\"async\" src=\"https:\/\/www.atecordoba.org\/wp-content\/uploads\/2019\/07\/comision-dictamen.jpg\" alt=\"\" class=\"wp-image-11240\"\/><figcaption>Sala donde funcion\u00f3 la Comisi\u00f3n   de Legislaci\u00f3n del Trabajo y de Presupuesto y Hacienda de la C\u00e1mara de Diputados de la Naci\u00f3n.<\/figcaption><\/figure>\n\n\n\n<p>3- Conf\u00f3rmese una mesa de trabajo constituida por representantes de las Comisiones de Defensa Nacional; de Infraestructura; Vivienda y Transporte; de Industria y Comercio y &nbsp;de Trabajo y Previsi\u00f3n Social del H. Senado y de las Comisiones de Defensa Nacional; de Industria; de Obras Publicas y de Legislaci\u00f3n del Trabajo de la H. C\u00e1mara de Diputados de la Naci\u00f3n, del Ministerio de Defensa, del Ministerio de Hacienda y de la Asociaci\u00f3n de Trabajadores del Estado (ATE) por un plazo de trescientos sesenta (360) d\u00edas que tendr\u00e1 a su cargo elaborar y presentar al Poder Ejecutivo un programa de recuperaci\u00f3n econ\u00f3mica de las F\u00e1bricas Militares pertenecientes al complejo industrial de la Defensa Nacional.<\/p>\n\n\n\n<p>Tras esta decisi\u00f3n legislativa, que tiene origen en los proyectos de los\u00a0diputados Juan Brugge, \u00a0Mart\u00edn Llaryora, y de la diputada Gabriela Est\u00e9vez, Galeano explic\u00f3 que \u201cevidentemente estos proyectos demuestran que la mayor\u00eda de los dirigentes pol\u00edticos argentinos toman conciencia de la necesidad de que existan producci\u00f3n para la defensa\u201d.<\/p>\n\n\n\n<p>El dirigente nacional destac\u00f3 la modificaci\u00f3n al proyecto que permite incluir dentro del marco de protecci\u00f3n laboral a todos los despedidos que hubo en el \u00e1mbito, incluyendo ahora no s\u00f3lo a\u00a0los despedidos de las plantas de Villa Mar\u00eda, R\u00edo Tercero y Fray Luis Beltr\u00e1n, sino tambi\u00e9n a compa\u00f1eros de las f\u00e1bricas militares de Azul, San Jos\u00e9 de J\u00e1chal y de la sede central del organismo en la CABA.<\/p>\n\n\n\n<p>En tanto dijo que en este nuevo impulso por frenar los despidos \u201cnos resulta de suma&nbsp;importancia que en la creaci\u00f3n de la Comisi\u00f3n que postula la reactivaci\u00f3n de la producci\u00f3n no s\u00f3lo incluya a senadores y diputados sino tambi\u00e9n a la ATE\u201d.<\/p>\n\n\n\n<p><\/p>\n","protected":false},"excerpt":{"rendered":"<p>ATE fue incluida para participar de la Mesa de Trabajo que tendr\u00e1 a su cargo elaborar y presentar al PE un programa de recuperaci\u00f3n econ\u00f3mica. Estuvieron presentes compa\u00f1eros de Villa Mar\u00eda y Fray Luis Beltr\u00e1n. Las comisiones de Legislaci\u00f3n del Trabajo y de Presupuesto y Hacienda de la C\u00e1mara de Diputados de la Naci\u00f3n emitieron [&hellip;]<\/p>\n","protected":false},"author":1,"featured_media":19220,"comment_status":"open","ping_status":"open","sticky":false,"template":"","format":"standard","meta":{"_exactmetrics_skip_tracking":false,"_exactmetrics_sitenote_active":false,"_exactmetrics_sitenote_note":"","_exactmetrics_sitenote_category":0,"jnews-multi-image_gallery":[],"jnews_single_post":[],"jnews_primary_category":[],"jnews_social_meta":[],"jnews_review":[],"enable_review":"","type":"","name":"","summary":"","brand":"","sku":"","good":[],"bad":[],"score_override":"","override_value":"","rating":[],"price":[],"jnews_override_counter":[],"jnews_post_split":[],"footnotes":""},"categories":[1],"tags":[],"class_list":["post-11238","post","type-post","status-publish","format-standard","has-post-thumbnail","hentry","category-sin-categoria"],"jetpack_featured_media_url":"https:\/\/atecordoba.org\/wp-content\/uploads\/2020\/05\/logo-nuevochico-e1561581322808.png","_links":{"self":[{"href":"https:\/\/atecordoba.org\/index.php?rest_route=\/wp\/v2\/posts\/11238","targetHints":{"allow":["GET"]}}],"collection":[{"href":"https:\/\/atecordoba.org\/index.php?rest_route=\/wp\/v2\/posts"}],"about":[{"href":"https:\/\/atecordoba.org\/index.php?rest_route=\/wp\/v2\/types\/post"}],"author":[{"embeddable":true,"href":"https:\/\/atecordoba.org\/index.php?rest_route=\/wp\/v2\/users\/1"}],"replies":[{"embeddable":true,"href":"https:\/\/atecordoba.org\/index.php?rest_route=%2Fwp%2Fv2%2Fcomments&post=11238"}],"version-history":[{"count":0,"href":"https:\/\/atecordoba.org\/index.php?rest_route=\/wp\/v2\/posts\/11238\/revisions"}],"wp:featuredmedia":[{"embeddable":true,"href":"https:\/\/atecordoba.org\/index.php?rest_route=\/wp\/v2\/media\/19220"}],"wp:attachment":[{"href":"https:\/\/atecordoba.org\/index.php?rest_route=%2Fwp%2Fv2%2Fmedia&parent=11238"}],"wp:term":[{"taxonomy":"category","embeddable":true,"href":"https:\/\/atecordoba.org\/index.php?rest_route=%2Fwp%2Fv2%2Fcategories&post=11238"},{"taxonomy":"post_tag","embeddable":true,"href":"https:\/\/atecordoba.org\/index.php?rest_route=%2Fwp%2Fv2%2Ftags&post=11238"}],"curies":[{"name":"wp","href":"https:\/\/api.w.org\/{rel}","templated":true}]}}