{"id":11230,"date":"2019-06-26T17:37:49","date_gmt":"2019-06-26T20:37:49","guid":{"rendered":"https:\/\/www.atecordoba.org\/?p=11230"},"modified":"2019-06-26T17:37:49","modified_gmt":"2019-06-26T20:37:49","slug":"feliz-dia-para-todos-los-trabajadores-estatales","status":"publish","type":"post","link":"https:\/\/atecordoba.org\/?p=11230","title":{"rendered":"Feliz d\u00eda para todos los trabajadores estatales"},"content":{"rendered":"\n<p><em>Con motivo de celebrarse ma\u00f1ana 27 de junio el \u2018D\u00eda del Trabajador del Estado\u2019 ATE C\u00f3rdoba saluda a todos nuestros afiliados y a los compa\u00f1eros en general de cada sector del Estado, recordando que se trata de una jornada de asueto que cada trabajador tiene derecho a disfrutar. <\/em><\/p>\n\n\n\n<ul class=\"wp-block-gallery columns-1 is-cropped wp-block-gallery-1 is-layout-flex wp-block-gallery-is-layout-flex\"><li class=\"blocks-gallery-item\"><figure><img decoding=\"async\" src=\"https:\/\/www.atecordoba.org\/wp-content\/uploads\/2019\/03\/logo-nuevochico-e1561581322808.png\" alt=\"\" data-id=\"10996\" data-link=\"https:\/\/www.atecordoba.org\/archivos\/10995\/logo-nuevochico-3\" class=\"wp-image-10996\"\/><\/figure><\/li><\/ul>\n\n\n\n<p>Vale recordar que se conmemora la fecha por el d\u00eda que la Organizaci\u00f3n\nInternacional del Trabajo (OIT) adopt\u00f3 el convenio 151 y la recomendaci\u00f3n 159 vinculados\na la negociaci\u00f3n colectiva y la relaciones de trabajo en el Estado, en 1978. <\/p>\n\n\n\n<p>En Argentina fue gracias al dirigente de ATE V\u00edctor De\nGennaro que se sancion\u00f3 la ley nacional que dicta asueto en esta jornada.<\/p>\n\n\n\n<p>En momentos duros como los que atravesamos en la actualidad\ndesde ATE creemos importante resaltar el orgullo de ser trabajador estatal, m\u00e1s\nall\u00e1 del gobierno de turno. La celebraci\u00f3n de ma\u00f1ana tiene alcance y\njurisdicci\u00f3n nacional, tanto sea para la administraci\u00f3n central como los\norganismos descentralizados. Ante situaciones donde la patronal se niegue a\nreconocer esta jornada de festejo y descanso, con asueto, ATE har\u00e1 valer la\nley, que no puede ser desconocida.<\/p>\n\n\n\n<p>Es fundamental destacar en esta celebraci\u00f3n que los\ntrabajadores estatales tenemos derecho a organizarnos libremente en nuestros\nsindicatos y el derecho a que nuestras condiciones de trabajo, salarios,\ningresos, disciplina, carrera, higiene y seguridad. Y que nada de ello sea el\nresultado del capricho de ning\u00fan bur\u00f3crata o pol\u00edtico de turno, sino sea el\nacuerdo paritario expresado en nuestros convenios colectivos de trabajo.<\/p>\n\n\n\n<p>Cada 27 de junio ser\u00e1 un d\u00eda festivo, de conmemoraci\u00f3n, porque tenemos que\nfestejar los pasos que hemos dado, nuestras conquistas, nuestras luchas, los retrocesos\nque implican las pol\u00edticas contrarias a los intereses de nuestro Pueblo. Por nuestros\nm\u00e1rtires, por nuestros compa\u00f1eros, por la clase trabajadora, ma\u00f1ana celebremos\nnuestro d\u00eda. &nbsp;<\/p>\n\n\n\n<p style=\"text-align:right\">Liliana Salerno<\/p>\n\n\n\n<p style=\"text-align:right\">Secretaria General<\/p>\n","protected":false},"excerpt":{"rendered":"<p>Con motivo de celebrarse ma\u00f1ana 27 de junio el \u2018D\u00eda del Trabajador del Estado\u2019 ATE C\u00f3rdoba saluda a todos nuestros afiliados y a los compa\u00f1eros en general de cada sector del Estado, recordando que se trata de una jornada de asueto que cada trabajador tiene derecho a disfrutar. Vale recordar que se conmemora la fecha [&hellip;]<\/p>\n","protected":false},"author":1,"featured_media":19220,"comment_status":"open","ping_status":"open","sticky":false,"template":"","format":"standard","meta":{"_exactmetrics_skip_tracking":false,"_exactmetrics_sitenote_active":false,"_exactmetrics_sitenote_note":"","_exactmetrics_sitenote_category":0,"jnews-multi-image_gallery":[],"jnews_single_post":[],"jnews_primary_category":[],"jnews_social_meta":[],"jnews_review":[],"enable_review":"","type":"","name":"","summary":"","brand":"","sku":"","good":[],"bad":[],"score_override":"","override_value":"","rating":[],"price":[],"jnews_override_counter":[],"jnews_post_split":[],"footnotes":""},"categories":[1],"tags":[],"class_list":["post-11230","post","type-post","status-publish","format-standard","has-post-thumbnail","hentry","category-sin-categoria"],"jetpack_featured_media_url":"https:\/\/atecordoba.org\/wp-content\/uploads\/2020\/05\/logo-nuevochico-e1561581322808.png","_links":{"self":[{"href":"https:\/\/atecordoba.org\/index.php?rest_route=\/wp\/v2\/posts\/11230","targetHints":{"allow":["GET"]}}],"collection":[{"href":"https:\/\/atecordoba.org\/index.php?rest_route=\/wp\/v2\/posts"}],"about":[{"href":"https:\/\/atecordoba.org\/index.php?rest_route=\/wp\/v2\/types\/post"}],"author":[{"embeddable":true,"href":"https:\/\/atecordoba.org\/index.php?rest_route=\/wp\/v2\/users\/1"}],"replies":[{"embeddable":true,"href":"https:\/\/atecordoba.org\/index.php?rest_route=%2Fwp%2Fv2%2Fcomments&post=11230"}],"version-history":[{"count":0,"href":"https:\/\/atecordoba.org\/index.php?rest_route=\/wp\/v2\/posts\/11230\/revisions"}],"wp:featuredmedia":[{"embeddable":true,"href":"https:\/\/atecordoba.org\/index.php?rest_route=\/wp\/v2\/media\/19220"}],"wp:attachment":[{"href":"https:\/\/atecordoba.org\/index.php?rest_route=%2Fwp%2Fv2%2Fmedia&parent=11230"}],"wp:term":[{"taxonomy":"category","embeddable":true,"href":"https:\/\/atecordoba.org\/index.php?rest_route=%2Fwp%2Fv2%2Fcategories&post=11230"},{"taxonomy":"post_tag","embeddable":true,"href":"https:\/\/atecordoba.org\/index.php?rest_route=%2Fwp%2Fv2%2Ftags&post=11230"}],"curies":[{"name":"wp","href":"https:\/\/api.w.org\/{rel}","templated":true}]}}