{"id":11225,"date":"2019-06-21T12:54:24","date_gmt":"2019-06-21T15:54:24","guid":{"rendered":"https:\/\/www.atecordoba.org\/?p=11225"},"modified":"2019-06-21T12:54:24","modified_gmt":"2019-06-21T15:54:24","slug":"fabricaciones-militares-plenario-refuerza-el-plan-de-lucha-contra-el-vaciamiento","status":"publish","type":"post","link":"https:\/\/atecordoba.org\/?p=11225","title":{"rendered":"Fabricaciones Militares: plenario refuerza el plan de lucha contra el vaciamiento"},"content":{"rendered":"\n<p><em>Trabajadores del organismo realizaron un encuentro en Rosario donde participaron representantes de Villa Mar\u00eda, R\u00edo Tercero, Fray Luis Beltran y Sede Central.<\/em><\/p>\n\n\n\n<figure class=\"wp-block-image\"><img decoding=\"async\" src=\"https:\/\/www.atecordoba.org\/wp-content\/uploads\/2019\/06\/plenario-ffmm-19-6-rosario.jpg\" alt=\"\" class=\"wp-image-11226\"\/><\/figure>\n\n\n<p>Trabajadores de las F\u00e1bricas Militares de Fray Luis Beltr\u00e1n, Villa Mar\u00eda,<br>R\u00edo Tercero y Sede Central se reunieron en ATE Rosario en el marco de un<br>plenario nacional con la finalidad de seguir ratificando el plan de lucha<br>contra el vaciamiento del organismo. Participaron tambi\u00e9n integrantes del CDN de ATE y la Comisi\u00f3n Administrativa local. El 17 de julio habr\u00e1 un nuevo encuentro en la ciudad de Buenos Aires.<\/p>\n<p><!-- \/wp:post-content --><!-- wp:paragraph --><\/p>\n<p>\u201cEl encuentro era algo que nos hac\u00eda falta, principalmente para hacer un<br>an\u00e1lisis de la situaci\u00f3n de cada f\u00e1brica. Nos vamos conformes por el trabajo<br>que tenemos que hacer, siempre con el objetivo puesto en defender la fuente de trabajo. Vamos por la incorporaci\u00f3n de nuestros compa\u00f1eros que fueron despedidos producto de una persecuci\u00f3n ideol\u00f3gica y gremial\u201d, explic\u00f3 el referente de Villa Mar\u00eda, Walter Fabi\u00e1n Secondino.<\/p>\n<p><!-- \/wp:paragraph --><!-- wp:paragraph --><\/p>\n<p>En el mismo sentido el Secretario General de la junta interna de Fray Luis<br>Beltr\u00e1n, Pablo Torres, y el representante de Sede Central, Juan Arag\u00f3n,<br>resaltaron la importancia de adoptar medidas de acci\u00f3n \u201cfrente a la<br>incertidumbre que genera el decreto 104, el cual cambiar\u00eda el marco jur\u00eddico de Fabricaciones\u201d y enlazarlas con el plan de lucha por la reincorporaci\u00f3n de todos los despedidos en Fabricaciones Militares.<\/p>\n<p><!-- \/wp:paragraph --><!-- wp:paragraph --><\/p>\n<p>Daniel Albornoz, de F\u00e1brica Militar de R\u00edo Tercero, agreg\u00f3 sobre esto la<br>importancia de imponer una agenda, un plan de lucha, que no solamente permita reinstalar a los compa\u00f1eros despedidos sino tambi\u00e9n mantener las unidades productivas en funcionamiento. \u201cCelebramos esta instancia y ratificamos nuevamente que los trabajadores de Fabricaciones Militares estamos en lucha y vamos a defender cada uno de los puestos de trabajo para garantizar cada una de las plantas productivas\u201d, expres\u00f3.<\/p>\n<p><!-- \/wp:paragraph --><!-- wp:paragraph --><\/p>\n<p>A su vez, el integrante del CDN de ATE, Orestes \u201cBeto Galeano\u201d &#8211; quien<br>particip\u00f3 tambi\u00e9n del plenario junto al Secretario General de ATE Rosario, Ra\u00fal Daz, y el Pro Secretario de Finanzas de la seccional, Alberto Labudia &#8211;<br>cuestion\u00f3 el perfil \u201cde un gobierno nacional que regala su explotaci\u00f3n de<br>recursos naturales y le pide perd\u00f3n al Rey de Espa\u00f1a por haber declarado la<br>independencia\u201d, razonamientos con los cuales \u201cno necesitar\u00eda un sistema de defensa nacional\u201d.<\/p>\n<p><!-- \/wp:paragraph --><!-- wp:paragraph --><\/p>\n<p>\u201cPero nosotros pensamos distinto, creemos que nuestros recursos naturales<br>tienen que servir para el desarrollo de los argentinos, por lo tanto tenemos<br>que cuidarlos y hacer una explotaci\u00f3n razonable de ellos. En ese marco<br>necesit\u00e1s un sistema de defensa nacional y es ah\u00ed donde Fabricaciones Militares tiene un papel imprescindible\u201d, analiz\u00f3.<\/p>\n<p><!-- \/wp:paragraph --><!-- wp:paragraph --><\/p>\n<p>En tal sentido, el plenario dise\u00f1\u00f3 una estrategia en dos sentidos paralelos:<br>por un lado insistir en la v\u00eda del Poder Ejecutivo para dejar claro el rechazo<br>de ATE al momento que vive el organismo y presentar el plan alternativo de<br>recuperaci\u00f3n productiva de las f\u00e1bricas junto a los reclamos de \u00edndole gremial, solicitando una audiencia con el ministro de Defensa, Oscar Aguad; por otro lado, profundizar con senadores y diputados opositores al gobierno macrista los contactos para que el Congreso rechazo el decreto mencionado que modifica la raz\u00f3n jur\u00eddica de Fabricaciones militares.<\/p>\n<p><!-- \/wp:paragraph --><!-- wp:paragraph --><\/p>\n<p>&#8220;Tambi\u00e9n conformaremos una unidad negociadora con los diferentes<br>paritarios de ATE para elevar una propuesta para el convenio colectivo<br>sectorial&#8221;, dijo Secondino.<\/p>\n<p><!-- \/wp:paragraph --><!-- wp:paragraph --><\/p>\n<p>El dirigente finaliz\u00f3 asegurando que ATE va a invitar a los diferentes<br>candidatos a que visiten las f\u00e1bricas y se expresen sobre la realidad del<br>sector, comprometi\u00e9ndolos a construir un proyecto para relanzar el papel de las f\u00e1bricas en el entramado productivo nacional.<\/p>\n<p><!-- \/wp:paragraph --><!-- wp:paragraph --><\/p>\n<p>En la oportunidad, tambi\u00e9n estuvo presente el secretario General de la<br>seccional R\u00edo Tercero, Cristian Colman.<\/p>\n<p><!-- \/wp:paragraph --><!--EndFragment--><\/p>\n<p>&nbsp;<\/p>\n\n<!-- wp:paragraph -->\n<p><\/p>\n<!-- \/wp:paragraph -->","protected":false},"excerpt":{"rendered":"<p>Trabajadores del organismo realizaron un encuentro en Rosario donde participaron representantes de Villa Mar\u00eda, R\u00edo Tercero, Fray Luis Beltran y Sede Central. Trabajadores de las F\u00e1bricas Militares de Fray Luis Beltr\u00e1n, Villa Mar\u00eda,R\u00edo Tercero y Sede Central se reunieron en ATE Rosario en el marco de unplenario nacional con la finalidad de seguir ratificando el [&hellip;]<\/p>\n","protected":false},"author":1,"featured_media":19220,"comment_status":"open","ping_status":"open","sticky":false,"template":"","format":"standard","meta":{"_exactmetrics_skip_tracking":false,"_exactmetrics_sitenote_active":false,"_exactmetrics_sitenote_note":"","_exactmetrics_sitenote_category":0,"jnews-multi-image_gallery":[],"jnews_single_post":[],"jnews_primary_category":[],"jnews_social_meta":[],"jnews_review":[],"enable_review":"","type":"","name":"","summary":"","brand":"","sku":"","good":[],"bad":[],"score_override":"","override_value":"","rating":[],"price":[],"jnews_override_counter":[],"jnews_post_split":[],"footnotes":""},"categories":[1],"tags":[],"class_list":["post-11225","post","type-post","status-publish","format-standard","has-post-thumbnail","hentry","category-sin-categoria"],"jetpack_featured_media_url":"https:\/\/atecordoba.org\/wp-content\/uploads\/2020\/05\/logo-nuevochico-e1561581322808.png","_links":{"self":[{"href":"https:\/\/atecordoba.org\/index.php?rest_route=\/wp\/v2\/posts\/11225","targetHints":{"allow":["GET"]}}],"collection":[{"href":"https:\/\/atecordoba.org\/index.php?rest_route=\/wp\/v2\/posts"}],"about":[{"href":"https:\/\/atecordoba.org\/index.php?rest_route=\/wp\/v2\/types\/post"}],"author":[{"embeddable":true,"href":"https:\/\/atecordoba.org\/index.php?rest_route=\/wp\/v2\/users\/1"}],"replies":[{"embeddable":true,"href":"https:\/\/atecordoba.org\/index.php?rest_route=%2Fwp%2Fv2%2Fcomments&post=11225"}],"version-history":[{"count":0,"href":"https:\/\/atecordoba.org\/index.php?rest_route=\/wp\/v2\/posts\/11225\/revisions"}],"wp:featuredmedia":[{"embeddable":true,"href":"https:\/\/atecordoba.org\/index.php?rest_route=\/wp\/v2\/media\/19220"}],"wp:attachment":[{"href":"https:\/\/atecordoba.org\/index.php?rest_route=%2Fwp%2Fv2%2Fmedia&parent=11225"}],"wp:term":[{"taxonomy":"category","embeddable":true,"href":"https:\/\/atecordoba.org\/index.php?rest_route=%2Fwp%2Fv2%2Fcategories&post=11225"},{"taxonomy":"post_tag","embeddable":true,"href":"https:\/\/atecordoba.org\/index.php?rest_route=%2Fwp%2Fv2%2Ftags&post=11225"}],"curies":[{"name":"wp","href":"https:\/\/api.w.org\/{rel}","templated":true}]}}