{"id":11219,"date":"2019-06-19T15:36:09","date_gmt":"2019-06-19T18:36:09","guid":{"rendered":"https:\/\/www.atecordoba.org\/?p=11219"},"modified":"2019-06-19T15:36:09","modified_gmt":"2019-06-19T18:36:09","slug":"anses-abrazo-solidario-a-la-udai-alta-gracia","status":"publish","type":"post","link":"https:\/\/atecordoba.org\/?p=11219","title":{"rendered":"Anses: abrazo solidario a la Udai Alta Gracia"},"content":{"rendered":"<p><em>Ante la amenaza del cierre del Servicio de C\u00f3mputos en la dependencia, ATE y otras organizaciones gremiales sectoriales llevaron a cabo ayer una medida de protesta.<\/em><\/p>\n<p><!-- \/wp:post-content --><!--EndFragment--><\/p>\n\n<!-- wp:image {\"id\":11221} -->\n<figure class=\"wp-block-image\"><img decoding=\"async\" src=\"https:\/\/www.atecordoba.org\/wp-content\/uploads\/2019\/06\/WhatsApp-Image-2019-06-19-at-10.52.31-1-1024x768.jpeg\" alt=\"\" class=\"wp-image-11221\"\/><\/figure>\n<!-- \/wp:image -->\n\n<p>La actividad cont\u00f3 con el apoyo y la participaci\u00f3n de centros de jubilados y<br>organizaciones sociales de la ciudad de Alta Gracia, donde los compa\u00f1eros de ATE recibieron el apoyo de activistas de nuestro gremio arribados desde C\u00f3rdoba Capital.<\/p>\n<p><!-- \/wp:paragraph --><!-- wp:paragraph --><\/p>\n<p>&#8220;Estamos peleando por el manteamiento del servicio de c\u00f3mputos, que la<br>patronal quiere trasladar a la Udai de Villa Carlos Paz, y en defensa del<br>sistema previsional en general, acosado, ajustado y rematado en su Fondo de Garant\u00eda de Sustentabilidad por la pol\u00edtica de econ\u00f3mica de bicicleta financiera del gobierno de Macri&#8221;, resumi\u00f3 Eugenia Palacio, del Consejo Directivo Provincial y referente de Anses en C\u00f3rdoba.<\/p>\n<p><!-- \/wp:paragraph --><!-- wp:paragraph --><\/p>\n<p>Referido al cierre del servicio, Palacio se\u00f1al\u00f3 que &#8220;los compa\u00f1eros de<br>Alta Gracia est\u00e1n resistiendo y ATE C\u00f3rdoba viene a apoyar y sostener la lucha porque no solo se trata de resistir el ajuste en un organismo del Estado sino tambi\u00e9n de defender el derecho de la comunidad a contar con un sistema previsional digno&#8221;, finaliz\u00f3.<span style=\"mso-tab-count: 1;\">&nbsp; &nbsp; &nbsp; &nbsp; &nbsp; &nbsp; &nbsp; &nbsp; &nbsp; &nbsp; &nbsp; &nbsp; &nbsp; &nbsp; &nbsp; &nbsp; &nbsp; &nbsp; &nbsp; &nbsp; &nbsp;<\/span><\/p>\n<p><!-- \/wp:paragraph --><\/p>\n<p><!--EndFragment--><\/p>\n<p>&nbsp;<\/p>\n\n<!-- wp:image {\"id\":11222} -->\n<figure class=\"wp-block-image\"><img decoding=\"async\" src=\"https:\/\/www.atecordoba.org\/wp-content\/uploads\/2019\/06\/WhatsApp-Image-2019-06-19-at-10.52.32-768x1024.jpeg\" alt=\"\" class=\"wp-image-11222\"\/><\/figure>\n<!-- \/wp:image -->","protected":false},"excerpt":{"rendered":"<p>Ante la amenaza del cierre del Servicio de C\u00f3mputos en la dependencia, ATE y otras organizaciones gremiales sectoriales llevaron a cabo ayer una medida de protesta. La actividad cont\u00f3 con el apoyo y la participaci\u00f3n de centros de jubilados yorganizaciones sociales de la ciudad de Alta Gracia, donde los compa\u00f1eros de ATE recibieron el apoyo [&hellip;]<\/p>\n","protected":false},"author":1,"featured_media":19220,"comment_status":"open","ping_status":"open","sticky":false,"template":"","format":"standard","meta":{"_exactmetrics_skip_tracking":false,"_exactmetrics_sitenote_active":false,"_exactmetrics_sitenote_note":"","_exactmetrics_sitenote_category":0,"jnews-multi-image_gallery":[],"jnews_single_post":[],"jnews_primary_category":[],"jnews_social_meta":[],"jnews_review":[],"enable_review":"","type":"","name":"","summary":"","brand":"","sku":"","good":[],"bad":[],"score_override":"","override_value":"","rating":[],"price":[],"jnews_override_counter":[],"jnews_post_split":[],"footnotes":""},"categories":[1],"tags":[],"class_list":["post-11219","post","type-post","status-publish","format-standard","has-post-thumbnail","hentry","category-sin-categoria"],"jetpack_featured_media_url":"https:\/\/atecordoba.org\/wp-content\/uploads\/2020\/05\/logo-nuevochico-e1561581322808.png","_links":{"self":[{"href":"https:\/\/atecordoba.org\/index.php?rest_route=\/wp\/v2\/posts\/11219","targetHints":{"allow":["GET"]}}],"collection":[{"href":"https:\/\/atecordoba.org\/index.php?rest_route=\/wp\/v2\/posts"}],"about":[{"href":"https:\/\/atecordoba.org\/index.php?rest_route=\/wp\/v2\/types\/post"}],"author":[{"embeddable":true,"href":"https:\/\/atecordoba.org\/index.php?rest_route=\/wp\/v2\/users\/1"}],"replies":[{"embeddable":true,"href":"https:\/\/atecordoba.org\/index.php?rest_route=%2Fwp%2Fv2%2Fcomments&post=11219"}],"version-history":[{"count":0,"href":"https:\/\/atecordoba.org\/index.php?rest_route=\/wp\/v2\/posts\/11219\/revisions"}],"wp:featuredmedia":[{"embeddable":true,"href":"https:\/\/atecordoba.org\/index.php?rest_route=\/wp\/v2\/media\/19220"}],"wp:attachment":[{"href":"https:\/\/atecordoba.org\/index.php?rest_route=%2Fwp%2Fv2%2Fmedia&parent=11219"}],"wp:term":[{"taxonomy":"category","embeddable":true,"href":"https:\/\/atecordoba.org\/index.php?rest_route=%2Fwp%2Fv2%2Fcategories&post=11219"},{"taxonomy":"post_tag","embeddable":true,"href":"https:\/\/atecordoba.org\/index.php?rest_route=%2Fwp%2Fv2%2Ftags&post=11219"}],"curies":[{"name":"wp","href":"https:\/\/api.w.org\/{rel}","templated":true}]}}