{"id":11215,"date":"2019-06-19T11:56:08","date_gmt":"2019-06-19T14:56:08","guid":{"rendered":"https:\/\/www.atecordoba.org\/?p=11215"},"modified":"2019-06-19T11:56:08","modified_gmt":"2019-06-19T14:56:08","slug":"un-acuerdo-entre-macri-y-upcn-da-garantias-de-continuidad-a-funcionarios-macristas-y-quiebra-la-carrera-administrativa-en-el-estado","status":"publish","type":"post","link":"https:\/\/atecordoba.org\/?p=11215","title":{"rendered":"Un acuerdo entre Macri y UPCN da garant\u00edas de continuidad a funcionarios macristas y quiebra la carrera administrativa en el Estado"},"content":{"rendered":"\n<p><em>As\u00ed lo denunci\u00f3 ayer la conducci\u00f3n nacional de ATE. La medida busca establecerse a partir de una modificaci\u00f3n del Convenio Colectivo de Trabajo que rige para la Adminsitraci\u00f3n P\u00fablica Nacional, &nbsp;creando un escalaf\u00f3n de privilegio para funcionarios que quiebra la carrera administrativa.<\/em><br><\/p>\n\n\n\n<figure class=\"wp-block-image\"><img decoding=\"async\" src=\"https:\/\/www.atecordoba.org\/wp-content\/uploads\/2019\/06\/15197_11506.jpg\" alt=\"\" class=\"wp-image-11216\"\/><figcaption>La conducci\u00f3n nacional junto a compa\u00f1eros de provincia de Buenos Aires, durante la conferencia de prensa.<\/figcaption><\/figure>\n\n\n\n<p>Con la complicidad de UPCN el Gobierno Nacional firm\u00f3 el pasado 6 de junio una modificaci\u00f3n al Convenio Colectivo de Trabajo General de la Administraci\u00f3n P\u00fablica Nacional (214\/06), rechazada por ATE, que crea un escalaf\u00f3n de privilegio para funcionarios de Alta Direcci\u00f3n P\u00fablica (ADP) y modifica el Convenio Sectorial SINEP, quebrando la carrera administrativa sectorial de los trabajadores estatales de la Administraci\u00f3n P\u00fablica Nacional.<\/p>\n\n\n\n<p>El mismo Gobierno que lanz\u00f3 una fuerte campa\u00f1a de estigmatizaci\u00f3n p\u00fablica contra las y los estatales para legitimar en la opini\u00f3n p\u00fablica los despidos masivos y el desguace del Estado, a 6 meses de la finalizaci\u00f3n del mandato presidencial, crea un marco convenial a medida de sus cuadros pol\u00edtico-t\u00e9cnicos para blindarse en sus cargos, a los que en casi todos los casos accedieron \u201cpor excepci\u00f3n\u201d al no cumplir los requisitos m\u00ednimos exigidos por el SINEP.<\/p>\n\n\n\n<p>Esta medida beneficia exclusivamente a los altos mandos de direcci\u00f3n, carece de legitimidad pol\u00edtica y de gesti\u00f3n, y s\u00f3lo es posible con la complicidad de quienes, con su firma complaciente, vienen convalidando vergonzosas paritarias a la baja en las que los trabajadores estatales pierden derechos y resignan poder adquisitivo y condiciones laborales.<\/p>\n\n\n\n<figure class=\"wp-block-image\"><img decoding=\"async\" src=\"https:\/\/www.atecordoba.org\/wp-content\/uploads\/2019\/06\/2.jpg\" alt=\"\" class=\"wp-image-11217\"\/><figcaption>Hugo Cachorro Godoy, secretario General de ATE.<\/figcaption><\/figure>\n\n\n\n<p>En conferencia de prensa, el Secretario General de ATE Nacional, Hugo \u2018Cachorro\u2019 Godoy, manifest\u00f3 hoy: \u201cCon este nuevo convenio, todos los asesores y personal gerencial que nombr\u00f3 Macri con su gremio amigo a lo largo de estos tres a\u00f1os y medio \u2013en los que adem\u00e1s ech\u00f3 a 35 mil trabajadores- tendr\u00e1n un aumento de sueldo de 100 mil pesos cada uno. O sea que cada uno de estos gerentes va a cobrar cerca de 250 mil pesos dentro de este convenio exclusivo para ellos. La intenci\u00f3n es la de garantizar la continuidad de estas personas en el Estado y de condicionar y trabar al futuro Gobierno en el manejo y el funcionamiento cotidiano del Estado. Esta es la perla con la que Macri corona cuatro a\u00f1os de reforma del Estado en los que lo adapt\u00f3 a las necesidades de las empresas transnacionales amigas del Gobierno en detrimento de su funcionamiento al servicio de las mayor\u00edas populares\u201d.<\/p>\n\n\n\n<p>\u201cEs por eso que, el pr\u00f3ximo 26 de junio, y en v\u00edsperas del D\u00eda del Trabajador del Estado \u2013que se celebra todos los 27 de Junio- vamos a realizar una concentraci\u00f3n en la puerta del Congreso de la Naci\u00f3n y vamos a instalar una carpa desde la que vamos a convocar a legisladores para que no permitan que se concrete este Convenio Colectivo que va en contra de los intereses de los trabajadores. Adem\u00e1s vamos a realizar un Seminario de Pol\u00edticas P\u00fablicas convocando a otros sectores del campo popular, porque estamos convencidos de que se pueden pensar, desarrollar y aplicar pol\u00edticas p\u00fablicas que tengan que ver con la perspectiva de un Estado democr\u00e1tico y popular, a contramano de lo que sucede ahora: Una estructura del Estado al servicio del acuerdo con el Fondo Monetario Internacional\u201d, agreg\u00f3 Godoy.<\/p>\n","protected":false},"excerpt":{"rendered":"<p>As\u00ed lo denunci\u00f3 ayer la conducci\u00f3n nacional de ATE. La medida busca establecerse a partir de una modificaci\u00f3n del Convenio Colectivo de Trabajo que rige para la Adminsitraci\u00f3n P\u00fablica Nacional, &nbsp;creando un escalaf\u00f3n de privilegio para funcionarios que quiebra la carrera administrativa. Con la complicidad de UPCN el Gobierno Nacional firm\u00f3 el pasado 6 de [&hellip;]<\/p>\n","protected":false},"author":1,"featured_media":19220,"comment_status":"open","ping_status":"open","sticky":false,"template":"","format":"standard","meta":{"_exactmetrics_skip_tracking":false,"_exactmetrics_sitenote_active":false,"_exactmetrics_sitenote_note":"","_exactmetrics_sitenote_category":0,"jnews-multi-image_gallery":[],"jnews_single_post":[],"jnews_primary_category":[],"jnews_social_meta":[],"jnews_review":[],"enable_review":"","type":"","name":"","summary":"","brand":"","sku":"","good":[],"bad":[],"score_override":"","override_value":"","rating":[],"price":[],"jnews_override_counter":[],"jnews_post_split":[],"footnotes":""},"categories":[1],"tags":[],"class_list":["post-11215","post","type-post","status-publish","format-standard","has-post-thumbnail","hentry","category-sin-categoria"],"jetpack_featured_media_url":"https:\/\/atecordoba.org\/wp-content\/uploads\/2020\/05\/logo-nuevochico-e1561581322808.png","_links":{"self":[{"href":"https:\/\/atecordoba.org\/index.php?rest_route=\/wp\/v2\/posts\/11215","targetHints":{"allow":["GET"]}}],"collection":[{"href":"https:\/\/atecordoba.org\/index.php?rest_route=\/wp\/v2\/posts"}],"about":[{"href":"https:\/\/atecordoba.org\/index.php?rest_route=\/wp\/v2\/types\/post"}],"author":[{"embeddable":true,"href":"https:\/\/atecordoba.org\/index.php?rest_route=\/wp\/v2\/users\/1"}],"replies":[{"embeddable":true,"href":"https:\/\/atecordoba.org\/index.php?rest_route=%2Fwp%2Fv2%2Fcomments&post=11215"}],"version-history":[{"count":0,"href":"https:\/\/atecordoba.org\/index.php?rest_route=\/wp\/v2\/posts\/11215\/revisions"}],"wp:featuredmedia":[{"embeddable":true,"href":"https:\/\/atecordoba.org\/index.php?rest_route=\/wp\/v2\/media\/19220"}],"wp:attachment":[{"href":"https:\/\/atecordoba.org\/index.php?rest_route=%2Fwp%2Fv2%2Fmedia&parent=11215"}],"wp:term":[{"taxonomy":"category","embeddable":true,"href":"https:\/\/atecordoba.org\/index.php?rest_route=%2Fwp%2Fv2%2Fcategories&post=11215"},{"taxonomy":"post_tag","embeddable":true,"href":"https:\/\/atecordoba.org\/index.php?rest_route=%2Fwp%2Fv2%2Ftags&post=11215"}],"curies":[{"name":"wp","href":"https:\/\/api.w.org\/{rel}","templated":true}]}}