{"id":11204,"date":"2019-06-11T11:17:48","date_gmt":"2019-06-11T14:17:48","guid":{"rendered":"https:\/\/www.atecordoba.org\/?p=11204"},"modified":"2019-06-11T11:17:48","modified_gmt":"2019-06-11T14:17:48","slug":"movilizacion-contra-la-cumbre-global-de-discapacidad-organizada-por-el-macrismo","status":"publish","type":"post","link":"https:\/\/atecordoba.org\/?p=11204","title":{"rendered":"Movilizaci\u00f3n contra la Cumbre Global de Discapacidad organizada por el macrismo"},"content":{"rendered":"\n<p><em>Denuncian estricciones en el \u00e1rea de Salud, tanto en obras sociales como hospitales y exigen restituir las 200.000 pensiones suspendidas.<\/em> <\/p>\n\n\n\n<figure class=\"wp-block-image\"><img decoding=\"async\" src=\"https:\/\/www.atecordoba.org\/wp-content\/uploads\/2019\/06\/discapacidad.jpg\" alt=\"\" class=\"wp-image-11206\"\/><figcaption>Carlos Ferreres<\/figcaption><\/figure>\n\n\n\n<p>Un colectivo de organizaciones sociales, conjuntamente con la Secretar\u00eda de Discapacidad de la CTA-A y del departamento de Discapacidad de ATE Nacional, que conduce el compa\u00f1ero Carlos Ferreres, movilizaron, el pasado viernes, hasta el complejo de Tecn\u00f3polis, donde repudiaron la II Cumbre Global de Discapacidad, que estuvo organizada por el gobierno Nacional, y encabezado por la vicepresidente, Gabriela Michetti.<\/p>\n\n\n\n<p>Ferreres, explic\u00f3 que el sentido de esta marcha \u201cfue poner en alerta los brutales recortes que ha habido en Discapacidad durante el gobierno de Macri\u201d. En ese sentido calific\u00f3 como \u201cun despliegue falaz la realizaci\u00f3n de esta cumbre cuando es permanente la quita de derechos para las personas discapacitadas\u201d.<\/p>\n\n\n\n<p>Ferreres enuncia en este marco las m\u00e1s de 200.000 pensiones por discapacidad que est\u00e1n suspendidas por el gobierno \u201ca\u00fan cuando hay sentencias judiciales que se manifiestan a favor de la restituci\u00f3n de las pensiones\u201d. &nbsp;<\/p>\n\n\n\n<p>Pero el recuenta que enuncia es m\u00e1s amplio: \u201cel llamado d\u00e9ficit fiscal cero ha colmado de ajuste el \u00e1rea: se han eliminado \u00e1reas de discapacidad ministeriales o reducido a su m\u00ednima expresi\u00f3n, y el ejemplo de ello es lo que sucede en el Ministerio de Trabajo\u201d, dijo Ferreres, antes de continuar: \u201cvemos enormes restricciones en el \u00e1rea de Salud, tanto en obras sociales como hospitales\u201d, y el ejemplo que pone es la propia obra\u00a0 social estatal, PAMI donde, acot\u00f3 \u201cse ha restringido o se niegan prestaciones relacionadas con la rehabilitaci\u00f3n y tratamientos\u201d.<\/p>\n\n\n\n<figure class=\"wp-block-image\"><img decoding=\"async\" src=\"https:\/\/www.atecordoba.org\/wp-content\/uploads\/2019\/06\/escrache-discapacidad.jpg\" alt=\"\" class=\"wp-image-11205\"\/><\/figure>\n\n\n\n<p>Para el dirigente del \u00e1rea de Discapacidad \u201cesto conlleva a poner en grave riesgo la Salud de las personas discapacitadas\u201d porque a este recorte debe sumarse \u201cel recorte en transporte y actividades sociales que se ven\u00edan realizado\u201d o como sostuvo \u201cen el \u00e1rea educativa que sigue sin ser accesible para personas que quieren desarrollarse tanto en el nivel primerio como el secundario\u201d. &nbsp;<\/p>\n\n\n\n<p>Ferreres apunt\u00f3 que este tipo de encuentros \u201ccarece de respuestas concretas si el \u00fanico camino que expresa el gobierno es el de recortes y ajustes\u201d. \u201cNo hay programas de participaci\u00f3n y capacitaci\u00f3n, han eliminado la Comisi\u00f3n Nacional de Pensiones y tienen encajonada m\u00e1s de 200.000 pensiones, esto da la pauta de que este gobierno se desentiende de nuestras necesidades y la cumbre resulta nada m\u00e1s que un lavado de cara\u201d, finaliz\u00f3 cuestionando el dirigente. &nbsp;<\/p>\n","protected":false},"excerpt":{"rendered":"<p>Denuncian estricciones en el \u00e1rea de Salud, tanto en obras sociales como hospitales y exigen restituir las 200.000 pensiones suspendidas. Un colectivo de organizaciones sociales, conjuntamente con la Secretar\u00eda de Discapacidad de la CTA-A y del departamento de Discapacidad de ATE Nacional, que conduce el compa\u00f1ero Carlos Ferreres, movilizaron, el pasado viernes, hasta el complejo [&hellip;]<\/p>\n","protected":false},"author":1,"featured_media":19220,"comment_status":"open","ping_status":"open","sticky":false,"template":"","format":"standard","meta":{"_exactmetrics_skip_tracking":false,"_exactmetrics_sitenote_active":false,"_exactmetrics_sitenote_note":"","_exactmetrics_sitenote_category":0,"jnews-multi-image_gallery":[],"jnews_single_post":[],"jnews_primary_category":[],"jnews_social_meta":[],"jnews_review":[],"enable_review":"","type":"","name":"","summary":"","brand":"","sku":"","good":[],"bad":[],"score_override":"","override_value":"","rating":[],"price":[],"jnews_override_counter":[],"jnews_post_split":[],"footnotes":""},"categories":[1],"tags":[],"class_list":["post-11204","post","type-post","status-publish","format-standard","has-post-thumbnail","hentry","category-sin-categoria"],"jetpack_featured_media_url":"https:\/\/atecordoba.org\/wp-content\/uploads\/2020\/05\/logo-nuevochico-e1561581322808.png","_links":{"self":[{"href":"https:\/\/atecordoba.org\/index.php?rest_route=\/wp\/v2\/posts\/11204","targetHints":{"allow":["GET"]}}],"collection":[{"href":"https:\/\/atecordoba.org\/index.php?rest_route=\/wp\/v2\/posts"}],"about":[{"href":"https:\/\/atecordoba.org\/index.php?rest_route=\/wp\/v2\/types\/post"}],"author":[{"embeddable":true,"href":"https:\/\/atecordoba.org\/index.php?rest_route=\/wp\/v2\/users\/1"}],"replies":[{"embeddable":true,"href":"https:\/\/atecordoba.org\/index.php?rest_route=%2Fwp%2Fv2%2Fcomments&post=11204"}],"version-history":[{"count":0,"href":"https:\/\/atecordoba.org\/index.php?rest_route=\/wp\/v2\/posts\/11204\/revisions"}],"wp:featuredmedia":[{"embeddable":true,"href":"https:\/\/atecordoba.org\/index.php?rest_route=\/wp\/v2\/media\/19220"}],"wp:attachment":[{"href":"https:\/\/atecordoba.org\/index.php?rest_route=%2Fwp%2Fv2%2Fmedia&parent=11204"}],"wp:term":[{"taxonomy":"category","embeddable":true,"href":"https:\/\/atecordoba.org\/index.php?rest_route=%2Fwp%2Fv2%2Fcategories&post=11204"},{"taxonomy":"post_tag","embeddable":true,"href":"https:\/\/atecordoba.org\/index.php?rest_route=%2Fwp%2Fv2%2Ftags&post=11204"}],"curies":[{"name":"wp","href":"https:\/\/api.w.org\/{rel}","templated":true}]}}