{"id":11195,"date":"2019-06-11T11:06:10","date_gmt":"2019-06-11T14:06:10","guid":{"rendered":"https:\/\/www.atecordoba.org\/?p=11195"},"modified":"2019-06-11T11:06:10","modified_gmt":"2019-06-11T14:06:10","slug":"ate-reafirmo-la-reivindicacion-de-los-derechos-sobre-malvinas","status":"publish","type":"post","link":"https:\/\/atecordoba.org\/?p=11195","title":{"rendered":"ATE reafirm\u00f3 la reivindicaci\u00f3n de los derechos sobre Malvinas"},"content":{"rendered":"\n<p><em>En el D\u00eda de la Reafirmaci\u00f3n Sobre los Derechos en Malvinas, se realizaron una serie de charlas en el auditorio Eva Per\u00f3n de ATE. <\/em><\/p>\n\n\n\n<ul class=\"wp-block-gallery columns-3 is-cropped wp-block-gallery-1 is-layout-flex wp-block-gallery-is-layout-flex\"><li class=\"blocks-gallery-item\"><figure><img decoding=\"async\" src=\"https:\/\/www.atecordoba.org\/wp-content\/uploads\/2019\/06\/442c1ddfb51e563b534a538a7eed9d63_m.jpg\" alt=\"\" data-id=\"11196\" data-link=\"https:\/\/www.atecordoba.org\/?attachment_id=11196\" class=\"wp-image-11196\"\/><\/figure><\/li><li class=\"blocks-gallery-item\"><figure><img decoding=\"async\" src=\"https:\/\/www.atecordoba.org\/wp-content\/uploads\/2019\/06\/15145_11412.jpg\" alt=\"\" data-id=\"11197\" data-link=\"https:\/\/www.atecordoba.org\/?attachment_id=11197\" class=\"wp-image-11197\"\/><\/figure><\/li><li class=\"blocks-gallery-item\"><figure><img decoding=\"async\" src=\"https:\/\/www.atecordoba.org\/wp-content\/uploads\/2019\/06\/15145_11413.jpg\" alt=\"\" data-id=\"11198\" data-link=\"https:\/\/www.atecordoba.org\/?attachment_id=11198\" class=\"wp-image-11198\"\/><\/figure><\/li><li class=\"blocks-gallery-item\"><figure><img decoding=\"async\" src=\"https:\/\/www.atecordoba.org\/wp-content\/uploads\/2019\/06\/15145_11414.jpg\" alt=\"\" data-id=\"11199\" data-link=\"https:\/\/www.atecordoba.org\/?attachment_id=11199\" class=\"wp-image-11199\"\/><\/figure><\/li><li class=\"blocks-gallery-item\"><figure><img decoding=\"async\" src=\"https:\/\/www.atecordoba.org\/wp-content\/uploads\/2019\/06\/15145_11418.jpg\" alt=\"\" data-id=\"11200\" data-link=\"https:\/\/www.atecordoba.org\/?attachment_id=11200\" class=\"wp-image-11200\"\/><\/figure><\/li><li class=\"blocks-gallery-item\"><figure><img decoding=\"async\" src=\"https:\/\/www.atecordoba.org\/wp-content\/uploads\/2019\/06\/15145_11419.jpg\" alt=\"\" data-id=\"11201\" data-link=\"https:\/\/www.atecordoba.org\/?attachment_id=11201\" class=\"wp-image-11201\"\/><\/figure><\/li><\/ul>\n\n\n\n<p>La Asociaci\u00f3n Trabajadores del Estado (ATE) llev\u00f3 a cabo una serie de charlas en el D\u00eda de la Reafirmaci\u00f3n sobre los derechos en Malvinas. La apertura estuvo a cargo del Secretario General de ATE, &nbsp;<strong>Hugo &#8220;Cachorro&#8221; Godoy&nbsp;<\/strong>quien manifest\u00f3: &#8220;Gracias por acompa\u00f1arnos en este d\u00eda donde en todo el pa\u00eds conmemoramos los derechos de nuestro pueblo y nuestra naci\u00f3n. Ratificamos nuestros derechos sobre las Islas Malvinas, que para nosotros tiene m\u00faltiples razones&#8221;.<\/p>\n\n\n\n<p>Y agreg\u00f3: &#8221; La soberan\u00eda tiene que ver con los intereses cotidianos que como hombres y mujeres nacidos en nuestra tierra sostenemos y llevamos adelante. Conmemorar el hecho de Malvinas es una reivindicaci\u00f3n permanente pero en esta coyuntura mucho m\u00e1s.&nbsp; Lo sufrimos en fabricaciones militares, en las \u00e1reas cient\u00edficas, en las universidades. Para nosotros es vital inscribir nuestra pelea cotidiana en defensa de los trabajadores y trabajadoras en un marco m\u00e1s amplio. Conocer, definir y ser parte para poder pensar estrategias de defensa donde seamos capaces de construir un para qu\u00e9 com\u00fan&#8221;.<\/p>\n\n\n\n<p>Luego de la apertura,&nbsp;<strong>Juan Carlos Luj\u00e1n,<\/strong>&nbsp;Suboficial Mayor de la Fuerza A\u00e9rea Argentina y Presidente de la Fundaci\u00f3n Marambio, cont\u00f3 la experiencia de la construcci\u00f3n de la primera pista a\u00e9rea de tierra en la Base Marambio en1969.<\/p>\n\n\n\n<p>A continuaci\u00f3n,&nbsp;<strong>Gustavo Lahoud<\/strong>,&nbsp;del Instituto de Pensamiento y Pol\u00edticas P\u00fablicas (IPYPP) se\u00f1al\u00f3: \u201cHay una falta de planificaci\u00f3n que no permite instalar el debate sobre un plan de emergencia sobre distintos organismos del Estado. El Gobierno no tiene inter\u00e9s en debatir y se sigue apropiando de desarrollos del Estado. La precarizaci\u00f3n y vaciamiento contin\u00faa ante nuestros ojos. Qu\u00e9 tipo de esquema de disuasi\u00f3n en materia de defensa nacional necesitar\u00edamos construir en nuestro territorio para ver resguardados nuestros intereses vitales en el&nbsp; presente y futuro\u201d.<\/p>\n\n\n\n<p><strong>Eduardo Ganeau,<\/strong>&nbsp;comodoro retirado de la Marina, particip\u00f3 en Malvinas en el portaviones 25 de mayo. Al inicio de su exposici\u00f3n &nbsp;realiz\u00f3 un diagn\u00f3stico sobre qu\u00e9 pasa con la defensa cuando tenemos usurpaci\u00f3n territorial. &nbsp;As\u00ed, indic\u00f3 que nuestro pa\u00eds destina el 0,8% de su producto bruto a Defensa. En suram\u00e9rica el promedio es 1,6, o sea, el doble, y en el del mundo es el 2,4, exactamente el triple. &nbsp;Adem\u00e1s, se\u00f1al\u00f3 que lo que efectivamente se asigna a construir poder militar es la mitad.<\/p>\n\n\n\n<p>&#8220;Eso explica por qu\u00e9 no se terminan los buques, por qu\u00e9 varan, por qu\u00e9 se hunde el submarino San Juan, o sea, porque estamos como estamos&#8221;, se\u00f1al\u00f3.&nbsp; Y a\u00f1adi\u00f3 que Argentina s\u00f3lo controla, y tiene soberan\u00eda, sobre el 39% de su jurisdicci\u00f3n (continental, insular, ant\u00e1rtica, terrestres y mar\u00edtimas), mientras que un 25% est\u00e1 usurpado por Reino Unido y un 36% es Ant\u00e1rtida. Ante este panorama nacional, concluy\u00f3: &#8220;Tenemos problemas tan graves que, o nos unimos, o vamos a la secesi\u00f3n. Somos una oportunidad para cualquier fuerza internacional que quiera dividirnos de manera definitiva&#8221;.<\/p>\n\n\n\n<p>El cierre de las exposiciones estuvo a cargo de<strong>&nbsp;Hugo Robert<\/strong>, presidente del Centro de Ex Combatientes Islas Malvinas La Plata quien manifest\u00f3: \u201cEs necesario empezar a entender que nuestro territorio no termina en la primera rompiente y vincular la defensa de la soberan\u00eda y la Guerra de Malvinas. Es importante el compromiso en entender todo lo que nos est\u00e1 faltando. Los kil\u00f3metros que nos vienen robando los brit\u00e1nicos\u201d.<\/p>\n\n\n\n<p>Por \u00faltimo se entreg\u00f3 una medalla a la militancia a los hijos de Oscar Rey quien fuera Secretario General&nbsp; de la seccional Ver\u00f3nica durante la \u00faltima Dictadura C\u00edvico Militar.<\/p>\n\n\n\n<p>En el final de la actividad, ex combatientes entregaron al sindicato una placa de reconocimiento en apoyo a la causa de Malvinas.<\/p>\n\n\n\n<p>Durante la jornada estuvieron presentes adem\u00e1s Orestes Galeano, titular del ISSTATE, Silvia Le\u00f3n, Secretaria de Organizaci\u00f3n y Mercedes Cabezas, Secretaria de comunicaci\u00f3n bonaerense.<\/p>\n","protected":false},"excerpt":{"rendered":"<p>En el D\u00eda de la Reafirmaci\u00f3n Sobre los Derechos en Malvinas, se realizaron una serie de charlas en el auditorio Eva Per\u00f3n de ATE. La Asociaci\u00f3n Trabajadores del Estado (ATE) llev\u00f3 a cabo una serie de charlas en el D\u00eda de la Reafirmaci\u00f3n sobre los derechos en Malvinas. La apertura estuvo a cargo del Secretario [&hellip;]<\/p>\n","protected":false},"author":1,"featured_media":19220,"comment_status":"open","ping_status":"open","sticky":false,"template":"","format":"standard","meta":{"_exactmetrics_skip_tracking":false,"_exactmetrics_sitenote_active":false,"_exactmetrics_sitenote_note":"","_exactmetrics_sitenote_category":0,"jnews-multi-image_gallery":[],"jnews_single_post":[],"jnews_primary_category":[],"jnews_social_meta":[],"jnews_review":[],"enable_review":"","type":"","name":"","summary":"","brand":"","sku":"","good":[],"bad":[],"score_override":"","override_value":"","rating":[],"price":[],"jnews_override_counter":[],"jnews_post_split":[],"footnotes":""},"categories":[1],"tags":[],"class_list":["post-11195","post","type-post","status-publish","format-standard","has-post-thumbnail","hentry","category-sin-categoria"],"jetpack_featured_media_url":"https:\/\/atecordoba.org\/wp-content\/uploads\/2020\/05\/logo-nuevochico-e1561581322808.png","_links":{"self":[{"href":"https:\/\/atecordoba.org\/index.php?rest_route=\/wp\/v2\/posts\/11195","targetHints":{"allow":["GET"]}}],"collection":[{"href":"https:\/\/atecordoba.org\/index.php?rest_route=\/wp\/v2\/posts"}],"about":[{"href":"https:\/\/atecordoba.org\/index.php?rest_route=\/wp\/v2\/types\/post"}],"author":[{"embeddable":true,"href":"https:\/\/atecordoba.org\/index.php?rest_route=\/wp\/v2\/users\/1"}],"replies":[{"embeddable":true,"href":"https:\/\/atecordoba.org\/index.php?rest_route=%2Fwp%2Fv2%2Fcomments&post=11195"}],"version-history":[{"count":0,"href":"https:\/\/atecordoba.org\/index.php?rest_route=\/wp\/v2\/posts\/11195\/revisions"}],"wp:featuredmedia":[{"embeddable":true,"href":"https:\/\/atecordoba.org\/index.php?rest_route=\/wp\/v2\/media\/19220"}],"wp:attachment":[{"href":"https:\/\/atecordoba.org\/index.php?rest_route=%2Fwp%2Fv2%2Fmedia&parent=11195"}],"wp:term":[{"taxonomy":"category","embeddable":true,"href":"https:\/\/atecordoba.org\/index.php?rest_route=%2Fwp%2Fv2%2Fcategories&post=11195"},{"taxonomy":"post_tag","embeddable":true,"href":"https:\/\/atecordoba.org\/index.php?rest_route=%2Fwp%2Fv2%2Ftags&post=11195"}],"curies":[{"name":"wp","href":"https:\/\/api.w.org\/{rel}","templated":true}]}}